{"id":42783,"date":"2024-06-03T16:30:27","date_gmt":"2024-06-03T19:30:27","guid":{"rendered":"https:\/\/radiorevelacionfm.cl\/?p=42783"},"modified":"2024-06-03T16:30:27","modified_gmt":"2024-06-03T19:30:27","slug":"trece-habitantes-de-la-comuna-de-palena-aprobaron-diploma-de-guias-de-cabalgata-dictado-por-el-campus-patagonia-de-la-uach","status":"publish","type":"post","link":"https:\/\/radiorevelacionfm.cl\/?p=42783","title":{"rendered":"Trece habitantes de la comuna de Palena aprobaron Diploma de Gu\u00edas de Cabalgata dictado por el Campus Patagonia de la UACh"},"content":{"rendered":"<div class=\"flex_column av_one_full  flex_column_div av-zero-column-padding first  avia-builder-el-0  el_before_av_one_full  avia-builder-el-first  \" style='border-radius:0px; '><div  class='avia-image-container  av-styling-    avia-builder-el-1  avia-builder-el-no-sibling  avia-align-center '  itemprop=\"image\" itemscope=\"itemscope\" itemtype=\"https:\/\/schema.org\/ImageObject\"  ><div class='avia-image-container-inner'><div class='avia-image-overlay-wrap'><img decoding=\"async\" class='wp-image-42784 avia-img-lazy-loading-not-42784 avia_image' src=\"https:\/\/radiorevelacionfm.cl\/wp-content\/uploads\/2024\/06\/Diploma-Palena-terreno1-1-1.jpeg\" alt='' title='Diploma Palena - terreno1 (1) (1)' height=\"605\" width=\"804\"  itemprop=\"thumbnailUrl\" srcset=\"https:\/\/radiorevelacionfm.cl\/wp-content\/uploads\/2024\/06\/Diploma-Palena-terreno1-1-1.jpeg 804w, https:\/\/radiorevelacionfm.cl\/wp-content\/uploads\/2024\/06\/Diploma-Palena-terreno1-1-1-300x226.jpeg 300w, https:\/\/radiorevelacionfm.cl\/wp-content\/uploads\/2024\/06\/Diploma-Palena-terreno1-1-1-768x578.jpeg 768w, https:\/\/radiorevelacionfm.cl\/wp-content\/uploads\/2024\/06\/Diploma-Palena-terreno1-1-1-705x531.jpeg 705w, https:\/\/radiorevelacionfm.cl\/wp-content\/uploads\/2024\/06\/Diploma-Palena-terreno1-1-1-450x339.jpeg 450w, https:\/\/radiorevelacionfm.cl\/wp-content\/uploads\/2024\/06\/Diploma-Palena-terreno1-1-1-600x451.jpeg 600w\" sizes=\"(max-width: 804px) 100vw, 804px\" \/><\/div><\/div><\/div><\/div><div class=\"flex_column av_one_full  flex_column_div av-zero-column-padding first  avia-builder-el-2  el_after_av_one_full  el_before_av_one_full  column-top-margin\" style='border-radius:0px; '><section class=\"av_textblock_section \"  itemscope=\"itemscope\" itemtype=\"https:\/\/schema.org\/BlogPosting\" itemprop=\"blogPost\" ><div class='avia_textblock  '   itemprop=\"text\" ><p style=\"text-align: center;\"><strong><span style=\"font-size: 18pt;\">Trece habitantes de la comuna de Palena aprobaron Diploma de Gu\u00edas de Cabalgata dictado por el Campus Patagonia de la UACh<\/span><\/strong><\/p>\n<div id=\"gtx-trans\" style=\"position: absolute; left: -50px; top: 4.31534px;\">\n<div class=\"gtx-trans-icon\"><\/div>\n<\/div>\n<\/div><\/section><\/div><div class=\"flex_column av_one_full  flex_column_div av-zero-column-padding first  avia-builder-el-4  el_after_av_one_full  el_before_av_hr  column-top-margin\" style='border-radius:0px; '><section class=\"av_textblock_section \"  itemscope=\"itemscope\" itemtype=\"https:\/\/schema.org\/BlogPosting\" itemprop=\"blogPost\" ><div class='avia_textblock  '   itemprop=\"text\" ><p style=\"text-align: justify;\">Con una ceremonia realizada en la ciudad de Palena, se certific\u00f3 a los participantes del Diploma \u201cFormaci\u00f3n de Gu\u00edas de Cabalgata en Servicios Tur\u00edsticos y Log\u00edstica\u201d organizado por la Universidad Austral de Chile en dicha localidad, cuyo objetivo fue brindar una \u00f3ptima preparaci\u00f3n a quienes se interesen en desarrollar actividades tur\u00edsticas vinculadas al trabajo en terreno con equinos, incorporando un elevado sistema de gesti\u00f3n de calidad, seguridad y cuidado del medio ambiente.<\/p>\n<p style=\"text-align: justify;\">El programa fue ejecutado por la Unidad de Educaci\u00f3n Continua y la carrera T\u00e9cnico Universitario en Turismo de Naturaleza del Campus Patagonia, en alianza con la Municipalidad de Palena, el Programa Transferencia de Turismo Rural en regi\u00f3n de Los Lagos y desarrollado por Codesser, gracias al financiamiento del Gobierno Regional de Los Lagos.<\/p>\n<p style=\"text-align: justify;\">Al finalizar la ceremonia, los y las participantes se mostraron muy satisfechos con esta capacitaci\u00f3n y destacaron la posibilidad de desarrollarla en la comuna de Palena, a pesar de su gran distancia de los principales centros poblados de la regi\u00f3n, ya que fue una gran contribuci\u00f3n a la profesionalizaci\u00f3n de las actividades tur\u00edsticas en la zona, mejorando los est\u00e1ndares de calidad en el servicio ofrecido a los visitantes.<\/p>\n<p style=\"text-align: justify;\">La capacitaci\u00f3n ofreci\u00f3 a los participantes una experiencia innovadora que les permiti\u00f3 incorporar una amplia gama de conocimientos especializados, ya que los m\u00f3dulos incluyeron una serie tem\u00e1ticas y actividades pr\u00e1cticas poco frecuentes para este tipo de diplomas, tales como herraje y cuidado de los caballos, desarrollo de excursiones tur\u00edsticas, gesti\u00f3n, protecci\u00f3n del medio ambiente y primeros auxilios.<\/p>\n<p style=\"text-align: justify;\">Al culminar este diploma, el Director del Campus Patagonia, Prof. Mario Brito, se\u00f1al\u00f3 que \u00abpara el Campus Patagonia haber desarrollado este diploma de car\u00e1cter pr\u00e1ctico con operadores tur\u00edsticos de cabalgatas de la comuna de Palena y localidades cercanas, no s\u00f3lo da cuenta del resultado exitoso de un proceso de aprendizaje situado y de alta calidad y pertinencia, sino que expresa adem\u00e1s la genuina misi\u00f3n social de nuestra universidad, comprometida con el desarrollo integral del sur austral por medio de un trabajo integrado con las personas y una red de instituciones\u00bb.<\/p>\n<p style=\"text-align: justify;\">Por su parte, el encargado de la Unidad de educaci\u00f3n Continua del Campus Patagonia, V\u00edctor Iduarte explic\u00f3 que el trabajo en Palena result\u00f3 muy satisfactorio en cuanto al desarrollo acad\u00e9mico del diploma. \u201cLogramos 13 personas certificadas para este diploma y se aprovech\u00f3 la ocasi\u00f3n para firmar un protocolo de cooperaci\u00f3n con la Municipalidad de Palena, lo que nos permite, no solamente generar un v\u00ednculo para este tipo de capacitaciones, sino que para todas las que se puedan generar en el futuro, en las que ya estamos trabajando\u201d.<\/p>\n<p style=\"text-align: justify;\">Adem\u00e1s de la entrega de contenidos de parte de los docentes, se destac\u00f3 la posibilidad de contribuir al rescate de las tradiciones locales, ya que la diversidad de participantes en esta instancia de aprendizaje, permiti\u00f3 generar un intercambio cultural que le agrega un valor adicional al desarrollo del diploma, convirti\u00e9ndolo en una oportunidad para la recuperaci\u00f3n de oficios y costumbres arraigadas en el territorio.<\/p>\n<p style=\"text-align: justify;\">Luego del \u00e9xito e inter\u00e9s suscitado por este diploma, el Campus Patagonia espera replicarlo pr\u00f3ximamente en otras localidades de la regi\u00f3n de Ays\u00e9n.<\/p>\n<\/div><\/section><\/div><div  style='height:50px' class='hr hr-invisible   avia-builder-el-6  el_after_av_one_full  el_before_av_social_share '><span class='hr-inner ' ><span class='hr-inner-style'><\/span><\/span><\/div><\/p>\n<div  class='av-social-sharing-box  avia-builder-el-7  el_after_av_hr  el_before_av_hr  '><div class='av-share-box'><h5 class='av-share-link-description av-no-toc '>Compartir esta noticia<\/h5><ul class='av-share-box-list noLightbox'><li class='av-share-link av-social-link-facebook' ><a target=\"_blank\" aria-label=\"Compartir en Facebook\" href='https:\/\/www.facebook.com\/sharer.php?u=https:\/\/radiorevelacionfm.cl\/?p=42783&#038;t=Trece%20habitantes%20de%20la%20comuna%20de%20Palena%20aprobaron%20Diploma%20de%20Gu%C3%ADas%20de%20Cabalgata%20dictado%20por%20el%20Campus%20Patagonia%20de%20la%20UACh' aria-hidden='false' data-av_icon='\ue8f3' data-av_iconfont='entypo-fontello' title='' data-avia-related-tooltip='Compartir en Facebook' rel=\"noopener\"><span class='avia_hidden_link_text'>Compartir en Facebook<\/span><\/a><\/li><li class='av-share-link av-social-link-twitter' ><a target=\"_blank\" aria-label=\"Compartir en Twitter\" href='https:\/\/twitter.com\/share?text=Trece%20habitantes%20de%20la%20comuna%20de%20Palena%20aprobaron%20Diploma%20de%20Gu%C3%ADas%20de%20Cabalgata%20dictado%20por%20el%20Campus%20Patagonia%20de%20la%20UACh&#038;url=https:\/\/radiorevelacionfm.cl\/?p=42783' aria-hidden='false' data-av_icon='\ue8f1' data-av_iconfont='entypo-fontello' title='' data-avia-related-tooltip='Compartir en Twitter' rel=\"noopener\"><span class='avia_hidden_link_text'>Compartir en Twitter<\/span><\/a><\/li><li class='av-share-link av-social-link-whatsapp' ><a target=\"_blank\" aria-label=\"Compartir en Whatsapp\" href='https:\/\/api.whatsapp.com\/send?text=https:\/\/radiorevelacionfm.cl\/?p=42783' aria-hidden='false' data-av_icon='\uf232' data-av_iconfont='entypo-fontello' title='' data-avia-related-tooltip='Compartir en Whatsapp' rel=\"noopener\"><span class='avia_hidden_link_text'>Compartir en Whatsapp<\/span><\/a><\/li><li class='av-share-link av-social-link-linkedin' ><a target=\"_blank\" aria-label=\"Compartir en LinkedIn\" href='https:\/\/linkedin.com\/shareArticle?mini=true&#038;title=Trece%20habitantes%20de%20la%20comuna%20de%20Palena%20aprobaron%20Diploma%20de%20Gu%C3%ADas%20de%20Cabalgata%20dictado%20por%20el%20Campus%20Patagonia%20de%20la%20UACh&#038;url=https:\/\/radiorevelacionfm.cl\/?p=42783' aria-hidden='false' data-av_icon='\ue8fc' data-av_iconfont='entypo-fontello' title='' data-avia-related-tooltip='Compartir en LinkedIn' rel=\"noopener\"><span class='avia_hidden_link_text'>Compartir en LinkedIn<\/span><\/a><\/li><li class='av-share-link av-social-link-mail' ><a  aria-label=\"Compartir por correo\" href='mailto:?subject=Trece%20habitantes%20de%20la%20comuna%20de%20Palena%20aprobaron%20Diploma%20de%20Gu%C3%ADas%20de%20Cabalgata%20dictado%20por%20el%20Campus%20Patagonia%20de%20la%20UACh&#038;body=https:\/\/radiorevelacionfm.cl\/?p=42783' aria-hidden='false' data-av_icon='\ue805' data-av_iconfont='entypo-fontello' title='' data-avia-related-tooltip='Compartir por correo'><span class='avia_hidden_link_text'>Compartir por correo<\/span><\/a><\/li><\/ul><\/div><\/div>\n<div  style='height:50px' class='hr hr-invisible   avia-builder-el-8  el_after_av_social_share  el_before_av_comments_list '><span class='hr-inner ' ><span class='hr-inner-style'><\/span><\/span><\/div>\n<div  class='av-buildercomment  av-blog-meta-html-info-disabled av-blog-meta-tag-disabled  '><\/div>\n","protected":false},"excerpt":{"rendered":"","protected":false},"author":1,"featured_media":42784,"comment_status":"open","ping_status":"open","sticky":false,"template":"","format":"standard","meta":{"footnotes":""},"categories":[38],"tags":[],"class_list":["post-42783","post","type-post","status-publish","format-standard","has-post-thumbnail","hentry","category-regional"],"jetpack_featured_media_url":"https:\/\/radiorevelacionfm.cl\/wp-content\/uploads\/2024\/06\/Diploma-Palena-terreno1-1-1.jpeg","_links":{"self":[{"href":"https:\/\/radiorevelacionfm.cl\/index.php?rest_route=\/wp\/v2\/posts\/42783","targetHints":{"allow":["GET"]}}],"collection":[{"href":"https:\/\/radiorevelacionfm.cl\/index.php?rest_route=\/wp\/v2\/posts"}],"about":[{"href":"https:\/\/radiorevelacionfm.cl\/index.php?rest_route=\/wp\/v2\/types\/post"}],"author":[{"embeddable":true,"href":"https:\/\/radiorevelacionfm.cl\/index.php?rest_route=\/wp\/v2\/users\/1"}],"replies":[{"embeddable":true,"href":"https:\/\/radiorevelacionfm.cl\/index.php?rest_route=%2Fwp%2Fv2%2Fcomments&post=42783"}],"version-history":[{"count":1,"href":"https:\/\/radiorevelacionfm.cl\/index.php?rest_route=\/wp\/v2\/posts\/42783\/revisions"}],"predecessor-version":[{"id":42785,"href":"https:\/\/radiorevelacionfm.cl\/index.php?rest_route=\/wp\/v2\/posts\/42783\/revisions\/42785"}],"wp:featuredmedia":[{"embeddable":true,"href":"https:\/\/radiorevelacionfm.cl\/index.php?rest_route=\/wp\/v2\/media\/42784"}],"wp:attachment":[{"href":"https:\/\/radiorevelacionfm.cl\/index.php?rest_route=%2Fwp%2Fv2%2Fmedia&parent=42783"}],"wp:term":[{"taxonomy":"category","embeddable":true,"href":"https:\/\/radiorevelacionfm.cl\/index.php?rest_route=%2Fwp%2Fv2%2Fcategories&post=42783"},{"taxonomy":"post_tag","embeddable":true,"href":"https:\/\/radiorevelacionfm.cl\/index.php?rest_route=%2Fwp%2Fv2%2Ftags&post=42783"}],"curies":[{"name":"wp","href":"https:\/\/api.w.org\/{rel}","templated":true}]}}