{"id":42780,"date":"2024-06-03T17:56:40","date_gmt":"2024-06-03T20:56:40","guid":{"rendered":"https:\/\/radiorevelacionfm.cl\/?p=42780"},"modified":"2024-06-03T17:56:40","modified_gmt":"2024-06-03T20:56:40","slug":"gobernadora-andrea-macias-tras-cuenta-publica-hoy-la-respuesta-a-la-ciudadania-esta-llegando-de-mejor-manera","status":"publish","type":"post","link":"https:\/\/radiorevelacionfm.cl\/?p=42780","title":{"rendered":"Gobernadora Andrea Mac\u00edas tras Cuenta P\u00fablica: \u00abHoy la respuesta a la ciudadan\u00eda est\u00e1 llegando de mejor manera\u00bb"},"content":{"rendered":"<div class=\"flex_column av_one_full  flex_column_div av-zero-column-padding first  avia-builder-el-0  el_before_av_one_full  avia-builder-el-first  \" style='border-radius:0px; '><div  class='avia-image-container  av-styling-    avia-builder-el-1  avia-builder-el-no-sibling  avia-align-center '  itemprop=\"image\" itemscope=\"itemscope\" itemtype=\"https:\/\/schema.org\/ImageObject\"  ><div class='avia-image-container-inner'><div class='avia-image-overlay-wrap'><img decoding=\"async\" class='wp-image-42781 avia-img-lazy-loading-not-42781 avia_image' src=\"https:\/\/radiorevelacionfm.cl\/wp-content\/uploads\/2024\/06\/whatsapp-image-2024-05-30-at-5_optimized.47.42-pm-1.jpeg\" alt='' title='whatsapp-image-2024-05-30-at-5_optimized.47.42-pm-(1)' height=\"600\" width=\"1069\"  itemprop=\"thumbnailUrl\" srcset=\"https:\/\/radiorevelacionfm.cl\/wp-content\/uploads\/2024\/06\/whatsapp-image-2024-05-30-at-5_optimized.47.42-pm-1.jpeg 1069w, https:\/\/radiorevelacionfm.cl\/wp-content\/uploads\/2024\/06\/whatsapp-image-2024-05-30-at-5_optimized.47.42-pm-1-300x168.jpeg 300w, https:\/\/radiorevelacionfm.cl\/wp-content\/uploads\/2024\/06\/whatsapp-image-2024-05-30-at-5_optimized.47.42-pm-1-1030x578.jpeg 1030w, https:\/\/radiorevelacionfm.cl\/wp-content\/uploads\/2024\/06\/whatsapp-image-2024-05-30-at-5_optimized.47.42-pm-1-768x431.jpeg 768w, https:\/\/radiorevelacionfm.cl\/wp-content\/uploads\/2024\/06\/whatsapp-image-2024-05-30-at-5_optimized.47.42-pm-1-705x396.jpeg 705w, https:\/\/radiorevelacionfm.cl\/wp-content\/uploads\/2024\/06\/whatsapp-image-2024-05-30-at-5_optimized.47.42-pm-1-450x253.jpeg 450w, https:\/\/radiorevelacionfm.cl\/wp-content\/uploads\/2024\/06\/whatsapp-image-2024-05-30-at-5_optimized.47.42-pm-1-600x337.jpeg 600w\" sizes=\"(max-width: 1069px) 100vw, 1069px\" \/><\/div><\/div><\/div><\/div><div class=\"flex_column av_one_full  flex_column_div av-zero-column-padding first  avia-builder-el-2  el_after_av_one_full  el_before_av_one_full  column-top-margin\" style='border-radius:0px; '><section class=\"av_textblock_section \"  itemscope=\"itemscope\" itemtype=\"https:\/\/schema.org\/BlogPosting\" itemprop=\"blogPost\" ><div class='avia_textblock  '   itemprop=\"text\" ><p style=\"text-align: center;\"><strong><span style=\"font-size: 18pt;\">Gobernadora Andrea Mac\u00edas tras Cuenta P\u00fablica: \u00abHoy la respuesta a la ciudadan\u00eda est\u00e1 llegando de mejor manera\u00bb<\/span><\/strong><\/p>\n<div id=\"gtx-trans\" style=\"position: absolute; left: -50px; top: 4.31534px;\">\n<div class=\"gtx-trans-icon\"><\/div>\n<\/div>\n<\/div><\/section><\/div><div class=\"flex_column av_one_full  flex_column_div av-zero-column-padding first  avia-builder-el-4  el_after_av_one_full  el_before_av_hr  column-top-margin\" style='border-radius:0px; '><section class=\"av_textblock_section \"  itemscope=\"itemscope\" itemtype=\"https:\/\/schema.org\/BlogPosting\" itemprop=\"blogPost\" ><div class='avia_textblock  '   itemprop=\"text\" ><p style=\"text-align: justify;\"><em>La primera autoridad regional volvi\u00f3 a subrayar el enfoque territorial de su gesti\u00f3n, enfatizando el sello de desarrollo humano y autonom\u00eda territorial y el trabajo mancomunado con los municipios para atender las demandas de los vecinos y vecinas de la Regi\u00f3n de manera m\u00e1s oportuna.<\/em><\/p>\n<p dir=\"ltr\" style=\"text-align: justify;\">Con un hall central lleno en el edificio de Ej\u00e9rcito 405, la Gobernadora Regional de la Regi\u00f3n de Ays\u00e9n, Andrea Mac\u00edas Palma, entreg\u00f3 la Cuenta P\u00fablica correspondiente a la gesti\u00f3n 2023-2024, la tercera y \u00faltima rendici\u00f3n de este per\u00edodo, como la primera jefa del Ejecutivo electa democr\u00e1ticamente del GORE Ays\u00e9n.<\/p>\n<p dir=\"ltr\" style=\"text-align: justify;\">Replicando el viaje por los territorios como en las dos ocasiones anteriores, la primera autoridad regional diseccion\u00f3 las 367 iniciativas en ejecuci\u00f3n con financiamiento o estudio del Gobierno Regional y su Consejo, detallando la inversi\u00f3n por comuna, provincia, a nivel regional y en los distintos \u00e1mbitos de acci\u00f3n del GORE Ays\u00e9n.<\/p>\n<p dir=\"ltr\" style=\"text-align: justify;\">En ese sentido, relev\u00f3 el sentido de su gesti\u00f3n, cercana a los territorios y a los gobiernos locales: \u00abHoy d\u00eda esta administraci\u00f3n est\u00e1 tomando administraciones y definiciones que no van a poder venir a borrarse con cualquier administraci\u00f3n. El incremento de recursos, el poder establecer programas de fomento el que los propios municipios puedan ejecutar iniciativas es algo que nosotros hemos puesto en valor, lo hemos tomado como herramienta y hemos sido capaces de mostrar que cuando uno apoya y asesora a los municipios estos responden. Hoy d\u00eda podemos decir con mucho orgullo que la Regi\u00f3n de Ays\u00e9n tiene gracias a este proceso municipios m\u00e1s fuertes y eso significa que la respuesta a la ciudadan\u00eda est\u00e1 llegando de mejor manera\u00bb, asegur\u00f3 Andrea Mac\u00edas Palma.<\/p>\n<p dir=\"ltr\" style=\"text-align: justify;\">Asimismo, la primera autoridad regional valor\u00f3 el trabajo y di\u00e1logo con el Consejo Regional, para aprobar las distintas iniciativas que se han tramitado en el \u00faltimo a\u00f1o.<\/p>\n<p dir=\"ltr\" style=\"text-align: justify;\">\u00abRelevar el aporte que ha hecho el Consejo Regional al acceder de manera permanente a la aprobaci\u00f3n de las propuestas que realiza el ejecutivo y tambi\u00e9n reconocer la capacidad de poder llegar a puntos de acuerdo cuando muchas veces el di\u00e1logo parece un poco esquivo. Ha habido un proceso de maduraci\u00f3n en relaci\u00f3n a c\u00f3mo hemos ido asumiendo este trabajo donde los distintos actores hemos establecido que es el acuerdo com\u00fan el que tiene que hacernos avanzar\u00bb, dijo.<\/p>\n<p dir=\"ltr\" style=\"text-align: justify;\">Justamente, desde el Consejo Regional las consejeras Marisol Mart\u00ednez S\u00e1nchez (provincia de Coyhaique) y Paola Rodr\u00edguez Cuevas (provincia de Ays\u00e9n), valoraron la respuesta que el Gobierno y su Consejo han dado a la ciudadan\u00eda, enfrentando incluso las dificultades en materia presupuestaria.<\/p>\n<p dir=\"ltr\" style=\"text-align: justify;\">\u00abUna tremenda Cuenta P\u00fablica que da cuenta de lo humano que ha sido este proyecto pol\u00edtico y este programa de la gobernadora regional, as\u00ed que me siento muy orgullosa de pertenecer a este consejo regional que ha estado a la altura de las expectativas de la gente en t\u00e9rminos de las demandas que ha tenido toda la regi\u00f3n\u00bb, destac\u00f3 la Consejera Mart\u00ednez.<\/p>\n<p dir=\"ltr\" style=\"text-align: justify;\">A su vez la Consejera Rodr\u00edguez agreg\u00f3 que \u00abcuando se habla de un Gobierno que ha estado constantemente cambiando leyes y haciendo un presupuesto cada vez m\u00e1s dif\u00edcil para los gobiernos regionales, nos pasa la cuenta en todos los \u00e1mbitos y eso ha sido el reflejo de lo que ha mostrado la gobernadora. El apoyo del Consejo siempre ha estado para poder salir adelante\u00bb.<\/p>\n<p dir=\"ltr\" style=\"text-align: justify;\">Finalmente, desde el Gobierno Nacional, el Delegado Presidencial Regional (S), Samuel Navarro valor\u00f3 que \u00abse ha dado \u00e9nfasis suficiente en todos los proyectos de desarrollo, de inversi\u00f3n que se est\u00e1n realizando, pero tambi\u00e9n algunos aspectos distintivos que tienen que ver con la descentralizaci\u00f3n, con la autonom\u00eda, con el mejoramiento de las normas para que el gobierno regional pueda desplegar toda su iniciativa y todo su potencialidad. Se ha recogido todo lo que tiene que ver con el desarrollo de los territorios, de las comunas y c\u00f3mo desde el gobierno regional se ha podido aportar en esta l\u00ednea para el bienestar de las comunidades, de todos los vecinos y vecinas de la Regi\u00f3n de Ays\u00e9n\u00bb.<\/p>\n<\/div><\/section><\/div><div  style='height:50px' class='hr hr-invisible   avia-builder-el-6  el_after_av_one_full  el_before_av_social_share '><span class='hr-inner ' ><span class='hr-inner-style'><\/span><\/span><\/div><\/p>\n<div  class='av-social-sharing-box  avia-builder-el-7  el_after_av_hr  el_before_av_hr  '><div class='av-share-box'><h5 class='av-share-link-description av-no-toc '>Compartir esta noticia<\/h5><ul class='av-share-box-list noLightbox'><li class='av-share-link av-social-link-facebook' ><a target=\"_blank\" aria-label=\"Compartir en Facebook\" href='https:\/\/www.facebook.com\/sharer.php?u=https:\/\/radiorevelacionfm.cl\/?p=42780&#038;t=Gobernadora%20Andrea%20Mac%C3%ADas%20tras%20Cuenta%20P%C3%BAblica%3A%20%C2%ABHoy%20la%20respuesta%20a%20la%20ciudadan%C3%ADa%20est%C3%A1%20llegando%20de%20mejor%20manera%C2%BB' aria-hidden='false' data-av_icon='\ue8f3' data-av_iconfont='entypo-fontello' title='' data-avia-related-tooltip='Compartir en Facebook' rel=\"noopener\"><span class='avia_hidden_link_text'>Compartir en Facebook<\/span><\/a><\/li><li class='av-share-link av-social-link-twitter' ><a target=\"_blank\" aria-label=\"Compartir en Twitter\" href='https:\/\/twitter.com\/share?text=Gobernadora%20Andrea%20Mac%C3%ADas%20tras%20Cuenta%20P%C3%BAblica%3A%20%C2%ABHoy%20la%20respuesta%20a%20la%20ciudadan%C3%ADa%20est%C3%A1%20llegando%20de%20mejor%20manera%C2%BB&#038;url=https:\/\/radiorevelacionfm.cl\/?p=42780' aria-hidden='false' data-av_icon='\ue8f1' data-av_iconfont='entypo-fontello' title='' data-avia-related-tooltip='Compartir en Twitter' rel=\"noopener\"><span class='avia_hidden_link_text'>Compartir en Twitter<\/span><\/a><\/li><li class='av-share-link av-social-link-whatsapp' ><a target=\"_blank\" aria-label=\"Compartir en Whatsapp\" href='https:\/\/api.whatsapp.com\/send?text=https:\/\/radiorevelacionfm.cl\/?p=42780' aria-hidden='false' data-av_icon='\uf232' data-av_iconfont='entypo-fontello' title='' data-avia-related-tooltip='Compartir en Whatsapp' rel=\"noopener\"><span class='avia_hidden_link_text'>Compartir en Whatsapp<\/span><\/a><\/li><li class='av-share-link av-social-link-linkedin' ><a target=\"_blank\" aria-label=\"Compartir en LinkedIn\" href='https:\/\/linkedin.com\/shareArticle?mini=true&#038;title=Gobernadora%20Andrea%20Mac%C3%ADas%20tras%20Cuenta%20P%C3%BAblica%3A%20%C2%ABHoy%20la%20respuesta%20a%20la%20ciudadan%C3%ADa%20est%C3%A1%20llegando%20de%20mejor%20manera%C2%BB&#038;url=https:\/\/radiorevelacionfm.cl\/?p=42780' aria-hidden='false' data-av_icon='\ue8fc' data-av_iconfont='entypo-fontello' title='' data-avia-related-tooltip='Compartir en LinkedIn' rel=\"noopener\"><span class='avia_hidden_link_text'>Compartir en LinkedIn<\/span><\/a><\/li><li class='av-share-link av-social-link-mail' ><a  aria-label=\"Compartir por correo\" href='mailto:?subject=Gobernadora%20Andrea%20Mac%C3%ADas%20tras%20Cuenta%20P%C3%BAblica%3A%20%C2%ABHoy%20la%20respuesta%20a%20la%20ciudadan%C3%ADa%20est%C3%A1%20llegando%20de%20mejor%20manera%C2%BB&#038;body=https:\/\/radiorevelacionfm.cl\/?p=42780' aria-hidden='false' data-av_icon='\ue805' data-av_iconfont='entypo-fontello' title='' data-avia-related-tooltip='Compartir por correo'><span class='avia_hidden_link_text'>Compartir por correo<\/span><\/a><\/li><\/ul><\/div><\/div>\n<div  style='height:50px' class='hr hr-invisible   avia-builder-el-8  el_after_av_social_share  el_before_av_comments_list '><span class='hr-inner ' ><span class='hr-inner-style'><\/span><\/span><\/div>\n<div  class='av-buildercomment  av-blog-meta-html-info-disabled av-blog-meta-tag-disabled  '><\/div>\n","protected":false},"excerpt":{"rendered":"","protected":false},"author":1,"featured_media":42781,"comment_status":"open","ping_status":"open","sticky":false,"template":"","format":"standard","meta":{"footnotes":""},"categories":[38],"tags":[],"class_list":["post-42780","post","type-post","status-publish","format-standard","has-post-thumbnail","hentry","category-regional"],"jetpack_featured_media_url":"https:\/\/radiorevelacionfm.cl\/wp-content\/uploads\/2024\/06\/whatsapp-image-2024-05-30-at-5_optimized.47.42-pm-1.jpeg","_links":{"self":[{"href":"https:\/\/radiorevelacionfm.cl\/index.php?rest_route=\/wp\/v2\/posts\/42780","targetHints":{"allow":["GET"]}}],"collection":[{"href":"https:\/\/radiorevelacionfm.cl\/index.php?rest_route=\/wp\/v2\/posts"}],"about":[{"href":"https:\/\/radiorevelacionfm.cl\/index.php?rest_route=\/wp\/v2\/types\/post"}],"author":[{"embeddable":true,"href":"https:\/\/radiorevelacionfm.cl\/index.php?rest_route=\/wp\/v2\/users\/1"}],"replies":[{"embeddable":true,"href":"https:\/\/radiorevelacionfm.cl\/index.php?rest_route=%2Fwp%2Fv2%2Fcomments&post=42780"}],"version-history":[{"count":1,"href":"https:\/\/radiorevelacionfm.cl\/index.php?rest_route=\/wp\/v2\/posts\/42780\/revisions"}],"predecessor-version":[{"id":42782,"href":"https:\/\/radiorevelacionfm.cl\/index.php?rest_route=\/wp\/v2\/posts\/42780\/revisions\/42782"}],"wp:featuredmedia":[{"embeddable":true,"href":"https:\/\/radiorevelacionfm.cl\/index.php?rest_route=\/wp\/v2\/media\/42781"}],"wp:attachment":[{"href":"https:\/\/radiorevelacionfm.cl\/index.php?rest_route=%2Fwp%2Fv2%2Fmedia&parent=42780"}],"wp:term":[{"taxonomy":"category","embeddable":true,"href":"https:\/\/radiorevelacionfm.cl\/index.php?rest_route=%2Fwp%2Fv2%2Fcategories&post=42780"},{"taxonomy":"post_tag","embeddable":true,"href":"https:\/\/radiorevelacionfm.cl\/index.php?rest_route=%2Fwp%2Fv2%2Ftags&post=42780"}],"curies":[{"name":"wp","href":"https:\/\/api.w.org\/{rel}","templated":true}]}}