{"id":42777,"date":"2024-06-03T14:19:06","date_gmt":"2024-06-03T17:19:06","guid":{"rendered":"https:\/\/radiorevelacionfm.cl\/?p=42777"},"modified":"2024-06-03T14:19:06","modified_gmt":"2024-06-03T17:19:06","slug":"programa-mujeres-jefas-de-hogar-llega-a-guaitecas-tras-inedita-expansion-de-cobertura-de-sernameg-en-la-region-de-aysen","status":"publish","type":"post","link":"https:\/\/radiorevelacionfm.cl\/?p=42777","title":{"rendered":"Programa Mujeres Jefas de Hogar llega a Guaitecas tras in\u00e9dita expansi\u00f3n de cobertura de SernamEG en la Regi\u00f3n de Ays\u00e9n"},"content":{"rendered":"<div class=\"flex_column av_one_full  flex_column_div av-zero-column-padding first  avia-builder-el-0  el_before_av_one_full  avia-builder-el-first  \" style='border-radius:0px; '><div  class='avia-image-container  av-styling-    avia-builder-el-1  avia-builder-el-no-sibling  avia-align-center '  itemprop=\"image\" itemscope=\"itemscope\" itemtype=\"https:\/\/schema.org\/ImageObject\"  ><div class='avia-image-container-inner'><div class='avia-image-overlay-wrap'><img decoding=\"async\" class='wp-image-42778 avia-img-lazy-loading-not-42778 avia_image' src=\"https:\/\/radiorevelacionfm.cl\/wp-content\/uploads\/2024\/06\/guaitecas-3-1_optimized.jpeg\" alt='' title='guaitecas-3-(1)_optimized' height=\"600\" width=\"897\"  itemprop=\"thumbnailUrl\" srcset=\"https:\/\/radiorevelacionfm.cl\/wp-content\/uploads\/2024\/06\/guaitecas-3-1_optimized.jpeg 897w, https:\/\/radiorevelacionfm.cl\/wp-content\/uploads\/2024\/06\/guaitecas-3-1_optimized-300x201.jpeg 300w, https:\/\/radiorevelacionfm.cl\/wp-content\/uploads\/2024\/06\/guaitecas-3-1_optimized-768x514.jpeg 768w, https:\/\/radiorevelacionfm.cl\/wp-content\/uploads\/2024\/06\/guaitecas-3-1_optimized-705x472.jpeg 705w, https:\/\/radiorevelacionfm.cl\/wp-content\/uploads\/2024\/06\/guaitecas-3-1_optimized-450x301.jpeg 450w, https:\/\/radiorevelacionfm.cl\/wp-content\/uploads\/2024\/06\/guaitecas-3-1_optimized-600x401.jpeg 600w\" sizes=\"(max-width: 897px) 100vw, 897px\" \/><\/div><\/div><\/div><\/div><div class=\"flex_column av_one_full  flex_column_div av-zero-column-padding first  avia-builder-el-2  el_after_av_one_full  el_before_av_one_full  column-top-margin\" style='border-radius:0px; '><section class=\"av_textblock_section \"  itemscope=\"itemscope\" itemtype=\"https:\/\/schema.org\/BlogPosting\" itemprop=\"blogPost\" ><div class='avia_textblock  '   itemprop=\"text\" ><p style=\"text-align: center;\"><strong><span style=\"font-size: 18pt;\">Programa Mujeres Jefas de Hogar llega a Guaitecas tras in\u00e9dita expansi\u00f3n de cobertura de SernamEG en la Regi\u00f3n de Ays\u00e9n<\/span><\/strong><\/p>\n<div id=\"gtx-trans\" style=\"position: absolute; left: -50px; top: 4.31534px;\">\n<div class=\"gtx-trans-icon\"><\/div>\n<\/div>\n<\/div><\/section><\/div><div class=\"flex_column av_one_full  flex_column_div av-zero-column-padding first  avia-builder-el-4  el_after_av_one_full  el_before_av_hr  column-top-margin\" style='border-radius:0px; '><section class=\"av_textblock_section \"  itemscope=\"itemscope\" itemtype=\"https:\/\/schema.org\/BlogPosting\" itemprop=\"blogPost\" ><div class='avia_textblock  '   itemprop=\"text\" ><p dir=\"ltr\" style=\"text-align: justify;\">Con una emotiva y multitudinaria ceremonia en la Biblioteca P\u00fablica de Melinka, la Directora Regional del Servicio Nacional de la Mujer y la Equidad de G\u00e9nero (SernamEG), Patricia Baeza Cabezas, y el Alcalde Marcos Silva Miranda, celebraron junto a las vecinas y vecinos el lanzamiento del Programa Mujeres Jefas de Hogar, que se implementa por primera vez a la comuna de Guaitecas este 2024.<\/p>\n<p dir=\"ltr\" style=\"text-align: justify;\">\u00abSabemos las caracter\u00edsticas geogr\u00e1ficas de nuestra regi\u00f3n y, por lo tanto, sabemos tambi\u00e9n que muchas veces limita las oportunidades de las mujeres de todo el territorio de poder acceder a estos programas. Por eso hoy estamos muy contentas de poder estar ac\u00e1 con un grupo importante de mujeres que ya est\u00e1n inscritas en este programa, donde van a poder avanzar en t\u00e9rminos de autonom\u00eda econ\u00f3mica, ya sea de manera dependiente o independiente, en la comuna de Guaitecas\u00bb, se\u00f1al\u00f3 la Directora de SernamEG.<\/p>\n<p dir=\"ltr\" style=\"text-align: justify;\">En efecto, esta intervenci\u00f3n program\u00e1tica, que se ejecuta por primera vez en la comuna, a trav\u00e9s de un convenio entre la Ilustre Municipalidad de Guaitecas y el Servicio Nacional de la Mujer y la Equidad de G\u00e9nero, tiene por objetivo central contribuir al fortalecimiento de la autonom\u00eda econ\u00f3mica de las mujeres jefas de hogar, a trav\u00e9s de la entrega de un conjunto de herramientas que les permitan generar y gestionar ingresos y recursos propios.<\/p>\n<p dir=\"ltr\" style=\"text-align: justify;\">\u00abPor supuesto que cada convenio, cada hito, que se marca en la comuna de Guaitecas para nosotros es signo de alegr\u00eda, porque se ve tambi\u00e9n reflejado el compromiso, el trabajo y la persistencia de poder traer programas como el Jefas de Hogar.\u00a0 Entiendo que por primera vez est\u00e1 en las comunas de Tortel y Guaitecas, de extremo a extremo, por lo tanto eso tambi\u00e9n se agradece, porque estamos dando una mirada a las comunas extremas\u00bb, recalc\u00f3 por su parte el Alcalde Marcos Silva.<\/p>\n<p dir=\"ltr\" style=\"text-align: justify;\">La administraci\u00f3n actual de SernamEG Ays\u00e9n se propuso como misi\u00f3n llevar la oferta program\u00e1tica del servicio a los territorios donde no hab\u00eda llegado antes. De esta manera, el servicio hoy tiene convenios firmados con seis de los diez municipios de la regi\u00f3n, incluyendo comunas apartadas geogr\u00e1ficamente como O&#8217;Higgins, Tortel y ahora Guaitecas.<\/p>\n<p dir=\"ltr\" style=\"text-align: justify;\">\u00abEstuve muchos a\u00f1os en postulaciones y por fin logr\u00e9 quedar en esto. Y qu\u00e9 hito tan importante tambi\u00e9n, para nosotras como madres, jefas de hogar, mujeres, de tener a estas autoridades ac\u00e1. Como dijo la directora, habla del empoderamiento de la mujer, de c\u00f3mo nos va a ayudar tambi\u00e9n en los temas econ\u00f3micos. Mi impulso es como mujer y como madre de familia, siento que la familia a una la impulsa a querer buscar sus sue\u00f1os\u00bb, expres\u00f3 Tal\u00eda Saldivia, vecina de Melinka y beneficiaria del Programa Mujeres Jefas de Hogar.<\/p>\n<\/div><\/section><\/div><div  style='height:50px' class='hr hr-invisible   avia-builder-el-6  el_after_av_one_full  el_before_av_social_share '><span class='hr-inner ' ><span class='hr-inner-style'><\/span><\/span><\/div><\/p>\n<div  class='av-social-sharing-box  avia-builder-el-7  el_after_av_hr  el_before_av_hr  '><div class='av-share-box'><h5 class='av-share-link-description av-no-toc '>Compartir esta noticia<\/h5><ul class='av-share-box-list noLightbox'><li class='av-share-link av-social-link-facebook' ><a target=\"_blank\" aria-label=\"Compartir en Facebook\" href='https:\/\/www.facebook.com\/sharer.php?u=https:\/\/radiorevelacionfm.cl\/?p=42777&#038;t=Programa%20Mujeres%20Jefas%20de%20Hogar%20llega%20a%20Guaitecas%20tras%20in%C3%A9dita%20expansi%C3%B3n%20de%20cobertura%20de%20SernamEG%20en%20la%20Regi%C3%B3n%20de%20Ays%C3%A9n' aria-hidden='false' data-av_icon='\ue8f3' data-av_iconfont='entypo-fontello' title='' data-avia-related-tooltip='Compartir en Facebook' rel=\"noopener\"><span class='avia_hidden_link_text'>Compartir en Facebook<\/span><\/a><\/li><li class='av-share-link av-social-link-twitter' ><a target=\"_blank\" aria-label=\"Compartir en Twitter\" href='https:\/\/twitter.com\/share?text=Programa%20Mujeres%20Jefas%20de%20Hogar%20llega%20a%20Guaitecas%20tras%20in%C3%A9dita%20expansi%C3%B3n%20de%20cobertura%20de%20SernamEG%20en%20la%20Regi%C3%B3n%20de%20Ays%C3%A9n&#038;url=https:\/\/radiorevelacionfm.cl\/?p=42777' aria-hidden='false' data-av_icon='\ue8f1' data-av_iconfont='entypo-fontello' title='' data-avia-related-tooltip='Compartir en Twitter' rel=\"noopener\"><span class='avia_hidden_link_text'>Compartir en Twitter<\/span><\/a><\/li><li class='av-share-link av-social-link-whatsapp' ><a target=\"_blank\" aria-label=\"Compartir en Whatsapp\" href='https:\/\/api.whatsapp.com\/send?text=https:\/\/radiorevelacionfm.cl\/?p=42777' aria-hidden='false' data-av_icon='\uf232' data-av_iconfont='entypo-fontello' title='' data-avia-related-tooltip='Compartir en Whatsapp' rel=\"noopener\"><span class='avia_hidden_link_text'>Compartir en Whatsapp<\/span><\/a><\/li><li class='av-share-link av-social-link-linkedin' ><a target=\"_blank\" aria-label=\"Compartir en LinkedIn\" href='https:\/\/linkedin.com\/shareArticle?mini=true&#038;title=Programa%20Mujeres%20Jefas%20de%20Hogar%20llega%20a%20Guaitecas%20tras%20in%C3%A9dita%20expansi%C3%B3n%20de%20cobertura%20de%20SernamEG%20en%20la%20Regi%C3%B3n%20de%20Ays%C3%A9n&#038;url=https:\/\/radiorevelacionfm.cl\/?p=42777' aria-hidden='false' data-av_icon='\ue8fc' data-av_iconfont='entypo-fontello' title='' data-avia-related-tooltip='Compartir en LinkedIn' rel=\"noopener\"><span class='avia_hidden_link_text'>Compartir en LinkedIn<\/span><\/a><\/li><li class='av-share-link av-social-link-mail' ><a  aria-label=\"Compartir por correo\" href='mailto:?subject=Programa%20Mujeres%20Jefas%20de%20Hogar%20llega%20a%20Guaitecas%20tras%20in%C3%A9dita%20expansi%C3%B3n%20de%20cobertura%20de%20SernamEG%20en%20la%20Regi%C3%B3n%20de%20Ays%C3%A9n&#038;body=https:\/\/radiorevelacionfm.cl\/?p=42777' aria-hidden='false' data-av_icon='\ue805' data-av_iconfont='entypo-fontello' title='' data-avia-related-tooltip='Compartir por correo'><span class='avia_hidden_link_text'>Compartir por correo<\/span><\/a><\/li><\/ul><\/div><\/div>\n<div  style='height:50px' class='hr hr-invisible   avia-builder-el-8  el_after_av_social_share  el_before_av_comments_list '><span class='hr-inner ' ><span class='hr-inner-style'><\/span><\/span><\/div>\n<div  class='av-buildercomment  av-blog-meta-html-info-disabled av-blog-meta-tag-disabled  '><\/div>\n","protected":false},"excerpt":{"rendered":"","protected":false},"author":1,"featured_media":42778,"comment_status":"open","ping_status":"open","sticky":false,"template":"","format":"standard","meta":{"footnotes":""},"categories":[38],"tags":[],"class_list":["post-42777","post","type-post","status-publish","format-standard","has-post-thumbnail","hentry","category-regional"],"jetpack_featured_media_url":"https:\/\/radiorevelacionfm.cl\/wp-content\/uploads\/2024\/06\/guaitecas-3-1_optimized.jpeg","_links":{"self":[{"href":"https:\/\/radiorevelacionfm.cl\/index.php?rest_route=\/wp\/v2\/posts\/42777","targetHints":{"allow":["GET"]}}],"collection":[{"href":"https:\/\/radiorevelacionfm.cl\/index.php?rest_route=\/wp\/v2\/posts"}],"about":[{"href":"https:\/\/radiorevelacionfm.cl\/index.php?rest_route=\/wp\/v2\/types\/post"}],"author":[{"embeddable":true,"href":"https:\/\/radiorevelacionfm.cl\/index.php?rest_route=\/wp\/v2\/users\/1"}],"replies":[{"embeddable":true,"href":"https:\/\/radiorevelacionfm.cl\/index.php?rest_route=%2Fwp%2Fv2%2Fcomments&post=42777"}],"version-history":[{"count":1,"href":"https:\/\/radiorevelacionfm.cl\/index.php?rest_route=\/wp\/v2\/posts\/42777\/revisions"}],"predecessor-version":[{"id":42779,"href":"https:\/\/radiorevelacionfm.cl\/index.php?rest_route=\/wp\/v2\/posts\/42777\/revisions\/42779"}],"wp:featuredmedia":[{"embeddable":true,"href":"https:\/\/radiorevelacionfm.cl\/index.php?rest_route=\/wp\/v2\/media\/42778"}],"wp:attachment":[{"href":"https:\/\/radiorevelacionfm.cl\/index.php?rest_route=%2Fwp%2Fv2%2Fmedia&parent=42777"}],"wp:term":[{"taxonomy":"category","embeddable":true,"href":"https:\/\/radiorevelacionfm.cl\/index.php?rest_route=%2Fwp%2Fv2%2Fcategories&post=42777"},{"taxonomy":"post_tag","embeddable":true,"href":"https:\/\/radiorevelacionfm.cl\/index.php?rest_route=%2Fwp%2Fv2%2Ftags&post=42777"}],"curies":[{"name":"wp","href":"https:\/\/api.w.org\/{rel}","templated":true}]}}