{"id":42774,"date":"2024-06-03T11:45:56","date_gmt":"2024-06-03T14:45:56","guid":{"rendered":"https:\/\/radiorevelacionfm.cl\/?p=42774"},"modified":"2024-06-03T11:45:56","modified_gmt":"2024-06-03T14:45:56","slug":"inauguran-servicio-sanitario-rural-de-villa-jara-entregando-a-mas-de-300-personas-agua-potable-en-sus-hogares","status":"publish","type":"post","link":"https:\/\/radiorevelacionfm.cl\/?p=42774","title":{"rendered":"Inauguran Servicio Sanitario Rural de Villa Jara entregando a m\u00e1s de 300 personas agua potable en sus hogares"},"content":{"rendered":"<div class=\"flex_column av_one_full  flex_column_div av-zero-column-padding first  avia-builder-el-0  el_before_av_one_full  avia-builder-el-first  \" style='border-radius:0px; '><div  class='avia-image-container  av-styling-    avia-builder-el-1  avia-builder-el-no-sibling  avia-align-center '  itemprop=\"image\" itemscope=\"itemscope\" itemtype=\"https:\/\/schema.org\/ImageObject\"  ><div class='avia-image-container-inner'><div class='avia-image-overlay-wrap'><img decoding=\"async\" class='wp-image-42775 avia-img-lazy-loading-not-42775 avia_image' src=\"https:\/\/radiorevelacionfm.cl\/wp-content\/uploads\/2024\/06\/inau-11-1_optimized-1.jpg\" alt='' title='inau-11-(1)_optimized (1)' height=\"600\" width=\"900\"  itemprop=\"thumbnailUrl\" srcset=\"https:\/\/radiorevelacionfm.cl\/wp-content\/uploads\/2024\/06\/inau-11-1_optimized-1.jpg 900w, https:\/\/radiorevelacionfm.cl\/wp-content\/uploads\/2024\/06\/inau-11-1_optimized-1-300x200.jpg 300w, https:\/\/radiorevelacionfm.cl\/wp-content\/uploads\/2024\/06\/inau-11-1_optimized-1-768x512.jpg 768w, https:\/\/radiorevelacionfm.cl\/wp-content\/uploads\/2024\/06\/inau-11-1_optimized-1-705x470.jpg 705w, https:\/\/radiorevelacionfm.cl\/wp-content\/uploads\/2024\/06\/inau-11-1_optimized-1-450x300.jpg 450w, https:\/\/radiorevelacionfm.cl\/wp-content\/uploads\/2024\/06\/inau-11-1_optimized-1-600x400.jpg 600w\" sizes=\"(max-width: 900px) 100vw, 900px\" \/><\/div><\/div><\/div><\/div><div class=\"flex_column av_one_full  flex_column_div av-zero-column-padding first  avia-builder-el-2  el_after_av_one_full  el_before_av_one_full  column-top-margin\" style='border-radius:0px; '><section class=\"av_textblock_section \"  itemscope=\"itemscope\" itemtype=\"https:\/\/schema.org\/BlogPosting\" itemprop=\"blogPost\" ><div class='avia_textblock  '   itemprop=\"text\" ><p style=\"text-align: center;\"><strong><span style=\"font-size: 18pt;\">Inauguran Servicio Sanitario Rural de Villa Jara entregando a m\u00e1s de 300 personas agua potable en sus hogares<\/span><\/strong><\/p>\n<div id=\"gtx-trans\" style=\"position: absolute; left: -50px; top: 4.31534px;\">\n<div class=\"gtx-trans-icon\"><\/div>\n<\/div>\n<\/div><\/section><\/div><div class=\"flex_column av_one_full  flex_column_div av-zero-column-padding first  avia-builder-el-4  el_after_av_one_full  el_before_av_hr  column-top-margin\" style='border-radius:0px; '><section class=\"av_textblock_section \"  itemscope=\"itemscope\" itemtype=\"https:\/\/schema.org\/BlogPosting\" itemprop=\"blogPost\" ><div class='avia_textblock  '   itemprop=\"text\" ><p style=\"text-align: justify;\">Con la presencia de la Subdirectora Nacional de Servicios Sanitarios Rurales de la Direcci\u00f3n de Obras Hidr\u00e1ulicas del MOP, Denisse Charpentier Castro, se inaugur\u00f3 el Servicio Sanitario Rural de Villa Jara junto a\u00a0 las vecinas y vecinos del sector, el Secretario Regional Ministerial de Obras P\u00fablicas Patricio Sanhueza Ulloa, el Delegado Presidencial Regional subrogante Samuel Navarro Castro, el Alcalde de la Comuna de Coyhaique Carlos Gatica Villegas, el representante de la Gobernadora Regional Oscar del Solar, el Director Regional de Obras Hidr\u00e1ulicas del MOP y todo el equipo que integra la Subdirecci\u00f3n Regional de Servicios Sanitarios Rurales.<\/p>\n<p style=\"text-align: justify;\">En esta ocasi\u00f3n, Denisse Charpentier Castro destac\u00f3 \u201cEste sistema de m\u00e1s de 1000 millones de inversi\u00f3n de la Subdirecci\u00f3n de Servicios Sanitarios Rurales de la DOH del MOP beneficia a m\u00e1s de 300 personas que viven en esta localidad. Estamos muy contentos del trabajo que se ha hecho tanto en la construcci\u00f3n de la infraestructura como con el compromiso de los vecinos y vecinas que hoy est\u00e1n recibiendo esta obra, para administrar, mantener y operar todo lo que tiene que ver con el estanque, las redes de agua potable, los medidores, la captaci\u00f3n, el tratamiento y distribuci\u00f3n del agua potable para que sus vecinos tengan agua en sus domicilios, de acuerdo a\u00a0 la calidad, cantidad y continuidad que las normas en Chile exigen. Estamos felices de compartir esta buena noticia con ustedes\u201d<\/p>\n<p style=\"text-align: justify;\">El SEREMI del MOP expres\u00f3 que \u201cestamos muy felices, muy complacidos del impulso que le hemos dado como Ministerio a todas las obras p\u00fablicas en un escenario bastante adverso que hemos recibido, sin embargo hemos tomado decisiones importantes como adjudicar estas obras que han llegado con precios bastante sobre los presupuestos oficiales. Estas decisiones son importantes, porque entendemos que tenemos que llegar con urgencia a atender las necesidades de nuestro pueblo, de nuestra poblaci\u00f3n y tambi\u00e9n tomando las medidas necesarias para la reactivaci\u00f3n econ\u00f3mica. Es una huella que empezamos a plasmar desde que comenzamos nuestro gobierno y que estamos profundizando permanentemente, as\u00ed que muy felices con este tremendo hito al que ha concurrido la Subdirectora de SSR Denisse Charpentier, y en donde hemos hecho esta inauguraci\u00f3n junto a autoridades y comunidad\u201d.<\/p>\n<p style=\"text-align: justify;\">El Ministerio de Obras P\u00fablicas a trav\u00e9s de la Subdirecci\u00f3n de Servicios Sanitarios Rurales, gener\u00f3 el proyecto, licit\u00f3 y fiscaliz\u00f3 la construcci\u00f3n de este sistema de agua potable rural. Este contrato que se emplaz\u00f3 en el estero el aserradero, contempl\u00f3 la construcci\u00f3n de una captaci\u00f3n, una l\u00ednea de aducci\u00f3n, sistema de\u00a0 cloraci\u00f3n y filtrado de turbiedad, un estanque de regulaci\u00f3n de hormig\u00f3n armado semi-enterrado de 75 m3 de capacidad, una red de distribuci\u00f3n de 5.933 metros, 10 c\u00e1maras para acuartelamiento, 7 c\u00e1maras para desag\u00fce,\u00a0 2 c\u00e1maras reguladoras de presi\u00f3n, 3 c\u00e1maras de ventosas, 5 pilones de incendio, y se instalaron 76 arranques domiciliarios.<\/p>\n<p style=\"text-align: justify;\">En la ceremonia, los funcionarios de la Subdirecci\u00f3n de Servicios Sanitarios Rurales Pablo Rojas y Mat\u00edas Pizarro efectuaron una brillante presentaci\u00f3n de folclor y m\u00fasica tradicional, lo que dio el marco necesario para la firma del Acta de Entrega de la obra para su uso p\u00fablico; se hizo el descubrimiento de la placa de la obra, as\u00ed como tambi\u00e9n el Ministerio de Obras P\u00fablicas a trav\u00e9s de la Subdirecci\u00f3n de Servicios Sanitarios Rurales de la DOH efectu\u00f3 un especial reconocimiento a los integrantes del Comit\u00e9 de Agua Potable Rural, con quienes trabaj\u00f3 mancomunadamente en todo el proceso de dise\u00f1o y construcci\u00f3n del Servicio Sanitario Rural, as\u00ed como tambi\u00e9n en la realizaci\u00f3n de capacitaciones en la administraci\u00f3n y operaci\u00f3n del sistema, acompa\u00f1\u00e1ndolos en las reuniones de participaci\u00f3n ciudadana y en terreno, generando un estrecho v\u00ednculo con la comunidad.<\/p>\n<p style=\"text-align: justify;\">En ese sentido, el Presidente del Comit\u00e9 de Agua Potable Rural Villa Jara sector Laguna Foitzick, Sergio Garc\u00eda Bello en su alocuci\u00f3n comento que la directiva que lo antecedi\u00f3 tuvo un fuerte trabajo y con ellos se recorri\u00f3 un camino largo para llegar hoy d\u00eda a esta inauguraci\u00f3n. \u201cRecordar a quienes cargaban bidones en sus camionetas para abastecer con agua sus domicilios. Quiero agradecer la presencia de la Subdirectora que llegara a la regi\u00f3n a inaugurar esta obra y ver que sali\u00f3 adelante con un grupo humano bueno y esperamos nosotros mantenerlo y cumplir al 100%. Agradecer a los vecinos que nos acompa\u00f1an y a todos los que estuvieron detr\u00e1s de este proyecto. Se logr\u00f3 el fin deseado\u201d.<\/p>\n<p style=\"text-align: justify;\">Por su parte, el Director Regional de Obras Hidr\u00e1ulicas del MOP, Francisco Real Bahamonde indic\u00f3 \u201cen este momento estamos emocionados y felices junto con los y las vecinas de Villa Jara porque pudimos concretar esta obra, un nuevo Servicio Sanitario Rural. Van a poder dejar el sistema que ten\u00edan antes el que no ten\u00eda sistema de cloraci\u00f3n, potabilizaci\u00f3n y filtrado. Ahora este nuevo sistema es completo y van a tener un agua del mismo est\u00e1ndar que tiene Coyhaique o Puerto Ays\u00e9n, as\u00ed que nos vamos felices con un nuevo SSR construido -ya son 47 en toda la regi\u00f3n- y hoy nos acompa\u00f1\u00f3 la Subdirectora de Servicios Sanitarios Rurales, as\u00ed que este momento es m\u00e1s emotivo y significativo\u201d.<\/p>\n<\/div><\/section><\/div><div  style='height:50px' class='hr hr-invisible   avia-builder-el-6  el_after_av_one_full  el_before_av_social_share '><span class='hr-inner ' ><span class='hr-inner-style'><\/span><\/span><\/div><\/p>\n<div  class='av-social-sharing-box  avia-builder-el-7  el_after_av_hr  el_before_av_hr  '><div class='av-share-box'><h5 class='av-share-link-description av-no-toc '>Compartir esta noticia<\/h5><ul class='av-share-box-list noLightbox'><li class='av-share-link av-social-link-facebook' ><a target=\"_blank\" aria-label=\"Compartir en Facebook\" href='https:\/\/www.facebook.com\/sharer.php?u=https:\/\/radiorevelacionfm.cl\/?p=42774&#038;t=Inauguran%20Servicio%20Sanitario%20Rural%20de%20Villa%20Jara%20entregando%20a%20m%C3%A1s%20de%20300%20personas%20agua%20potable%20en%20sus%20hogares' aria-hidden='false' data-av_icon='\ue8f3' data-av_iconfont='entypo-fontello' title='' data-avia-related-tooltip='Compartir en Facebook' rel=\"noopener\"><span class='avia_hidden_link_text'>Compartir en Facebook<\/span><\/a><\/li><li class='av-share-link av-social-link-twitter' ><a target=\"_blank\" aria-label=\"Compartir en Twitter\" href='https:\/\/twitter.com\/share?text=Inauguran%20Servicio%20Sanitario%20Rural%20de%20Villa%20Jara%20entregando%20a%20m%C3%A1s%20de%20300%20personas%20agua%20potable%20en%20sus%20hogares&#038;url=https:\/\/radiorevelacionfm.cl\/?p=42774' aria-hidden='false' data-av_icon='\ue8f1' data-av_iconfont='entypo-fontello' title='' data-avia-related-tooltip='Compartir en Twitter' rel=\"noopener\"><span class='avia_hidden_link_text'>Compartir en Twitter<\/span><\/a><\/li><li class='av-share-link av-social-link-whatsapp' ><a target=\"_blank\" aria-label=\"Compartir en Whatsapp\" href='https:\/\/api.whatsapp.com\/send?text=https:\/\/radiorevelacionfm.cl\/?p=42774' aria-hidden='false' data-av_icon='\uf232' data-av_iconfont='entypo-fontello' title='' data-avia-related-tooltip='Compartir en Whatsapp' rel=\"noopener\"><span class='avia_hidden_link_text'>Compartir en Whatsapp<\/span><\/a><\/li><li class='av-share-link av-social-link-linkedin' ><a target=\"_blank\" aria-label=\"Compartir en LinkedIn\" href='https:\/\/linkedin.com\/shareArticle?mini=true&#038;title=Inauguran%20Servicio%20Sanitario%20Rural%20de%20Villa%20Jara%20entregando%20a%20m%C3%A1s%20de%20300%20personas%20agua%20potable%20en%20sus%20hogares&#038;url=https:\/\/radiorevelacionfm.cl\/?p=42774' aria-hidden='false' data-av_icon='\ue8fc' data-av_iconfont='entypo-fontello' title='' data-avia-related-tooltip='Compartir en LinkedIn' rel=\"noopener\"><span class='avia_hidden_link_text'>Compartir en LinkedIn<\/span><\/a><\/li><li class='av-share-link av-social-link-mail' ><a  aria-label=\"Compartir por correo\" href='mailto:?subject=Inauguran%20Servicio%20Sanitario%20Rural%20de%20Villa%20Jara%20entregando%20a%20m%C3%A1s%20de%20300%20personas%20agua%20potable%20en%20sus%20hogares&#038;body=https:\/\/radiorevelacionfm.cl\/?p=42774' aria-hidden='false' data-av_icon='\ue805' data-av_iconfont='entypo-fontello' title='' data-avia-related-tooltip='Compartir por correo'><span class='avia_hidden_link_text'>Compartir por correo<\/span><\/a><\/li><\/ul><\/div><\/div>\n<div  style='height:50px' class='hr hr-invisible   avia-builder-el-8  el_after_av_social_share  el_before_av_comments_list '><span class='hr-inner ' ><span class='hr-inner-style'><\/span><\/span><\/div>\n<div  class='av-buildercomment  av-blog-meta-html-info-disabled av-blog-meta-tag-disabled  '><\/div>\n","protected":false},"excerpt":{"rendered":"","protected":false},"author":1,"featured_media":42775,"comment_status":"open","ping_status":"open","sticky":false,"template":"","format":"standard","meta":{"footnotes":""},"categories":[38],"tags":[],"class_list":["post-42774","post","type-post","status-publish","format-standard","has-post-thumbnail","hentry","category-regional"],"jetpack_featured_media_url":"https:\/\/radiorevelacionfm.cl\/wp-content\/uploads\/2024\/06\/inau-11-1_optimized-1.jpg","_links":{"self":[{"href":"https:\/\/radiorevelacionfm.cl\/index.php?rest_route=\/wp\/v2\/posts\/42774","targetHints":{"allow":["GET"]}}],"collection":[{"href":"https:\/\/radiorevelacionfm.cl\/index.php?rest_route=\/wp\/v2\/posts"}],"about":[{"href":"https:\/\/radiorevelacionfm.cl\/index.php?rest_route=\/wp\/v2\/types\/post"}],"author":[{"embeddable":true,"href":"https:\/\/radiorevelacionfm.cl\/index.php?rest_route=\/wp\/v2\/users\/1"}],"replies":[{"embeddable":true,"href":"https:\/\/radiorevelacionfm.cl\/index.php?rest_route=%2Fwp%2Fv2%2Fcomments&post=42774"}],"version-history":[{"count":1,"href":"https:\/\/radiorevelacionfm.cl\/index.php?rest_route=\/wp\/v2\/posts\/42774\/revisions"}],"predecessor-version":[{"id":42776,"href":"https:\/\/radiorevelacionfm.cl\/index.php?rest_route=\/wp\/v2\/posts\/42774\/revisions\/42776"}],"wp:featuredmedia":[{"embeddable":true,"href":"https:\/\/radiorevelacionfm.cl\/index.php?rest_route=\/wp\/v2\/media\/42775"}],"wp:attachment":[{"href":"https:\/\/radiorevelacionfm.cl\/index.php?rest_route=%2Fwp%2Fv2%2Fmedia&parent=42774"}],"wp:term":[{"taxonomy":"category","embeddable":true,"href":"https:\/\/radiorevelacionfm.cl\/index.php?rest_route=%2Fwp%2Fv2%2Fcategories&post=42774"},{"taxonomy":"post_tag","embeddable":true,"href":"https:\/\/radiorevelacionfm.cl\/index.php?rest_route=%2Fwp%2Fv2%2Ftags&post=42774"}],"curies":[{"name":"wp","href":"https:\/\/api.w.org\/{rel}","templated":true}]}}