{"id":4275,"date":"2021-05-19T10:29:23","date_gmt":"2021-05-19T13:29:23","guid":{"rendered":"https:\/\/radiorevelacionfm.cl\/?p=4275"},"modified":"2021-05-19T10:29:23","modified_gmt":"2021-05-19T13:29:23","slug":"ninas-y-ninos-de-puerto-guadal-retoman-actividad-fisica-a-traves-de-taller-deportivo-mindep-ind","status":"publish","type":"post","link":"https:\/\/radiorevelacionfm.cl\/?p=4275","title":{"rendered":"Ni\u00f1as y ni\u00f1os de Puerto Guadal retoman actividad f\u00edsica a trav\u00e9s de taller deportivo Mindep-IND"},"content":{"rendered":"<div class=\"flex_column av_one_full  flex_column_div av-zero-column-padding first  avia-builder-el-0  el_before_av_one_full  avia-builder-el-first  \" style='border-radius:0px; '><div  class='avia-image-container  av-styling-    avia-builder-el-1  avia-builder-el-no-sibling  avia-align-center '  itemprop=\"image\" itemscope=\"itemscope\" itemtype=\"https:\/\/schema.org\/ImageObject\"  ><div class='avia-image-container-inner'><div class='avia-image-overlay-wrap'><img decoding=\"async\" class='wp-image-0 avia-img-lazy-loading-not-0 avia_image' src=\"https:\/\/radiorevelacionfm.cl\/wp-content\/uploads\/2021\/05\/IND-20210430-WA0179-1.jpg\" alt='' title=''   itemprop=\"thumbnailUrl\"  \/><\/div><\/div><\/div><\/div><div class=\"flex_column av_one_full  flex_column_div av-zero-column-padding first  avia-builder-el-2  el_after_av_one_full  el_before_av_one_full  column-top-margin\" style='border-radius:0px; '><section class=\"av_textblock_section \"  itemscope=\"itemscope\" itemtype=\"https:\/\/schema.org\/BlogPosting\" itemprop=\"blogPost\" ><div class='avia_textblock  '   itemprop=\"text\" ><p style=\"text-align: center;\"><strong><span style=\"font-size: 18pt;\">Ni\u00f1as y ni\u00f1os de Puerto Guadal retoman actividad f\u00edsica a trav\u00e9s de taller deportivo Mindep-IND<\/span><\/strong><\/p>\n<div id=\"gtx-trans\" style=\"position: absolute; left: -50px; top: 4.31534px;\">\n<div class=\"gtx-trans-icon\"><\/div>\n<\/div>\n<\/div><\/section><\/div><div class=\"flex_column av_one_full  flex_column_div av-zero-column-padding first  avia-builder-el-4  el_after_av_one_full  el_before_av_hr  column-top-margin\" style='border-radius:0px; '><section class=\"av_textblock_section \"  itemscope=\"itemscope\" itemtype=\"https:\/\/schema.org\/BlogPosting\" itemprop=\"blogPost\" ><div class='avia_textblock  '   itemprop=\"text\" ><p class=\"v1MsoNormal\" style=\"text-align: justify;\">Hasta el mes de noviembre, el programa \u00abCrecer en Movimiento\u00bb impartir\u00e1 este taller enfocado a escolares de 7 a 11 a\u00f1os\u00a0del primer ciclo de educaci\u00f3n b\u00e1sica, iniciativa enmarcada\u00a0en el subcomponente Del Juego al Deporte dirigido a estudiantes que deseen iniciarse en la pr\u00e1ctica de actividad deportiva.<\/p>\n<p class=\"v1MsoNormal\" style=\"text-align: justify;\">\u00abLa actual situaci\u00f3n que estamos viviendo, ha sido especialmente dif\u00edcil para nuestros ni\u00f1os con pocas instancias de recreaci\u00f3n y ejercicio, por lo que como Ministerio del Deporte y junto al director del IND Jos\u00e9 Manuel Sep\u00falveda seguimos activando los diferentes talleres seg\u00fan avanzan las comunas y localidades en el plan paso a paso del Gobierno\u00a0\u00a0a trav\u00e9s de nuestros profesores y talleres en la regi\u00f3n y con la entrega peri\u00f3dica de implementaci\u00f3n deportiva para el desarrollo de estos talleres\u00bb, explic\u00f3 el Seremi del Deporte, Rodrigo Cubilla Retamal.<\/p>\n<p class=\"v1MsoNormal\" style=\"text-align: justify;\">Por su parte Francisco V\u00e9jar, profesor de educaci\u00f3n F\u00edsica del Instituto Nacional de Deporte y quien actualmente imparte el taller de baby f\u00fatbol precis\u00f3 \u00abel a\u00f1o pasado por la pandemia los ni\u00f1os no tuvieron taller, as\u00ed que ahora est\u00e1n muy motivados a seguir, adem\u00e1s hace poco nos entregaron implementaci\u00f3n deportiva que es muy \u00fatil para el trabajo que realizo con los 14 alumnos que se inscribieron, asistencia que es muy buena considerando la poblaci\u00f3n total que habita en esta localidad\u00bb, se\u00f1al\u00f3 el profesor.<\/p>\n<p class=\"v1MsoNormal\" style=\"text-align: justify;\"><b><u>Implementaci\u00f3n Deportiva<\/u><\/b><\/p>\n<p class=\"v1MsoNormal\" style=\"text-align: justify;\">Paralelamente, y como una forma de promover la participaci\u00f3n y adherencia al taller, funcionarios del \u00a0IND regional viajaron hasta Puerto Guadal para hacer entrega de diverso material, vestuario e implementaci\u00f3n deportiva, consistente en balones futsal, cron\u00f3metro, cuerdas para saltar y balones de b\u00e1squetbol y v\u00f3leibol de car\u00e1cter poli funcional.<\/p>\n<p class=\"v1MsoNormal\" style=\"text-align: justify;\">Actualmente esta localidad se encuentra en Fase 3 del Plan Paso a Paso lo que permite \u00a0ejecutar actividades presenciales, \u00a0por lo que las clases de este taller continuar\u00e1n con diversas disciplinas como escalada, acondicionamiento f\u00edsico, juegos pre deportivos, 3 veces por semana hasta el mes de junio. Posteriormente, habr\u00e1 un receso de un mes, retomando las actividades del taller en el mes de agosto, para\u00a0\u00a0finalizar en noviembre.<\/p>\n<\/div><\/section><\/div><div  style='height:50px' class='hr hr-invisible   avia-builder-el-6  el_after_av_one_full  el_before_av_social_share '><span class='hr-inner ' ><span class='hr-inner-style'><\/span><\/span><\/div><\/p>\n<div  class='av-social-sharing-box  avia-builder-el-7  el_after_av_hr  el_before_av_hr  '><div class='av-share-box'><h5 class='av-share-link-description av-no-toc '>Compartir esta noticia<\/h5><ul class='av-share-box-list noLightbox'><li class='av-share-link av-social-link-facebook' ><a target=\"_blank\" aria-label=\"Compartir en Facebook\" href='https:\/\/www.facebook.com\/sharer.php?u=https:\/\/radiorevelacionfm.cl\/?p=4275&#038;t=Ni%C3%B1as%20y%20ni%C3%B1os%20de%20Puerto%20Guadal%20retoman%20actividad%20f%C3%ADsica%20a%20trav%C3%A9s%20de%20taller%20deportivo%20Mindep-IND' aria-hidden='false' data-av_icon='\ue8f3' data-av_iconfont='entypo-fontello' title='' data-avia-related-tooltip='Compartir en Facebook' rel=\"noopener\"><span class='avia_hidden_link_text'>Compartir en Facebook<\/span><\/a><\/li><li class='av-share-link av-social-link-twitter' ><a target=\"_blank\" aria-label=\"Compartir en Twitter\" href='https:\/\/twitter.com\/share?text=Ni%C3%B1as%20y%20ni%C3%B1os%20de%20Puerto%20Guadal%20retoman%20actividad%20f%C3%ADsica%20a%20trav%C3%A9s%20de%20taller%20deportivo%20Mindep-IND&#038;url=https:\/\/radiorevelacionfm.cl\/?p=4275' aria-hidden='false' data-av_icon='\ue8f1' data-av_iconfont='entypo-fontello' title='' data-avia-related-tooltip='Compartir en Twitter' rel=\"noopener\"><span class='avia_hidden_link_text'>Compartir en Twitter<\/span><\/a><\/li><li class='av-share-link av-social-link-whatsapp' ><a target=\"_blank\" aria-label=\"Compartir en Whatsapp\" href='https:\/\/api.whatsapp.com\/send?text=https:\/\/radiorevelacionfm.cl\/?p=4275' aria-hidden='false' data-av_icon='\uf232' data-av_iconfont='entypo-fontello' title='' data-avia-related-tooltip='Compartir en Whatsapp' rel=\"noopener\"><span class='avia_hidden_link_text'>Compartir en Whatsapp<\/span><\/a><\/li><li class='av-share-link av-social-link-linkedin' ><a target=\"_blank\" aria-label=\"Compartir en LinkedIn\" href='https:\/\/linkedin.com\/shareArticle?mini=true&#038;title=Ni%C3%B1as%20y%20ni%C3%B1os%20de%20Puerto%20Guadal%20retoman%20actividad%20f%C3%ADsica%20a%20trav%C3%A9s%20de%20taller%20deportivo%20Mindep-IND&#038;url=https:\/\/radiorevelacionfm.cl\/?p=4275' aria-hidden='false' data-av_icon='\ue8fc' data-av_iconfont='entypo-fontello' title='' data-avia-related-tooltip='Compartir en LinkedIn' rel=\"noopener\"><span class='avia_hidden_link_text'>Compartir en LinkedIn<\/span><\/a><\/li><li class='av-share-link av-social-link-mail' ><a  aria-label=\"Compartir por correo\" href='mailto:?subject=Ni%C3%B1as%20y%20ni%C3%B1os%20de%20Puerto%20Guadal%20retoman%20actividad%20f%C3%ADsica%20a%20trav%C3%A9s%20de%20taller%20deportivo%20Mindep-IND&#038;body=https:\/\/radiorevelacionfm.cl\/?p=4275' aria-hidden='false' data-av_icon='\ue805' data-av_iconfont='entypo-fontello' title='' data-avia-related-tooltip='Compartir por correo'><span class='avia_hidden_link_text'>Compartir por correo<\/span><\/a><\/li><\/ul><\/div><\/div>\n<div  style='height:50px' class='hr hr-invisible   avia-builder-el-8  el_after_av_social_share  el_before_av_comments_list '><span class='hr-inner ' ><span class='hr-inner-style'><\/span><\/span><\/div>\n<div  class='av-buildercomment  av-blog-meta-html-info-disabled av-blog-meta-tag-disabled  '><\/div>\n","protected":false},"excerpt":{"rendered":"","protected":false},"author":1,"featured_media":0,"comment_status":"open","ping_status":"open","sticky":false,"template":"","format":"standard","meta":{"footnotes":""},"categories":[40],"tags":[],"class_list":["post-4275","post","type-post","status-publish","format-standard","hentry","category-deportes"],"jetpack_featured_media_url":"","_links":{"self":[{"href":"https:\/\/radiorevelacionfm.cl\/index.php?rest_route=\/wp\/v2\/posts\/4275","targetHints":{"allow":["GET"]}}],"collection":[{"href":"https:\/\/radiorevelacionfm.cl\/index.php?rest_route=\/wp\/v2\/posts"}],"about":[{"href":"https:\/\/radiorevelacionfm.cl\/index.php?rest_route=\/wp\/v2\/types\/post"}],"author":[{"embeddable":true,"href":"https:\/\/radiorevelacionfm.cl\/index.php?rest_route=\/wp\/v2\/users\/1"}],"replies":[{"embeddable":true,"href":"https:\/\/radiorevelacionfm.cl\/index.php?rest_route=%2Fwp%2Fv2%2Fcomments&post=4275"}],"version-history":[{"count":1,"href":"https:\/\/radiorevelacionfm.cl\/index.php?rest_route=\/wp\/v2\/posts\/4275\/revisions"}],"predecessor-version":[{"id":4277,"href":"https:\/\/radiorevelacionfm.cl\/index.php?rest_route=\/wp\/v2\/posts\/4275\/revisions\/4277"}],"wp:attachment":[{"href":"https:\/\/radiorevelacionfm.cl\/index.php?rest_route=%2Fwp%2Fv2%2Fmedia&parent=4275"}],"wp:term":[{"taxonomy":"category","embeddable":true,"href":"https:\/\/radiorevelacionfm.cl\/index.php?rest_route=%2Fwp%2Fv2%2Fcategories&post=4275"},{"taxonomy":"post_tag","embeddable":true,"href":"https:\/\/radiorevelacionfm.cl\/index.php?rest_route=%2Fwp%2Fv2%2Ftags&post=4275"}],"curies":[{"name":"wp","href":"https:\/\/api.w.org\/{rel}","templated":true}]}}