{"id":4271,"date":"2021-05-18T19:55:17","date_gmt":"2021-05-18T22:55:17","guid":{"rendered":"https:\/\/radiorevelacionfm.cl\/?p=4271"},"modified":"2021-05-18T19:58:41","modified_gmt":"2021-05-18T22:58:41","slug":"diversas-actividades-se-realizaron-en-el-marco-de-la-semana-del-rinon","status":"publish","type":"post","link":"https:\/\/radiorevelacionfm.cl\/?p=4271","title":{"rendered":"Diversas actividades se realizaron en el marco de la Semana del Ri\u00f1\u00f3n"},"content":{"rendered":"<div class=\"flex_column av_one_full  flex_column_div av-zero-column-padding first  avia-builder-el-0  el_before_av_one_full  avia-builder-el-first  \" style='border-radius:0px; '><div  class='avia-image-container  av-styling-    avia-builder-el-1  avia-builder-el-no-sibling  avia-align-center '  itemprop=\"image\" itemscope=\"itemscope\" itemtype=\"https:\/\/schema.org\/ImageObject\"  ><div class='avia-image-container-inner'><div class='avia-image-overlay-wrap'><img decoding=\"async\" class='wp-image-0 avia-img-lazy-loading-not-0 avia_image' src=\"https:\/\/radiorevelacionfm.cl\/wp-content\/uploads\/2021\/05\/Semana-del-Rinon1-1-1.jpg\" alt='' title=''   itemprop=\"thumbnailUrl\"  \/><\/div><\/div><\/div><\/div><div class=\"flex_column av_one_full  flex_column_div av-zero-column-padding first  avia-builder-el-2  el_after_av_one_full  el_before_av_one_full  column-top-margin\" style='border-radius:0px; '><section class=\"av_textblock_section \"  itemscope=\"itemscope\" itemtype=\"https:\/\/schema.org\/BlogPosting\" itemprop=\"blogPost\" ><div class='avia_textblock  '   itemprop=\"text\" ><p style=\"text-align: center;\"><strong><span style=\"font-size: 18pt;\">Diversas actividades se realizaron en el marco de la Semana del Ri\u00f1\u00f3n<\/span><\/strong><\/p>\n<div id=\"gtx-trans\" style=\"position: absolute; left: -50px; top: 4.31534px;\">\n<div class=\"gtx-trans-icon\"><\/div>\n<\/div>\n<\/div><\/section><\/div><div class=\"flex_column av_one_full  flex_column_div av-zero-column-padding first  avia-builder-el-4  el_after_av_one_full  el_before_av_hr  column-top-margin\" style='border-radius:0px; '><section class=\"av_textblock_section \"  itemscope=\"itemscope\" itemtype=\"https:\/\/schema.org\/BlogPosting\" itemprop=\"blogPost\" ><div class='avia_textblock  '   itemprop=\"text\" ><p style=\"text-align: justify;\">El viernes reci\u00e9n pasado, y en el contexto de la Semana del Ri\u00f1\u00f3n, se realiz\u00f3 una reuni\u00f3n denominada Salud Renal y Atenci\u00f3n Primaria, organizada por el Programa de Salud Cardiovascular, del Servicio y Seremi de Salud, instancia que tuvo por finalidad relevar la importancia del rol de la Atenci\u00f3n Primaria en Salud en la Prevenci\u00f3n de Enfermedad Renal Cr\u00f3nica.<\/p>\n<p style=\"text-align: justify;\">La semana del Ri\u00f1\u00f3n tiene por objetivo sensibilizar y educar a la poblaci\u00f3n sobre la importancia de la prevenci\u00f3n, cuidado, desaf\u00edos y riesgos que conlleva la Enfermedad Renal Cr\u00f3nica (ERC).<\/p>\n<p style=\"text-align: justify;\">Esta instancia de conversaci\u00f3n cont\u00f3 con la participaci\u00f3n de directivos del Servicio de Salud Ays\u00e9n, adem\u00e1s de referentes cl\u00ednicos, destac\u00e1ndose el importante rol que juega la Atenci\u00f3n Primaria en Salud en la prevenci\u00f3n de Enfermedad Renal Cr\u00f3nica. Conoci\u00e9ndose adem\u00e1s las brechas existentes con el fin de seguir avanzando en su resoluci\u00f3n, con la activa participaci\u00f3n de actores relevantes.<\/p>\n<p style=\"text-align: justify;\">Carmen Cuyul, Encargada Regional Programa de Salud Cardiovascular Seremi de Salud Ays\u00e9n, manifest\u00f3 que \u201cestamos satisfechos de nuestro aporte como regi\u00f3n a trav\u00e9s de las acciones realizadas durante esta Semana del Ri\u00f1\u00f3n, ya que adem\u00e1s de las iniciativas que logramos sacar adelante como Programa de Salud Cardiovascular -en la que contamos con el apoyo de la Fundaci\u00f3n Pro Salud Renal- se logr\u00f3 motivar a uno de los equipos de Di\u00e1lisis del Hospital de Puerto Ays\u00e9n. Resulta primordial este tipo de campa\u00f1as, ya que permiten educar a la comunidad tanto en la prevenci\u00f3n y conocer los factores de riesgo de esta silenciosa enfermedad; pero as\u00ed mismo, permite entregarles apoyo -a las personas que padecen esta enfermedad- para un mejor control y habilidades para manejar la Enfermedad Renal Cr\u00f3nica tanto a pacientes como a sus cuidadores\u201d.<\/p>\n<p style=\"text-align: justify;\">Igualmente, se realiz\u00f3 un webinar dirigido a toda la comunidad -enmarcado en la Semana del Ri\u00f1\u00f3n- denominado \u201cSalud Renal en tiempos de pandemia: \u00bfPodemos prevenir la ERC?\u201d, donde profesionales pudieron dialogar y responder dudas de la poblaci\u00f3n.<\/p>\n<p style=\"text-align: justify;\">Por su parte, Roxana Vega, Referente Regional del Programa de Salud Cardiovascular del Servicio de Salud Ays\u00e9n, indic\u00f3 que \u201cesta semana del ri\u00f1\u00f3n realizamos diversas actividades de manera conjunta con la Seremi de Salud, como es el caso de conversatorios, reuniones de coordinaci\u00f3n y actividades de difusi\u00f3n, de manera de relevar este tema, teniendo adem\u00e1s programadas para las pr\u00f3ximas semanas otras acciones. Adem\u00e1s, destacar a la Unidad de Di\u00e1lisis del Hospital de Pto. Ays\u00e9n, quienes pese al contexto de pandemia por COVID-19 trabajaron grabando y difundiendo c\u00e1psulas audiovisuales cuya finalidad era potenciar aspectos relacionados al cuidado que los pacientes\u201d, puntualiz\u00f3.<\/p>\n<p style=\"text-align: justify;\">La Enfermedad Renal es uno de los principales problemas de Salud P\u00fablica a nivel mundial, dado a la disminuci\u00f3n de la calidad y expectativa de vida de las personas, adem\u00e1s de generar una carga muy importante para los sistemas sanitarios.<\/p>\n<p style=\"text-align: justify;\">Cabe destacar, que seg\u00fan antecedentes FONASA, hay 23.445 personas en di\u00e1lisis a diciembre 2020, y nuestra regi\u00f3n no es la excepci\u00f3n, con 157 personas en di\u00e1lisis a la fecha y con 31 ingresos a di\u00e1lisis en el per\u00edodo de pandemia. \u201c<\/p>\n<\/div><\/section><\/div><div  style='height:50px' class='hr hr-invisible   avia-builder-el-6  el_after_av_one_full  el_before_av_social_share '><span class='hr-inner ' ><span class='hr-inner-style'><\/span><\/span><\/div><\/p>\n<div  class='av-social-sharing-box  avia-builder-el-7  el_after_av_hr  el_before_av_hr  '><div class='av-share-box'><h5 class='av-share-link-description av-no-toc '>Compartir esta noticia<\/h5><ul class='av-share-box-list noLightbox'><li class='av-share-link av-social-link-facebook' ><a target=\"_blank\" aria-label=\"Compartir en Facebook\" href='https:\/\/www.facebook.com\/sharer.php?u=https:\/\/radiorevelacionfm.cl\/?p=4271&#038;t=Diversas%20actividades%20se%20realizaron%20en%20el%20marco%20de%20la%20Semana%20del%20Ri%C3%B1%C3%B3n' aria-hidden='false' data-av_icon='\ue8f3' data-av_iconfont='entypo-fontello' title='' data-avia-related-tooltip='Compartir en Facebook' rel=\"noopener\"><span class='avia_hidden_link_text'>Compartir en Facebook<\/span><\/a><\/li><li class='av-share-link av-social-link-twitter' ><a target=\"_blank\" aria-label=\"Compartir en Twitter\" href='https:\/\/twitter.com\/share?text=Diversas%20actividades%20se%20realizaron%20en%20el%20marco%20de%20la%20Semana%20del%20Ri%C3%B1%C3%B3n&#038;url=https:\/\/radiorevelacionfm.cl\/?p=4271' aria-hidden='false' data-av_icon='\ue8f1' data-av_iconfont='entypo-fontello' title='' data-avia-related-tooltip='Compartir en Twitter' rel=\"noopener\"><span class='avia_hidden_link_text'>Compartir en Twitter<\/span><\/a><\/li><li class='av-share-link av-social-link-whatsapp' ><a target=\"_blank\" aria-label=\"Compartir en Whatsapp\" href='https:\/\/api.whatsapp.com\/send?text=https:\/\/radiorevelacionfm.cl\/?p=4271' aria-hidden='false' data-av_icon='\uf232' data-av_iconfont='entypo-fontello' title='' data-avia-related-tooltip='Compartir en Whatsapp' rel=\"noopener\"><span class='avia_hidden_link_text'>Compartir en Whatsapp<\/span><\/a><\/li><li class='av-share-link av-social-link-linkedin' ><a target=\"_blank\" aria-label=\"Compartir en LinkedIn\" href='https:\/\/linkedin.com\/shareArticle?mini=true&#038;title=Diversas%20actividades%20se%20realizaron%20en%20el%20marco%20de%20la%20Semana%20del%20Ri%C3%B1%C3%B3n&#038;url=https:\/\/radiorevelacionfm.cl\/?p=4271' aria-hidden='false' data-av_icon='\ue8fc' data-av_iconfont='entypo-fontello' title='' data-avia-related-tooltip='Compartir en LinkedIn' rel=\"noopener\"><span class='avia_hidden_link_text'>Compartir en LinkedIn<\/span><\/a><\/li><li class='av-share-link av-social-link-mail' ><a  aria-label=\"Compartir por correo\" href='mailto:?subject=Diversas%20actividades%20se%20realizaron%20en%20el%20marco%20de%20la%20Semana%20del%20Ri%C3%B1%C3%B3n&#038;body=https:\/\/radiorevelacionfm.cl\/?p=4271' aria-hidden='false' data-av_icon='\ue805' data-av_iconfont='entypo-fontello' title='' data-avia-related-tooltip='Compartir por correo'><span class='avia_hidden_link_text'>Compartir por correo<\/span><\/a><\/li><\/ul><\/div><\/div>\n<div  style='height:50px' class='hr hr-invisible   avia-builder-el-8  el_after_av_social_share  el_before_av_comments_list '><span class='hr-inner ' ><span class='hr-inner-style'><\/span><\/span><\/div>\n<div  class='av-buildercomment  av-blog-meta-html-info-disabled av-blog-meta-tag-disabled  '><\/div>\n","protected":false},"excerpt":{"rendered":"","protected":false},"author":1,"featured_media":4274,"comment_status":"open","ping_status":"open","sticky":false,"template":"","format":"standard","meta":{"footnotes":""},"categories":[46],"tags":[],"class_list":["post-4271","post","type-post","status-publish","format-standard","has-post-thumbnail","hentry","category-salud"],"jetpack_featured_media_url":"https:\/\/radiorevelacionfm.cl\/wp-content\/uploads\/2021\/05\/Semana-del-Rinon1-2-1.jpg","_links":{"self":[{"href":"https:\/\/radiorevelacionfm.cl\/index.php?rest_route=\/wp\/v2\/posts\/4271","targetHints":{"allow":["GET"]}}],"collection":[{"href":"https:\/\/radiorevelacionfm.cl\/index.php?rest_route=\/wp\/v2\/posts"}],"about":[{"href":"https:\/\/radiorevelacionfm.cl\/index.php?rest_route=\/wp\/v2\/types\/post"}],"author":[{"embeddable":true,"href":"https:\/\/radiorevelacionfm.cl\/index.php?rest_route=\/wp\/v2\/users\/1"}],"replies":[{"embeddable":true,"href":"https:\/\/radiorevelacionfm.cl\/index.php?rest_route=%2Fwp%2Fv2%2Fcomments&post=4271"}],"version-history":[{"count":1,"href":"https:\/\/radiorevelacionfm.cl\/index.php?rest_route=\/wp\/v2\/posts\/4271\/revisions"}],"predecessor-version":[{"id":4273,"href":"https:\/\/radiorevelacionfm.cl\/index.php?rest_route=\/wp\/v2\/posts\/4271\/revisions\/4273"}],"wp:featuredmedia":[{"embeddable":true,"href":"https:\/\/radiorevelacionfm.cl\/index.php?rest_route=\/wp\/v2\/media\/4274"}],"wp:attachment":[{"href":"https:\/\/radiorevelacionfm.cl\/index.php?rest_route=%2Fwp%2Fv2%2Fmedia&parent=4271"}],"wp:term":[{"taxonomy":"category","embeddable":true,"href":"https:\/\/radiorevelacionfm.cl\/index.php?rest_route=%2Fwp%2Fv2%2Fcategories&post=4271"},{"taxonomy":"post_tag","embeddable":true,"href":"https:\/\/radiorevelacionfm.cl\/index.php?rest_route=%2Fwp%2Fv2%2Ftags&post=4271"}],"curies":[{"name":"wp","href":"https:\/\/api.w.org\/{rel}","templated":true}]}}