{"id":42702,"date":"2024-05-31T12:33:15","date_gmt":"2024-05-31T15:33:15","guid":{"rendered":"https:\/\/radiorevelacionfm.cl\/?p=42702"},"modified":"2024-05-31T12:33:15","modified_gmt":"2024-05-31T15:33:15","slug":"encuentro-con-productores-inia-presenta-avances-del-programa-de-manejo-y-control-de-plagas-en-praderas-y-cultivos-forrajeros","status":"publish","type":"post","link":"https:\/\/radiorevelacionfm.cl\/?p=42702","title":{"rendered":"Encuentro con productores: INIA presenta avances del programa de manejo y Control de Plagas en Praderas y Cultivos Forrajeros"},"content":{"rendered":"<div class=\"flex_column av_one_full  flex_column_div av-zero-column-padding first  avia-builder-el-0  el_before_av_one_full  avia-builder-el-first  \" style='border-radius:0px; '><div  class='avia-image-container  av-styling-    avia-builder-el-1  avia-builder-el-no-sibling  avia-align-center '  itemprop=\"image\" itemscope=\"itemscope\" itemtype=\"https:\/\/schema.org\/ImageObject\"  ><div class='avia-image-container-inner'><div class='avia-image-overlay-wrap'><img decoding=\"async\" class='wp-image-42704 avia-img-lazy-loading-not-42704 avia_image' src=\"https:\/\/radiorevelacionfm.cl\/wp-content\/uploads\/2024\/05\/charla-01-1_optimized-1.jpg\" alt='' title='charla-01-(1)_optimized (1)' height=\"600\" width=\"900\"  itemprop=\"thumbnailUrl\" srcset=\"https:\/\/radiorevelacionfm.cl\/wp-content\/uploads\/2024\/05\/charla-01-1_optimized-1.jpg 900w, https:\/\/radiorevelacionfm.cl\/wp-content\/uploads\/2024\/05\/charla-01-1_optimized-1-300x200.jpg 300w, https:\/\/radiorevelacionfm.cl\/wp-content\/uploads\/2024\/05\/charla-01-1_optimized-1-768x512.jpg 768w, https:\/\/radiorevelacionfm.cl\/wp-content\/uploads\/2024\/05\/charla-01-1_optimized-1-705x470.jpg 705w, https:\/\/radiorevelacionfm.cl\/wp-content\/uploads\/2024\/05\/charla-01-1_optimized-1-450x300.jpg 450w, https:\/\/radiorevelacionfm.cl\/wp-content\/uploads\/2024\/05\/charla-01-1_optimized-1-600x400.jpg 600w\" sizes=\"(max-width: 900px) 100vw, 900px\" \/><\/div><\/div><\/div><\/div><div class=\"flex_column av_one_full  flex_column_div av-zero-column-padding first  avia-builder-el-2  el_after_av_one_full  el_before_av_one_full  column-top-margin\" style='border-radius:0px; '><section class=\"av_textblock_section \"  itemscope=\"itemscope\" itemtype=\"https:\/\/schema.org\/BlogPosting\" itemprop=\"blogPost\" ><div class='avia_textblock  '   itemprop=\"text\" ><p style=\"text-align: center;\"><span style=\"font-size: 18pt;\"><b>Encuentro con productores: INIA presenta avances del programa de manejo y Control de Plagas en Praderas y Cultivos Forrajeros<\/b><\/span><\/p>\n<div id=\"gtx-trans\" style=\"position: absolute; left: -50px; top: 4.31534px;\">\n<div class=\"gtx-trans-icon\"><\/div>\n<\/div>\n<\/div><\/section><\/div><\/p>\n<div class=\"flex_column av_one_full  flex_column_div av-zero-column-padding first  avia-builder-el-4  el_after_av_one_full  el_before_av_hr  column-top-margin\" style='border-radius:0px; '><section class=\"av_textblock_section \"  itemscope=\"itemscope\" itemtype=\"https:\/\/schema.org\/BlogPosting\" itemprop=\"blogPost\" ><div class='avia_textblock  '   itemprop=\"text\" ><p class=\"v1MsoNormal\" style=\"text-align: justify;\">En dos jornadas llevadas a cabo en los sectores de Seis Lagunas y Lago Pollux, el Instituto de Investigaciones Agropecuarias (INIA) Tamel Aike present\u00f3 informaci\u00f3n t\u00e9cnica sobre el monitoreo temprano de plagas de insectos. Estas actividades forman parte del programa \u00abManejo y Control de las Principales Plagas en Praderas y Cultivos Forrajeros de Ays\u00e9n\u00bb, financiado por el Gobierno Regional de Ays\u00e9n y su consejo.<\/p>\n<p class=\"v1MsoNormal\" style=\"text-align: justify;\">\u00abNuestra prioridad es proteger la seguridad alimentaria y el sustento de nuestros agricultores y ganaderos en Ays\u00e9n. Por ello, hemos puesto en marcha el programa en respuesta a la preocupaci\u00f3n de nuestros productores por la cuncunilla negra en 2019. Con un presupuesto de M$ 258.837 del Gobierno Regional de Ays\u00e9n, y con el apoyo de INIA Tamel Aike como unidad t\u00e9cnica, lograremos proteger nuestros recursos agr\u00edcolas y ganaderos para las generaciones venideras\u00bb, se\u00f1al\u00f3 Francisco Lara, Jefe de Divisi\u00f3n de Planificaci\u00f3n y Desarrollo Regional (DIPLADE) del Gobierno Regional de Ays\u00e9n.<\/p>\n<p class=\"v1MsoNormal\" style=\"text-align: justify;\">Con el objetivo de compartir conocimientos y recomendaciones con los productores locales, la actividad se realiz\u00f3 en Seis Lagunas durante la ma\u00f1ana del martes 28 y por la tarde en Lago Pollux . La jornada inici\u00f3 con una exposici\u00f3n del Dr. Ernesto Cisternas de INIA La Cruz, entom\u00f3logo y experto asesor del programa, quien explic\u00f3 la importancia del monitoreo y c\u00f3mo llevarlo a cabo. Tambi\u00e9n se presentaron las caracter\u00edsticas de las principales plagas de praderas y cultivos forrajeros de Ays\u00e9n, como la cuncunilla negra, los gusanos blancos y los gorgojos, entre otros.<\/p>\n<p class=\"v1MsoNormal\" style=\"text-align: justify;\">La segunda parte de la jornada, de car\u00e1cter pr\u00e1ctico y al aire libre, mostr\u00f3 las herramientas y t\u00e9cnicas para realizar muestreos de plagas en el suelo, liderada por el equipo t\u00e9cnico del programa. Finalmente, con las muestras recolectadas, se llev\u00f3 a cabo una sesi\u00f3n en sala donde se ense\u00f1\u00f3 a los asistentes c\u00f3mo revisar las muestras de suelo, extraer larvas, adultos y huevos de insectos, y a identificar algunas de las larvas de insectos plaga presentes en la regi\u00f3n.<\/p>\n<p class=\"v1MsoNormal\" style=\"text-align: justify;\">Ren\u00e9 Araneda, administrador de la Empresa Ganadera Valle Grande de Coyhaique, destac\u00f3 la importancia de estas actividades impulsadas por INIA Tamel Aike. \u00abNosotros hemos vivido el da\u00f1o de la cuncunilla negra en varios de nuestros predios, con cuantiosas p\u00e9rdidas en nuestras praderas. Contar con estas instancias de capacitaci\u00f3n nos permite conocer m\u00e1s sobre esta y otras plagas, como los gusanos blancos o el gorgojo de las ballicas, y aprender a detectarlas, identificarlas, muestrear el suelo y tomar medidas para su manejo y control\u00bb.<\/p>\n<p class=\"v1MsoNormal\" style=\"text-align: justify;\">Por su parte, la Dra. Paulina Flores, acad\u00e9mica de la carrera de agronom\u00eda de la Universidad de Ays\u00e9n, quien asisti\u00f3 con un profesional y tres estudiantes de quinto a\u00f1o de agronom\u00eda a la jornada en Seis Lagunas, coment\u00f3: \u00abEste trabajo realizado por el equipo de investigadores del INIA es de gran relevancia, ya que nos permiti\u00f3 conocer t\u00e9cnicas para la toma de muestras de suelo y la identificaci\u00f3n de potenciales plagas fit\u00f3fagas y riz\u00f3fagas. Adem\u00e1s, nos permiti\u00f3 establecer un criterio de muestreo para estimar un umbral de da\u00f1o econ\u00f3mico seg\u00fan la abundancia de un insecto plaga en relaci\u00f3n a una unidad de superficie, un m\u00e9todo pr\u00e1ctico para ser utilizado por productores. Felicitamos a los investigadores y agradecemos la invitaci\u00f3n a esta actividad\u00bb.<\/p>\n<p class=\"v1MsoNormal\" style=\"text-align: justify;\">El Dr. Osvaldo Teuber de INIA Tamel Aike, encargado de la ejecuci\u00f3n regional del programa, subray\u00f3 la pertinencia de estas actividades desarrolladas en dos sectores productivos de la comuna de Coyhaique. \u00abActualmente hemos podido levantar valiosa informaci\u00f3n con este programa, la cual buscamos transmitir al sector productivo con actividades en terreno como esta. Hemos tenido una muy buena asistencia y observado mucho inter\u00e9s por parte de los productores y productoras, adem\u00e1s de profesionales, acad\u00e9micos y estudiantes\u00bb, destac\u00f3 el investigador.<\/p>\n<p class=\"v1MsoNormal\" style=\"text-align: justify;\"><b>Recolectando Informaci\u00f3n con Foco en la Productividad<\/b><\/p>\n<p class=\"v1MsoNormal\" style=\"text-align: justify;\">Los objetivos del programa \u00abManejo y Control de las Principales Plagas en Praderas y Cultivos Forrajeros de Ays\u00e9n\u00bb son desarrollar sistemas de manejo y control para las principales plagas insectiles presentes en la regi\u00f3n, evaluar econ\u00f3micamente la incidencia de estas plagas y su control, y mejorar el capital humano regional a trav\u00e9s de la difusi\u00f3n, transferencia tecnol\u00f3gica y capacitaci\u00f3n con los conocimientos generados en este programa.<\/p>\n<p class=\"v1MsoNormal\" style=\"text-align: justify;\">Un aspecto crucial del primer objetivo es conocer la biolog\u00eda de los insectos, \u00e9pocas de da\u00f1o a los cultivos, meses de vuelo de los insectos adultos, h\u00e1bitos y formas de vida de las larvas en el suelo, entre otros. Adem\u00e1s, es esencial identificar cu\u00e1ndo y d\u00f3nde est\u00e1n presentes estos insectos en la regi\u00f3n. Con esta informaci\u00f3n, se pueden estructurar programas de manejo y control y evaluar su efectividad en el terreno.<\/p>\n<\/div><\/section><\/div>\n<div  style='height:50px' class='hr hr-invisible   avia-builder-el-6  el_after_av_one_full  el_before_av_social_share '><span class='hr-inner ' ><span class='hr-inner-style'><\/span><\/span><\/div>\n<div  class='av-social-sharing-box  avia-builder-el-7  el_after_av_hr  el_before_av_hr  '><div class='av-share-box'><h5 class='av-share-link-description av-no-toc '>Compartir esta noticia<\/h5><ul class='av-share-box-list noLightbox'><li class='av-share-link av-social-link-facebook' ><a target=\"_blank\" aria-label=\"Compartir en Facebook\" href='https:\/\/www.facebook.com\/sharer.php?u=https:\/\/radiorevelacionfm.cl\/?p=42702&#038;t=Encuentro%20con%20productores%3A%20INIA%20presenta%20avances%20del%20programa%20de%20manejo%20y%20Control%20de%20Plagas%20en%20Praderas%20y%20Cultivos%20Forrajeros' aria-hidden='false' data-av_icon='\ue8f3' data-av_iconfont='entypo-fontello' title='' data-avia-related-tooltip='Compartir en Facebook' rel=\"noopener\"><span class='avia_hidden_link_text'>Compartir en Facebook<\/span><\/a><\/li><li class='av-share-link av-social-link-twitter' ><a target=\"_blank\" aria-label=\"Compartir en Twitter\" href='https:\/\/twitter.com\/share?text=Encuentro%20con%20productores%3A%20INIA%20presenta%20avances%20del%20programa%20de%20manejo%20y%20Control%20de%20Plagas%20en%20Praderas%20y%20Cultivos%20Forrajeros&#038;url=https:\/\/radiorevelacionfm.cl\/?p=42702' aria-hidden='false' data-av_icon='\ue8f1' data-av_iconfont='entypo-fontello' title='' data-avia-related-tooltip='Compartir en Twitter' rel=\"noopener\"><span class='avia_hidden_link_text'>Compartir en Twitter<\/span><\/a><\/li><li class='av-share-link av-social-link-whatsapp' ><a target=\"_blank\" aria-label=\"Compartir en Whatsapp\" href='https:\/\/api.whatsapp.com\/send?text=https:\/\/radiorevelacionfm.cl\/?p=42702' aria-hidden='false' data-av_icon='\uf232' data-av_iconfont='entypo-fontello' title='' data-avia-related-tooltip='Compartir en Whatsapp' rel=\"noopener\"><span class='avia_hidden_link_text'>Compartir en Whatsapp<\/span><\/a><\/li><li class='av-share-link av-social-link-linkedin' ><a target=\"_blank\" aria-label=\"Compartir en LinkedIn\" href='https:\/\/linkedin.com\/shareArticle?mini=true&#038;title=Encuentro%20con%20productores%3A%20INIA%20presenta%20avances%20del%20programa%20de%20manejo%20y%20Control%20de%20Plagas%20en%20Praderas%20y%20Cultivos%20Forrajeros&#038;url=https:\/\/radiorevelacionfm.cl\/?p=42702' aria-hidden='false' data-av_icon='\ue8fc' data-av_iconfont='entypo-fontello' title='' data-avia-related-tooltip='Compartir en LinkedIn' rel=\"noopener\"><span class='avia_hidden_link_text'>Compartir en LinkedIn<\/span><\/a><\/li><li class='av-share-link av-social-link-mail' ><a  aria-label=\"Compartir por correo\" href='mailto:?subject=Encuentro%20con%20productores%3A%20INIA%20presenta%20avances%20del%20programa%20de%20manejo%20y%20Control%20de%20Plagas%20en%20Praderas%20y%20Cultivos%20Forrajeros&#038;body=https:\/\/radiorevelacionfm.cl\/?p=42702' aria-hidden='false' data-av_icon='\ue805' data-av_iconfont='entypo-fontello' title='' data-avia-related-tooltip='Compartir por correo'><span class='avia_hidden_link_text'>Compartir por correo<\/span><\/a><\/li><\/ul><\/div><\/div>\n<div  style='height:50px' class='hr hr-invisible   avia-builder-el-8  el_after_av_social_share  el_before_av_comments_list '><span class='hr-inner ' ><span class='hr-inner-style'><\/span><\/span><\/div>\n<div  class='av-buildercomment  av-blog-meta-html-info-disabled av-blog-meta-tag-disabled  '><\/div>\n","protected":false},"excerpt":{"rendered":"","protected":false},"author":1,"featured_media":42704,"comment_status":"open","ping_status":"open","sticky":false,"template":"","format":"standard","meta":{"footnotes":""},"categories":[38],"tags":[],"class_list":["post-42702","post","type-post","status-publish","format-standard","has-post-thumbnail","hentry","category-regional"],"jetpack_featured_media_url":"https:\/\/radiorevelacionfm.cl\/wp-content\/uploads\/2024\/05\/charla-01-1_optimized-1.jpg","_links":{"self":[{"href":"https:\/\/radiorevelacionfm.cl\/index.php?rest_route=\/wp\/v2\/posts\/42702","targetHints":{"allow":["GET"]}}],"collection":[{"href":"https:\/\/radiorevelacionfm.cl\/index.php?rest_route=\/wp\/v2\/posts"}],"about":[{"href":"https:\/\/radiorevelacionfm.cl\/index.php?rest_route=\/wp\/v2\/types\/post"}],"author":[{"embeddable":true,"href":"https:\/\/radiorevelacionfm.cl\/index.php?rest_route=\/wp\/v2\/users\/1"}],"replies":[{"embeddable":true,"href":"https:\/\/radiorevelacionfm.cl\/index.php?rest_route=%2Fwp%2Fv2%2Fcomments&post=42702"}],"version-history":[{"count":2,"href":"https:\/\/radiorevelacionfm.cl\/index.php?rest_route=\/wp\/v2\/posts\/42702\/revisions"}],"predecessor-version":[{"id":42705,"href":"https:\/\/radiorevelacionfm.cl\/index.php?rest_route=\/wp\/v2\/posts\/42702\/revisions\/42705"}],"wp:featuredmedia":[{"embeddable":true,"href":"https:\/\/radiorevelacionfm.cl\/index.php?rest_route=\/wp\/v2\/media\/42704"}],"wp:attachment":[{"href":"https:\/\/radiorevelacionfm.cl\/index.php?rest_route=%2Fwp%2Fv2%2Fmedia&parent=42702"}],"wp:term":[{"taxonomy":"category","embeddable":true,"href":"https:\/\/radiorevelacionfm.cl\/index.php?rest_route=%2Fwp%2Fv2%2Fcategories&post=42702"},{"taxonomy":"post_tag","embeddable":true,"href":"https:\/\/radiorevelacionfm.cl\/index.php?rest_route=%2Fwp%2Fv2%2Ftags&post=42702"}],"curies":[{"name":"wp","href":"https:\/\/api.w.org\/{rel}","templated":true}]}}