{"id":42699,"date":"2024-06-01T22:26:56","date_gmt":"2024-06-02T01:26:56","guid":{"rendered":"https:\/\/radiorevelacionfm.cl\/?p=42699"},"modified":"2024-06-01T22:26:56","modified_gmt":"2024-06-02T01:26:56","slug":"republicanos-evalua-candidaturas-para-alcaldia-de-coyhaique-y-el-gobierno-regional","status":"publish","type":"post","link":"https:\/\/radiorevelacionfm.cl\/?p=42699","title":{"rendered":"Republicanos eval\u00faa candidaturas para alcald\u00eda de Coyhaique y el Gobierno Regional"},"content":{"rendered":"<div class=\"flex_column av_one_full  flex_column_div av-zero-column-padding first  avia-builder-el-0  el_before_av_one_full  avia-builder-el-first  \" style='border-radius:0px; '><div  class='avia-image-container  av-styling-    avia-builder-el-1  avia-builder-el-no-sibling  avia-align-center '  itemprop=\"image\" itemscope=\"itemscope\" itemtype=\"https:\/\/schema.org\/ImageObject\"  ><div class='avia-image-container-inner'><div class='avia-image-overlay-wrap'><img decoding=\"async\" class='wp-image-42700 avia-img-lazy-loading-not-42700 avia_image' src=\"https:\/\/radiorevelacionfm.cl\/wp-content\/uploads\/2024\/05\/fernando-san-cristobal-1_optimized-1.jpg\" alt='' title='fernando-san-crist\u00f3bal-(1)_optimized (1)' height=\"600\" width=\"800\"  itemprop=\"thumbnailUrl\" srcset=\"https:\/\/radiorevelacionfm.cl\/wp-content\/uploads\/2024\/05\/fernando-san-cristobal-1_optimized-1.jpg 800w, https:\/\/radiorevelacionfm.cl\/wp-content\/uploads\/2024\/05\/fernando-san-cristobal-1_optimized-1-300x225.jpg 300w, https:\/\/radiorevelacionfm.cl\/wp-content\/uploads\/2024\/05\/fernando-san-cristobal-1_optimized-1-768x576.jpg 768w, https:\/\/radiorevelacionfm.cl\/wp-content\/uploads\/2024\/05\/fernando-san-cristobal-1_optimized-1-705x529.jpg 705w, https:\/\/radiorevelacionfm.cl\/wp-content\/uploads\/2024\/05\/fernando-san-cristobal-1_optimized-1-450x338.jpg 450w, https:\/\/radiorevelacionfm.cl\/wp-content\/uploads\/2024\/05\/fernando-san-cristobal-1_optimized-1-600x450.jpg 600w\" sizes=\"(max-width: 800px) 100vw, 800px\" \/><\/div><\/div><\/div><\/div><div class=\"flex_column av_one_full  flex_column_div av-zero-column-padding first  avia-builder-el-2  el_after_av_one_full  el_before_av_one_full  column-top-margin\" style='border-radius:0px; '><section class=\"av_textblock_section \"  itemscope=\"itemscope\" itemtype=\"https:\/\/schema.org\/BlogPosting\" itemprop=\"blogPost\" ><div class='avia_textblock  '   itemprop=\"text\" ><p style=\"text-align: center;\"><strong><span style=\"font-size: 18pt;\">Republicanos eval\u00faa candidaturas para alcald\u00eda de Coyhaique y el Gobierno Regional <\/span><\/strong><\/p>\n<div id=\"gtx-trans\" style=\"position: absolute; left: -50px; top: 4.31534px;\">\n<div class=\"gtx-trans-icon\"><\/div>\n<\/div>\n<\/div><\/section><\/div><div class=\"flex_column av_one_full  flex_column_div av-zero-column-padding first  avia-builder-el-4  el_after_av_one_full  el_before_av_hr  column-top-margin\" style='border-radius:0px; '><section class=\"av_textblock_section \"  itemscope=\"itemscope\" itemtype=\"https:\/\/schema.org\/BlogPosting\" itemprop=\"blogPost\" ><div class='avia_textblock  '   itemprop=\"text\" ><div>\n<p lang=\"ES-ES\" style=\"text-align: justify;\"><em><span lang=\"ES-ES\">Desde la colectividad, afirmaron que ante la pasividad de la oposici\u00f3n y lo abierto del escenario electoral, est\u00e1n dispuestos a levantar alternativas para liderar\u00a0la gesti\u00f3n de la capital regional y del Gobierno Regional.\u00a0<\/span>\u00a0<\/em><\/p>\n<\/div>\n<div style=\"text-align: justify;\">\n<p lang=\"ES-ES\"><span lang=\"ES-ES\">El anuncio fue entregado por el presidente\u00a0regional\u00a0del Partido Republicano, Fernando San Crist\u00f3bal, que explic\u00f3 han sido parte activa de las cuentas p\u00fablicas recientemente realizadas tanto por el\u00a0Delegado\u00a0Presidencial Regional y la Gobernadora Regional, cuya coincidencia est\u00e1 en\u00a0que lo presentado en sus discursos no reflejan\u00a0la realidad local.<\/span><\/p>\n<\/div>\n<div style=\"text-align: justify;\">\n<p lang=\"ES-ES\"><span lang=\"ES-ES\">As\u00ed, tras la cuenta p\u00fablica realizada por la Gobernadora Regional, Andrea Mac\u00edas, desde el Partido\u00a0Republicano\u00a0entregaron sus impresiones\u00a0sobre\u00a0lo presentado por la primera autoridad.<\/span><\/p>\n<\/div>\n<div style=\"text-align: justify;\">\n<p lang=\"ES-ES\"><span lang=\"ES-ES\">Al respecto, el presidente\u00a0regional\u00a0de Republicanos, Fernando San Crist\u00f3bal, coment\u00f3 que \u201clo presentado en la cuenta\u00a0p\u00fablica\u00a0consisti\u00f3\u00a0en gran parte en enunciar obras de arrastre\u00a0que vienen del ejecutivo\u00a0anterior, con evidentes retrasos por la deficiente gesti\u00f3n\u00a0actual. Esto es grave, considerando\u00a0que,\u00a0restan menos de 6 meses de mandato,\u00a0y se inician diversas\u00a0campa\u00f1as\u00a0electorales,\u00a0evidenci\u00e1ndose\u00a0la\u00a0reelecci\u00f3n\u00a0de la actual gobernadora\u00a0que contin\u00faa con una de las peores ejecuciones presupuestarias del pa\u00eds, lo que trat\u00f3 de maquillarse ayer con otras cifras\u201d.\u00a0<\/span><\/p>\n<\/div>\n<div style=\"text-align: justify;\">\n<p lang=\"ES-ES\"><span lang=\"ES-ES\">\u201cNos preocupa que no se tenga una oposici\u00f3n convocante y unida a nivel local, por ende, hemos definido el analizar presentar candidaturas para el Gobierno Regional y tambi\u00e9n para la alcald\u00eda de Coyhaique, contamos con militantes de\u00a0vasta\u00a0experiencia\u00a0profesional y que est\u00e1n disponibles a asumir estos desaf\u00edos, de manera de ofrecer tambi\u00e9n una alternativa a la ciudadan\u00eda para liderar el desarrollo regional y local a fin de mejorar la calidad de vida de todos los\u00a0Ayseninos\u201d, agreg\u00f3 San Crist\u00f3bal.<\/span><\/p>\n<\/div>\n<div>\n<p lang=\"ES-ES\" style=\"text-align: justify;\"><span lang=\"ES-ES\">Finalmente, el dirigente republicano afirm\u00f3 que \u201cla Regi\u00f3n contin\u00faa en un notorio abandono por parte de las autoridades de nivel central y no vemos la gesti\u00f3n de las autoridades regionales reflejadas en nuevas obras de\u00a0infraestructura\u00a0y conectividad,\u00a0nos preocupa el aumento de la delincuencia en la capital regional y la falta de sinton\u00eda que se ha sostenido con los sectores productivos. Sumado a ello, el empleo y un mejor acceso a la salud, siguen siendo los temas que m\u00e1s plantea la gente de la regi\u00f3n,\u00a0que, en el corto plazo, no han tenido soluci\u00f3n y son parte de la agenda que estaremos levantando de cara al pr\u00f3ximo proceso electoral\u201d.<\/span><\/p>\n<\/div>\n<\/div><\/section><\/div><div  style='height:50px' class='hr hr-invisible   avia-builder-el-6  el_after_av_one_full  el_before_av_social_share '><span class='hr-inner ' ><span class='hr-inner-style'><\/span><\/span><\/div><\/p>\n<div  class='av-social-sharing-box  avia-builder-el-7  el_after_av_hr  el_before_av_hr  '><div class='av-share-box'><h5 class='av-share-link-description av-no-toc '>Compartir esta noticia<\/h5><ul class='av-share-box-list noLightbox'><li class='av-share-link av-social-link-facebook' ><a target=\"_blank\" aria-label=\"Compartir en Facebook\" href='https:\/\/www.facebook.com\/sharer.php?u=https:\/\/radiorevelacionfm.cl\/?p=42699&#038;t=Republicanos%20eval%C3%BAa%20candidaturas%20para%20alcald%C3%ADa%20de%20Coyhaique%20y%20el%20Gobierno%20Regional' aria-hidden='false' data-av_icon='\ue8f3' data-av_iconfont='entypo-fontello' title='' data-avia-related-tooltip='Compartir en Facebook' rel=\"noopener\"><span class='avia_hidden_link_text'>Compartir en Facebook<\/span><\/a><\/li><li class='av-share-link av-social-link-twitter' ><a target=\"_blank\" aria-label=\"Compartir en Twitter\" href='https:\/\/twitter.com\/share?text=Republicanos%20eval%C3%BAa%20candidaturas%20para%20alcald%C3%ADa%20de%20Coyhaique%20y%20el%20Gobierno%20Regional&#038;url=https:\/\/radiorevelacionfm.cl\/?p=42699' aria-hidden='false' data-av_icon='\ue8f1' data-av_iconfont='entypo-fontello' title='' data-avia-related-tooltip='Compartir en Twitter' rel=\"noopener\"><span class='avia_hidden_link_text'>Compartir en Twitter<\/span><\/a><\/li><li class='av-share-link av-social-link-whatsapp' ><a target=\"_blank\" aria-label=\"Compartir en Whatsapp\" href='https:\/\/api.whatsapp.com\/send?text=https:\/\/radiorevelacionfm.cl\/?p=42699' aria-hidden='false' data-av_icon='\uf232' data-av_iconfont='entypo-fontello' title='' data-avia-related-tooltip='Compartir en Whatsapp' rel=\"noopener\"><span class='avia_hidden_link_text'>Compartir en Whatsapp<\/span><\/a><\/li><li class='av-share-link av-social-link-linkedin' ><a target=\"_blank\" aria-label=\"Compartir en LinkedIn\" href='https:\/\/linkedin.com\/shareArticle?mini=true&#038;title=Republicanos%20eval%C3%BAa%20candidaturas%20para%20alcald%C3%ADa%20de%20Coyhaique%20y%20el%20Gobierno%20Regional&#038;url=https:\/\/radiorevelacionfm.cl\/?p=42699' aria-hidden='false' data-av_icon='\ue8fc' data-av_iconfont='entypo-fontello' title='' data-avia-related-tooltip='Compartir en LinkedIn' rel=\"noopener\"><span class='avia_hidden_link_text'>Compartir en LinkedIn<\/span><\/a><\/li><li class='av-share-link av-social-link-mail' ><a  aria-label=\"Compartir por correo\" href='mailto:?subject=Republicanos%20eval%C3%BAa%20candidaturas%20para%20alcald%C3%ADa%20de%20Coyhaique%20y%20el%20Gobierno%20Regional&#038;body=https:\/\/radiorevelacionfm.cl\/?p=42699' aria-hidden='false' data-av_icon='\ue805' data-av_iconfont='entypo-fontello' title='' data-avia-related-tooltip='Compartir por correo'><span class='avia_hidden_link_text'>Compartir por correo<\/span><\/a><\/li><\/ul><\/div><\/div>\n<div  style='height:50px' class='hr hr-invisible   avia-builder-el-8  el_after_av_social_share  el_before_av_comments_list '><span class='hr-inner ' ><span class='hr-inner-style'><\/span><\/span><\/div>\n<div  class='av-buildercomment  av-blog-meta-html-info-disabled av-blog-meta-tag-disabled  '><\/div>\n","protected":false},"excerpt":{"rendered":"","protected":false},"author":1,"featured_media":42700,"comment_status":"open","ping_status":"open","sticky":false,"template":"","format":"standard","meta":{"footnotes":""},"categories":[35],"tags":[],"class_list":["post-42699","post","type-post","status-publish","format-standard","has-post-thumbnail","hentry","category-politica"],"jetpack_featured_media_url":"https:\/\/radiorevelacionfm.cl\/wp-content\/uploads\/2024\/05\/fernando-san-cristobal-1_optimized-1.jpg","_links":{"self":[{"href":"https:\/\/radiorevelacionfm.cl\/index.php?rest_route=\/wp\/v2\/posts\/42699","targetHints":{"allow":["GET"]}}],"collection":[{"href":"https:\/\/radiorevelacionfm.cl\/index.php?rest_route=\/wp\/v2\/posts"}],"about":[{"href":"https:\/\/radiorevelacionfm.cl\/index.php?rest_route=\/wp\/v2\/types\/post"}],"author":[{"embeddable":true,"href":"https:\/\/radiorevelacionfm.cl\/index.php?rest_route=\/wp\/v2\/users\/1"}],"replies":[{"embeddable":true,"href":"https:\/\/radiorevelacionfm.cl\/index.php?rest_route=%2Fwp%2Fv2%2Fcomments&post=42699"}],"version-history":[{"count":1,"href":"https:\/\/radiorevelacionfm.cl\/index.php?rest_route=\/wp\/v2\/posts\/42699\/revisions"}],"predecessor-version":[{"id":42701,"href":"https:\/\/radiorevelacionfm.cl\/index.php?rest_route=\/wp\/v2\/posts\/42699\/revisions\/42701"}],"wp:featuredmedia":[{"embeddable":true,"href":"https:\/\/radiorevelacionfm.cl\/index.php?rest_route=\/wp\/v2\/media\/42700"}],"wp:attachment":[{"href":"https:\/\/radiorevelacionfm.cl\/index.php?rest_route=%2Fwp%2Fv2%2Fmedia&parent=42699"}],"wp:term":[{"taxonomy":"category","embeddable":true,"href":"https:\/\/radiorevelacionfm.cl\/index.php?rest_route=%2Fwp%2Fv2%2Fcategories&post=42699"},{"taxonomy":"post_tag","embeddable":true,"href":"https:\/\/radiorevelacionfm.cl\/index.php?rest_route=%2Fwp%2Fv2%2Ftags&post=42699"}],"curies":[{"name":"wp","href":"https:\/\/api.w.org\/{rel}","templated":true}]}}