{"id":42695,"date":"2024-05-30T23:21:27","date_gmt":"2024-05-31T02:21:27","guid":{"rendered":"https:\/\/radiorevelacionfm.cl\/?p=42695"},"modified":"2024-05-30T23:21:27","modified_gmt":"2024-05-31T02:21:27","slug":"vecinos-de-cerro-castillo-celebraron-el-dia-del-desafio-2024-con-baileton-familiar","status":"publish","type":"post","link":"https:\/\/radiorevelacionfm.cl\/?p=42695","title":{"rendered":"Vecinos de Cerro Castillo celebraron el D\u00eda del Desaf\u00edo 2024 con bailet\u00f3n familiar"},"content":{"rendered":"<div class=\"flex_column av_one_full  flex_column_div av-zero-column-padding first  avia-builder-el-0  el_before_av_one_full  avia-builder-el-first  \" style='border-radius:0px; '><div  class='avia-image-container  av-styling-    avia-builder-el-1  avia-builder-el-no-sibling  avia-align-center '  itemprop=\"image\" itemscope=\"itemscope\" itemtype=\"https:\/\/schema.org\/ImageObject\"  ><div class='avia-image-container-inner'><div class='avia-image-overlay-wrap'><img decoding=\"async\" class='wp-image-42697 avia-img-lazy-loading-not-42697 avia_image' src=\"https:\/\/radiorevelacionfm.cl\/wp-content\/uploads\/2024\/05\/b6-1-1.jpeg\" alt='' title='b6 (1) (1)' height=\"600\" width=\"800\"  itemprop=\"thumbnailUrl\" srcset=\"https:\/\/radiorevelacionfm.cl\/wp-content\/uploads\/2024\/05\/b6-1-1.jpeg 800w, https:\/\/radiorevelacionfm.cl\/wp-content\/uploads\/2024\/05\/b6-1-1-300x225.jpeg 300w, https:\/\/radiorevelacionfm.cl\/wp-content\/uploads\/2024\/05\/b6-1-1-768x576.jpeg 768w, https:\/\/radiorevelacionfm.cl\/wp-content\/uploads\/2024\/05\/b6-1-1-705x529.jpeg 705w, https:\/\/radiorevelacionfm.cl\/wp-content\/uploads\/2024\/05\/b6-1-1-450x338.jpeg 450w, https:\/\/radiorevelacionfm.cl\/wp-content\/uploads\/2024\/05\/b6-1-1-600x450.jpeg 600w\" sizes=\"(max-width: 800px) 100vw, 800px\" \/><\/div><\/div><\/div><\/div><div class=\"flex_column av_one_full  flex_column_div av-zero-column-padding first  avia-builder-el-2  el_after_av_one_full  el_before_av_one_full  column-top-margin\" style='border-radius:0px; '><section class=\"av_textblock_section \"  itemscope=\"itemscope\" itemtype=\"https:\/\/schema.org\/BlogPosting\" itemprop=\"blogPost\" ><div class='avia_textblock  '   itemprop=\"text\" ><p style=\"text-align: center;\"><span style=\"font-size: 18pt;\"><b>Vecinos de Cerro Castillo celebraron el D\u00eda del Desaf\u00edo 2024 con bailet\u00f3n familiar<\/b><\/span><\/p>\n<div id=\"gtx-trans\" style=\"position: absolute; left: -50px; top: 4.31534px;\">\n<div class=\"gtx-trans-icon\"><\/div>\n<\/div>\n<\/div><\/section><\/div><div class=\"flex_column av_one_full  flex_column_div av-zero-column-padding first  avia-builder-el-4  el_after_av_one_full  el_before_av_hr  column-top-margin\" style='border-radius:0px; '><section class=\"av_textblock_section \"  itemscope=\"itemscope\" itemtype=\"https:\/\/schema.org\/BlogPosting\" itemprop=\"blogPost\" ><div class='avia_textblock  '   itemprop=\"text\" ><p class=\"v1MsoNormal\" style=\"text-align: justify;\"><em>Organizado por el Instituto Nacional de Deportes con colaboraci\u00f3n de la Municipalidad de R\u00edo Ib\u00e1\u00f1ez, la\u00a0iniciativa se enmarca en el d\u00eda mundial que\u00a0promueve el deporte y la actividad f\u00edsica en la vida diaria.<\/em><\/p>\n<p class=\"v1MsoNormal\" style=\"text-align: justify;\"><span lang=\"ES-MX\">Este 29 de mayo se celebr\u00f3 una nueva versi\u00f3n del \u00abD\u00eda del Desaf\u00edo, fecha en que el IND regional y su programa de Deporte y Participaci\u00f3n Social (DPS) organiz\u00f3 una bailet\u00f3n recreativa \u00a0que cont\u00f3 con la colaboraci\u00f3n de la Municipalidad de R\u00edo Ib\u00e1\u00f1ez y que se desarroll\u00f3 la tarde de \u00e9ste mi\u00e9rcoles en el gimnasio local.<\/span><\/p>\n<p style=\"text-align: justify;\"><span lang=\"ES-MX\">Al respecto, la Seremi del\u00a0 Deporte, Mar\u00eda Eugenia Dur\u00e1n Jara, coment\u00f3: \u00abE<\/span><span lang=\"ES-MX\">sta es la primera que vez que celebramos el Villa Cerro Castillo el D\u00eda Del Desaf\u00edo que es un evento de car\u00e1cter mundial, que se desarrolla el \u00faltimo mi\u00e9rcoles del mes de mayo todos los a\u00f1os sobre todo en regiones donde el clima es bastante fr\u00edo, y es un llamado a no quedarse en casa, a ejercitarse, a salir a moverse a generar calor corporal, as\u00ed que contentos porque esta es una gesti\u00f3n que realiza el IND regional a trav\u00e9s de su programa de Deporte y Participaci\u00f3n Social para ofrecer una actividad recreativa y seguir incentivando la actividad f\u00edsica, el deporte y la cultura del movimiento que nos mandata el Presidente Gabriel Boric, as\u00ed que desde el Ministerio del Deporte junto a IND vamos a\u00a0 seguir desarrollando este tipo de eventos que motiven a las personas a llevar una vida activa\u00a0 y que es reflejo del compromiso de nuestro Gobierno de estar presentes adem\u00e1s en cada regi\u00f3n y rinc\u00f3n del pa\u00eds, con\u00a0<\/span>programas de Actividad F\u00edsica del Instituto Nacional del Deporte\u00bb.<\/p>\n<p style=\"text-align: justify;\">Asimismo, el Director Regional (s) del IND, Javier Medina Mella se\u00f1al\u00f3 \u00abAgradecer a las vecinas y vecinos de Villa Cerro Castillo que respondieron a nuestra convocatoria y desafiaron las bajas temperaturas de esta tarde de mi\u00e9rcoles para asistir a esta actividad, estamos muy contentos porque es primera vez que descentralizamos este D\u00eda del Desaf\u00edo, destacar a las y los funcionarios de IND de DPS que se trasladaron desde Coyhaique junto a los monitores, agradecer adem\u00e1s al Alcalde de la comuna Juan Saldivia y a Felipe Carrasco coordinador de deportes, a\u00a0<em>Wilson<\/em>\u00a0Aguilar,\u00a0<em>Delegado<\/em>\u00a0Municipal de Villa\u00a0<em>Cerro Castillo que nos acompa\u00f1\u00f3 y agregar que el Instituto de Deportes desarrolla ac\u00e1 en la villa talleres gratuitos DPS de entrenamiento \u00a0funcional y yoga, adem\u00e1s de escalada y karate para ni\u00f1as y ni\u00f1os a trav\u00e9s del programa Crecer en Movimiento\u00bb.<\/em><\/p>\n<p class=\"v1MsoNormal\" style=\"text-align: justify;\">SOBRE EL\u00a0D\u00cdA DEL DESAF\u00cdO<\/p>\n<p class=\"v1MsoNormal\" style=\"text-align: justify;\">El 29 de mayo de 2024 se lleva a cabo la 30\u00aa edici\u00f3n del D\u00eda del Desaf\u00edo, una iniciativa global liderada por TAFISA (The Association For International Sport for All), con el respaldo institucional de ISCA (International Sport and Culture Association), UNESCO (Organizaci\u00f3n de las Naciones Unidas para la Educaci\u00f3n, la Ciencia y la Cultura) y con la coordinaci\u00f3n de Sesc S\u00e3o Paulo en el continente americano, con el objetivo de fomentar la pr\u00e1ctica regular de deportes.<\/p>\n<p class=\"v1MsoNormal\" style=\"text-align: justify;\">Este a\u00f1o, a partir del movimiento Ciudades Saludables, creado por la OMS (Organizaci\u00f3n Mundial de la Salud), la campa\u00f1a busca ampliar las discusiones sobre los conceptos de actividad f\u00edsica recreativa, actividad f\u00edsica utilitaria y sobre los modos de transporte que hoy en d\u00eda dicen mucho sobre la salud y funcionalidad de una ciudad. Y de esta manera, diversas organizaciones del mundo p\u00fablico y privado se suman a\u00f1o a a\u00f1o a \u00a0otro D\u00eda del Desaf\u00edo, para fomentar \u00a0la pr\u00e1ctica de actividades f\u00edsicas y deportivas en momentos de ocio, as\u00ed como para promover la creaci\u00f3n de una comunidad m\u00e1s activa.<\/p>\n<p class=\"v1MsoNormal\" style=\"text-align: justify;\"><span lang=\"ES-MX\">\u00a0<\/span><\/p>\n<\/div><\/section><\/div><div  style='height:50px' class='hr hr-invisible   avia-builder-el-6  el_after_av_one_full  el_before_av_social_share '><span class='hr-inner ' ><span class='hr-inner-style'><\/span><\/span><\/div><\/p>\n<div  class='av-social-sharing-box  avia-builder-el-7  el_after_av_hr  el_before_av_hr  '><div class='av-share-box'><h5 class='av-share-link-description av-no-toc '>Compartir esta noticia<\/h5><ul class='av-share-box-list noLightbox'><li class='av-share-link av-social-link-facebook' ><a target=\"_blank\" aria-label=\"Compartir en Facebook\" href='https:\/\/www.facebook.com\/sharer.php?u=https:\/\/radiorevelacionfm.cl\/?p=42695&#038;t=Vecinos%20de%20Cerro%20Castillo%20celebraron%20el%20D%C3%ADa%20del%20Desaf%C3%ADo%202024%20con%20bailet%C3%B3n%20familiar' aria-hidden='false' data-av_icon='\ue8f3' data-av_iconfont='entypo-fontello' title='' data-avia-related-tooltip='Compartir en Facebook' rel=\"noopener\"><span class='avia_hidden_link_text'>Compartir en Facebook<\/span><\/a><\/li><li class='av-share-link av-social-link-twitter' ><a target=\"_blank\" aria-label=\"Compartir en Twitter\" href='https:\/\/twitter.com\/share?text=Vecinos%20de%20Cerro%20Castillo%20celebraron%20el%20D%C3%ADa%20del%20Desaf%C3%ADo%202024%20con%20bailet%C3%B3n%20familiar&#038;url=https:\/\/radiorevelacionfm.cl\/?p=42695' aria-hidden='false' data-av_icon='\ue8f1' data-av_iconfont='entypo-fontello' title='' data-avia-related-tooltip='Compartir en Twitter' rel=\"noopener\"><span class='avia_hidden_link_text'>Compartir en Twitter<\/span><\/a><\/li><li class='av-share-link av-social-link-whatsapp' ><a target=\"_blank\" aria-label=\"Compartir en Whatsapp\" href='https:\/\/api.whatsapp.com\/send?text=https:\/\/radiorevelacionfm.cl\/?p=42695' aria-hidden='false' data-av_icon='\uf232' data-av_iconfont='entypo-fontello' title='' data-avia-related-tooltip='Compartir en Whatsapp' rel=\"noopener\"><span class='avia_hidden_link_text'>Compartir en Whatsapp<\/span><\/a><\/li><li class='av-share-link av-social-link-linkedin' ><a target=\"_blank\" aria-label=\"Compartir en LinkedIn\" href='https:\/\/linkedin.com\/shareArticle?mini=true&#038;title=Vecinos%20de%20Cerro%20Castillo%20celebraron%20el%20D%C3%ADa%20del%20Desaf%C3%ADo%202024%20con%20bailet%C3%B3n%20familiar&#038;url=https:\/\/radiorevelacionfm.cl\/?p=42695' aria-hidden='false' data-av_icon='\ue8fc' data-av_iconfont='entypo-fontello' title='' data-avia-related-tooltip='Compartir en LinkedIn' rel=\"noopener\"><span class='avia_hidden_link_text'>Compartir en LinkedIn<\/span><\/a><\/li><li class='av-share-link av-social-link-mail' ><a  aria-label=\"Compartir por correo\" href='mailto:?subject=Vecinos%20de%20Cerro%20Castillo%20celebraron%20el%20D%C3%ADa%20del%20Desaf%C3%ADo%202024%20con%20bailet%C3%B3n%20familiar&#038;body=https:\/\/radiorevelacionfm.cl\/?p=42695' aria-hidden='false' data-av_icon='\ue805' data-av_iconfont='entypo-fontello' title='' data-avia-related-tooltip='Compartir por correo'><span class='avia_hidden_link_text'>Compartir por correo<\/span><\/a><\/li><\/ul><\/div><\/div>\n<div  style='height:50px' class='hr hr-invisible   avia-builder-el-8  el_after_av_social_share  el_before_av_comments_list '><span class='hr-inner ' ><span class='hr-inner-style'><\/span><\/span><\/div>\n<div  class='av-buildercomment  av-blog-meta-html-info-disabled av-blog-meta-tag-disabled  '><\/div>\n","protected":false},"excerpt":{"rendered":"","protected":false},"author":1,"featured_media":42697,"comment_status":"open","ping_status":"open","sticky":false,"template":"","format":"standard","meta":{"footnotes":""},"categories":[40],"tags":[],"class_list":["post-42695","post","type-post","status-publish","format-standard","has-post-thumbnail","hentry","category-deportes"],"jetpack_featured_media_url":"https:\/\/radiorevelacionfm.cl\/wp-content\/uploads\/2024\/05\/b6-1-1.jpeg","_links":{"self":[{"href":"https:\/\/radiorevelacionfm.cl\/index.php?rest_route=\/wp\/v2\/posts\/42695","targetHints":{"allow":["GET"]}}],"collection":[{"href":"https:\/\/radiorevelacionfm.cl\/index.php?rest_route=\/wp\/v2\/posts"}],"about":[{"href":"https:\/\/radiorevelacionfm.cl\/index.php?rest_route=\/wp\/v2\/types\/post"}],"author":[{"embeddable":true,"href":"https:\/\/radiorevelacionfm.cl\/index.php?rest_route=\/wp\/v2\/users\/1"}],"replies":[{"embeddable":true,"href":"https:\/\/radiorevelacionfm.cl\/index.php?rest_route=%2Fwp%2Fv2%2Fcomments&post=42695"}],"version-history":[{"count":1,"href":"https:\/\/radiorevelacionfm.cl\/index.php?rest_route=\/wp\/v2\/posts\/42695\/revisions"}],"predecessor-version":[{"id":42698,"href":"https:\/\/radiorevelacionfm.cl\/index.php?rest_route=\/wp\/v2\/posts\/42695\/revisions\/42698"}],"wp:featuredmedia":[{"embeddable":true,"href":"https:\/\/radiorevelacionfm.cl\/index.php?rest_route=\/wp\/v2\/media\/42697"}],"wp:attachment":[{"href":"https:\/\/radiorevelacionfm.cl\/index.php?rest_route=%2Fwp%2Fv2%2Fmedia&parent=42695"}],"wp:term":[{"taxonomy":"category","embeddable":true,"href":"https:\/\/radiorevelacionfm.cl\/index.php?rest_route=%2Fwp%2Fv2%2Fcategories&post=42695"},{"taxonomy":"post_tag","embeddable":true,"href":"https:\/\/radiorevelacionfm.cl\/index.php?rest_route=%2Fwp%2Fv2%2Ftags&post=42695"}],"curies":[{"name":"wp","href":"https:\/\/api.w.org\/{rel}","templated":true}]}}