{"id":42692,"date":"2024-05-31T16:02:43","date_gmt":"2024-05-31T19:02:43","guid":{"rendered":"https:\/\/radiorevelacionfm.cl\/?p=42692"},"modified":"2024-05-31T16:02:43","modified_gmt":"2024-05-31T19:02:43","slug":"seremi-de-trabajo-y-prevision-social-realizo-emotivo-homenaje-a-1era-cut-regional","status":"publish","type":"post","link":"https:\/\/radiorevelacionfm.cl\/?p=42692","title":{"rendered":"Seremi de Trabajo y Previsi\u00f3n Social realiz\u00f3 emotivo homenaje a 1era CUT Regional"},"content":{"rendered":"<div class=\"flex_column av_one_full  flex_column_div av-zero-column-padding first  avia-builder-el-0  el_before_av_one_full  avia-builder-el-first  \" style='border-radius:0px; '><div  class='avia-image-container  av-styling-    avia-builder-el-1  avia-builder-el-no-sibling  avia-align-center '  itemprop=\"image\" itemscope=\"itemscope\" itemtype=\"https:\/\/schema.org\/ImageObject\"  ><div class='avia-image-container-inner'><div class='avia-image-overlay-wrap'><img decoding=\"async\" class='wp-image-42693 avia-img-lazy-loading-not-42693 avia_image' src=\"https:\/\/radiorevelacionfm.cl\/wp-content\/uploads\/2024\/05\/Reconocimiento_1eraCUTLegal-1-1.jpeg\" alt='' title='Reconocimiento_1eraCUTLegal (1) (1)' height=\"600\" width=\"800\"  itemprop=\"thumbnailUrl\" srcset=\"https:\/\/radiorevelacionfm.cl\/wp-content\/uploads\/2024\/05\/Reconocimiento_1eraCUTLegal-1-1.jpeg 800w, https:\/\/radiorevelacionfm.cl\/wp-content\/uploads\/2024\/05\/Reconocimiento_1eraCUTLegal-1-1-300x225.jpeg 300w, https:\/\/radiorevelacionfm.cl\/wp-content\/uploads\/2024\/05\/Reconocimiento_1eraCUTLegal-1-1-768x576.jpeg 768w, https:\/\/radiorevelacionfm.cl\/wp-content\/uploads\/2024\/05\/Reconocimiento_1eraCUTLegal-1-1-705x529.jpeg 705w, https:\/\/radiorevelacionfm.cl\/wp-content\/uploads\/2024\/05\/Reconocimiento_1eraCUTLegal-1-1-450x338.jpeg 450w, https:\/\/radiorevelacionfm.cl\/wp-content\/uploads\/2024\/05\/Reconocimiento_1eraCUTLegal-1-1-600x450.jpeg 600w\" sizes=\"(max-width: 800px) 100vw, 800px\" \/><\/div><\/div><\/div><\/div><div class=\"flex_column av_one_full  flex_column_div av-zero-column-padding first  avia-builder-el-2  el_after_av_one_full  el_before_av_one_full  column-top-margin\" style='border-radius:0px; '><section class=\"av_textblock_section \"  itemscope=\"itemscope\" itemtype=\"https:\/\/schema.org\/BlogPosting\" itemprop=\"blogPost\" ><div class='avia_textblock  '   itemprop=\"text\" ><p style=\"text-align: center;\"><span style=\"font-size: 18pt;\"><b>Seremi de Trabajo y Previsi\u00f3n Social realiz\u00f3 emotivo homenaje a 1era CUT Regional<\/b><\/span><\/p>\n<div id=\"gtx-trans\" style=\"position: absolute; left: -50px; top: 4.31534px;\">\n<div class=\"gtx-trans-icon\"><\/div>\n<\/div>\n<\/div><\/section><\/div><div class=\"flex_column av_one_full  flex_column_div av-zero-column-padding first  avia-builder-el-4  el_after_av_one_full  el_before_av_hr  column-top-margin\" style='border-radius:0px; '><section class=\"av_textblock_section \"  itemscope=\"itemscope\" itemtype=\"https:\/\/schema.org\/BlogPosting\" itemprop=\"blogPost\" ><div class='avia_textblock  '   itemprop=\"text\" ><div class=\"v1gmail_default\">\n<p class=\"v1MsoNormal\" style=\"text-align: justify;\">En un emotivo acto realizado en dependencias de la Seremi de Trabajo y Previsi\u00f3n Social de Ays\u00e9n, se realiz\u00f3 un acto de reconocimiento a la primera Central Unitaria de Trabajadores, CUT, de la Regi\u00f3n de Ays\u00e9n y a sus dirigentes y dirigenta que lograron legalizarla.<\/p>\n<p class=\"v1MsoNormal\" style=\"text-align: justify;\">La actividad se realiz\u00f3 en el contexto del Mes del Trabajador y la Trabajadora, participando junto a los homenajeados y al anfitri\u00f3n, el Seremi Rodrigo D\u00edaz Cordaro, el Delegado presidencial Regional, Rodrigo Araya Morales; la Seremi(s) de las Culturas y las Artes, Claudia Bustamante; el secretario de la CUT actual, Claudio Rivera y la presidenta de la ANEF, Y\u00e9ssica Almonacid.<\/p>\n<p class=\"v1MsoNormal\" style=\"text-align: justify;\">En este sentido, el Delegado presidencial Regional, Rodrigo Araya Morales destac\u00f3 la memoria y la importancia de las organizaciones sindicales, \u00abPara nuestro Presidente Gabriel Boric y para nuestro Gobierno, el establecer la memoria es algo muy importante y este reconocimiento de esa primera directiva de la CUT regional que se instal\u00f3 ac\u00e1 en el a\u00f1o 1996, es un hecho digno de recordar, estuvimos aqu\u00ed participando con integrantes de esa primera directiva. Para nuestro Gobierno el tema de dar seguridad y la importancia de que los trabajadores se puedan organizar para poder defender su derecho y tambi\u00e9n velar por la seguridad de sus integrantes y de sus familias, es un tema que nosotros asumimos tambi\u00e9n como una labor importante, hemos legislado en relaci\u00f3n a ese tema. Solamente por nombrar algunos ejemplos, el poder lograr con un acuerdo parlamentario interesante el tema de las 40 horas, con reducci\u00f3n progresiva y el llegar a un acuerdo tripartito a trav\u00e9s de esa conversaci\u00f3n que lider\u00f3 la ministra Jeannette Jara del Trabajo con respecto al sueldo m\u00ednimo, son ejemplos de aquello.\u00bb<\/p>\n<p class=\"v1MsoNormal\" style=\"text-align: justify;\">\u00abSe necesita organizaci\u00f3n tambi\u00e9n de los trabajadores y eso es algo que la CUT realiza y las organizaciones sindicales que est\u00e1n presentes tambi\u00e9n en nuestra regi\u00f3n, pueden transmitir esa experiencia y alentar tambi\u00e9n a otros grupos de trabajadores que puedan integrarse y puedan tambi\u00e9n organizarse en pro de sus derechos y sus necesidades, que son tan diferentes en lo que hab\u00eda hace unas d\u00e9cadas atr\u00e1s. As\u00ed que ah\u00ed tenemos un desaf\u00edo y un compromiso de seguir trabajando con ellos, para que podamos mejorar la calidad de vida de los trabajadores de nuestro pa\u00eds\u00bb, finaliz\u00f3 Araya Morales.<\/p>\n<p class=\"v1MsoNormal\" style=\"text-align: justify;\">En la instancia se convers\u00f3 con los dirigentes y dirigentas presentes sobre el rol del dirigente sindical, lo que vivieron tanto en los a\u00f1os \u00b490 y \u00b42000 como en la actualidad, develando tres cuadros conmemorativos con sus respectivas placas de reconocimiento, con titulares de la instalaci\u00f3n de la CUT y de dirigentes hist\u00f3ricos.<\/p>\n<p class=\"v1MsoNormal\" style=\"text-align: justify;\">El Seremi Rodrigo D\u00edaz Cordaro, de Trabajo y Previsi\u00f3n Social, coment\u00f3 sobre el reconocimiento, \u00abPara nosotros como Ministerio de Trabajo y Previsi\u00f3n Social es fundamental poder trabajar con los dirigentes y reconocer el gran trabajo que ellos han realizado, sobre todo en este caso, la primera CUT que se constituy\u00f3 formalmente el a\u00f1o 1996, pero que como se dijo, ven\u00edan trabajando de mucho antes. Fueron tiempos dif\u00edciles, tiempos complejos. Entonces tambi\u00e9n nuestra invitaci\u00f3n es a que los actuales trabajadores, con este ejemplo, puedan sindicalizarse, puedan organizarse. Estamos tratando en Ays\u00e9n de poder hacerlo. Esto no es obligado, la gente y los trabajadores tienen que entender que esto es una necesidad, ya que ayuda a que todos podamos trabajar mejor. Las empresas tienen que perder el temor, si negociar con una directiva finalmente es mucho m\u00e1s f\u00e1cil que negociar uno a uno, entonces hay que valorar y distinguir el trabajo que hacen los dirigentes sindicales. Eso es fundamental y yo creo que eso nos va a permitir avanzar como pa\u00eds\u00bb.<\/p>\n<p class=\"v1MsoNormal\" style=\"text-align: justify;\">Muy emocionada estaba Oriana \u00c1lvarez Kiessling, quien fuera secretaria de la primera CUT y dirigenta del \u00e1mbito de la salud, quien coment\u00f3, \u00abBastante emocionada, debo reconocerlo, porque normalmente, tradicionalmente, se valora cuando la gente ya est\u00e1 fallecida. Entonces para m\u00ed esto es un orgullo. En mis tiempos de dirigente, yo lo hice con mucho cari\u00f1o, trabajo hacia mis compa\u00f1eros y recordar que siempre primero una es trabajadora, despu\u00e9s dirigenta. En esa \u00e9poca fue dif\u00edcil. Fue dif\u00edcil porque la CUT tuvo que legalizarla, m\u00e1s bien, porque la CUT ven\u00eda trabajando ac\u00e1 en la regi\u00f3n en forma un poco escondida. Entonces tuvimos que legalizarla y en ese tiempo el Colegio de Profesores nos albergaba y hay que agradecer p\u00fablicamente eso\u00bb, subray\u00f3.<\/p>\n<p class=\"v1MsoNormal\" style=\"text-align: justify;\">Por su parte, Sixto Rifo, quien fue protesorero de la CUT y dirigente del Sindicato Nacional de Correos de Chile en esa \u00e9poca, record\u00f3, \u00abFue un trabajo de muchos a\u00f1os, porque nosotros siempre trabajamos al alero del Sindicato de la Construcci\u00f3n, don Juan \u00c1lvarez estaba ah\u00ed, don Luchito Gonz\u00e1lez, Cay\u00fan, quien hace poco nos dej\u00f3, Jacinto Tejeda a trav\u00e9s de la ANEF, Walter Ram\u00edrez de la Salud, Oriana tambi\u00e9n de salud y as\u00ed, varios dirigentes que dimos vida a esta organizaci\u00f3n legalmente. Es emocionante recibir estos homenajes en vida -como dec\u00eda Oriana- porque uno no lo hace con ese inter\u00e9s. Siempre uno trabaja por el bienestar de todos, por vocaci\u00f3n. As\u00ed es que son lindos estos reconocimientos\u00bb, afirm\u00f3 emocionado.<\/p>\n<p class=\"v1MsoNormal\" style=\"text-align: justify;\">Rifo adem\u00e1s se dirigi\u00f3 a los actuales dirigentes y dirigentas, \u00abSigan trabajando, que el esfuerzo, el trabajo en la uni\u00f3n de los compa\u00f1eros con un solo fin, se logra. Las cosas dif\u00edciles cuestan, pero cuando se logra, el beneficio de todos es unir a los trabajadores en cada organizaci\u00f3n y los que no est\u00e1n organizados, a organizarse. Eso es bueno\u00bb.<\/p>\n<p class=\"v1MsoNormal\" style=\"text-align: justify;\">Se instal\u00f3 tambi\u00e9n una foto conmemorativa de Clotario Blest y Tucapel Jimenez, dirigentes hist\u00f3ricos y su respectiva placa conmemorativa, comentando el Seremi D\u00edaz Cordaro, \u00abTenemos a Don Clotario Blest con Don Tucapel Jim\u00e9nez. Blest fue un gran dirigente que cre\u00f3 la ANEF en el a\u00f1o 1943 y la CUT en el a\u00f1o 1953, y Tucapel Jim\u00e9nez, un gran dirigente que muri\u00f3 en un atentado en la dictadura. Estos cuadros se suman a los de los titulares donde est\u00e1n todos los dirigentes y por eso quisimos estar con todos, compartiendo este momento\u00bb.<\/p>\n<p class=\"v1MsoNormal\" style=\"text-align: justify;\">La primera CUT legal estuvo formada por:\u00a0<a name=\"_Hlk166767867\"><\/a>Walter Ram\u00edrez Codocedo, presidente; primer vicepresidente Jacinto Tejeda Ram\u00edrez; secretaria, Oriana \u00c1lvarez Kiessling; tesorero, Carlos D\u00edaz Contreras; encargado de organizaci\u00f3n: Franklin Hern\u00e1ndez de Rais; encargado de educaci\u00f3n, Jos\u00e9 Baeza Poveda; encargado de conflictos: Ren\u00e9 Alinco Bustos; encargado de departamento de vivienda, Sergio Mu\u00f1oz Reyes; encargado de deporte y recreaci\u00f3n, Dagoberto Reyes; prosecretario, Juan \u00c1lvarez Uribe; protesorero, Sixto Rifo Garc\u00e9s.<\/p>\n<p class=\"v1MsoNormal\" style=\"text-align: justify;\">Si bien toda la directiva fue invitada al acto, algunos dirigentes, como su presidente, Walter Ram\u00edrez Codoceo, no pudieron participar, por estar enfermos, fuera de la regi\u00f3n o impedidos de asistir por diversas razones.<\/p>\n<p class=\"v1MsoNormal\" style=\"text-align: justify;\">En este acto adem\u00e1s se estren\u00f3 un documental con la entrevista a Walter Ram\u00edrez como 1er presidente de la CUT regional, realizado en un trabajo en conjunto entre la Seremi de Trabajo y Previsi\u00f3n Social y la Seremi de las Culturas y las Artes, registro realizado por Rodrigo Campusano, con el prop\u00f3sito de reconocer como patrimonio la memoria de los dirigentes y rescate regional sindical. El video se puede revisar en las redes sociales Instagram, Facebook, X y Threads @MintrabAys\u00e9n donde se public\u00f3 el s\u00e1bado 25 de mayo en el marco del D\u00eda de los Patrimonios.<\/p>\n<\/div>\n<div class=\"v1gmail_default\" style=\"text-align: justify;\"><\/div>\n<\/div><\/section><\/div><div  style='height:50px' class='hr hr-invisible   avia-builder-el-6  el_after_av_one_full  el_before_av_social_share '><span class='hr-inner ' ><span class='hr-inner-style'><\/span><\/span><\/div><\/p>\n<div  class='av-social-sharing-box  avia-builder-el-7  el_after_av_hr  el_before_av_hr  '><div class='av-share-box'><h5 class='av-share-link-description av-no-toc '>Compartir esta noticia<\/h5><ul class='av-share-box-list noLightbox'><li class='av-share-link av-social-link-facebook' ><a target=\"_blank\" aria-label=\"Compartir en Facebook\" href='https:\/\/www.facebook.com\/sharer.php?u=https:\/\/radiorevelacionfm.cl\/?p=42692&#038;t=Seremi%20de%20Trabajo%20y%20Previsi%C3%B3n%20Social%20realiz%C3%B3%20emotivo%20homenaje%20a%201era%20CUT%20Regional' aria-hidden='false' data-av_icon='\ue8f3' data-av_iconfont='entypo-fontello' title='' data-avia-related-tooltip='Compartir en Facebook' rel=\"noopener\"><span class='avia_hidden_link_text'>Compartir en Facebook<\/span><\/a><\/li><li class='av-share-link av-social-link-twitter' ><a target=\"_blank\" aria-label=\"Compartir en Twitter\" href='https:\/\/twitter.com\/share?text=Seremi%20de%20Trabajo%20y%20Previsi%C3%B3n%20Social%20realiz%C3%B3%20emotivo%20homenaje%20a%201era%20CUT%20Regional&#038;url=https:\/\/radiorevelacionfm.cl\/?p=42692' aria-hidden='false' data-av_icon='\ue8f1' data-av_iconfont='entypo-fontello' title='' data-avia-related-tooltip='Compartir en Twitter' rel=\"noopener\"><span class='avia_hidden_link_text'>Compartir en Twitter<\/span><\/a><\/li><li class='av-share-link av-social-link-whatsapp' ><a target=\"_blank\" aria-label=\"Compartir en Whatsapp\" href='https:\/\/api.whatsapp.com\/send?text=https:\/\/radiorevelacionfm.cl\/?p=42692' aria-hidden='false' data-av_icon='\uf232' data-av_iconfont='entypo-fontello' title='' data-avia-related-tooltip='Compartir en Whatsapp' rel=\"noopener\"><span class='avia_hidden_link_text'>Compartir en Whatsapp<\/span><\/a><\/li><li class='av-share-link av-social-link-linkedin' ><a target=\"_blank\" aria-label=\"Compartir en LinkedIn\" href='https:\/\/linkedin.com\/shareArticle?mini=true&#038;title=Seremi%20de%20Trabajo%20y%20Previsi%C3%B3n%20Social%20realiz%C3%B3%20emotivo%20homenaje%20a%201era%20CUT%20Regional&#038;url=https:\/\/radiorevelacionfm.cl\/?p=42692' aria-hidden='false' data-av_icon='\ue8fc' data-av_iconfont='entypo-fontello' title='' data-avia-related-tooltip='Compartir en LinkedIn' rel=\"noopener\"><span class='avia_hidden_link_text'>Compartir en LinkedIn<\/span><\/a><\/li><li class='av-share-link av-social-link-mail' ><a  aria-label=\"Compartir por correo\" href='mailto:?subject=Seremi%20de%20Trabajo%20y%20Previsi%C3%B3n%20Social%20realiz%C3%B3%20emotivo%20homenaje%20a%201era%20CUT%20Regional&#038;body=https:\/\/radiorevelacionfm.cl\/?p=42692' aria-hidden='false' data-av_icon='\ue805' data-av_iconfont='entypo-fontello' title='' data-avia-related-tooltip='Compartir por correo'><span class='avia_hidden_link_text'>Compartir por correo<\/span><\/a><\/li><\/ul><\/div><\/div>\n<div  style='height:50px' class='hr hr-invisible   avia-builder-el-8  el_after_av_social_share  el_before_av_comments_list '><span class='hr-inner ' ><span class='hr-inner-style'><\/span><\/span><\/div>\n<div  class='av-buildercomment  av-blog-meta-html-info-disabled av-blog-meta-tag-disabled  '><\/div>\n","protected":false},"excerpt":{"rendered":"","protected":false},"author":1,"featured_media":42693,"comment_status":"open","ping_status":"open","sticky":false,"template":"","format":"standard","meta":{"footnotes":""},"categories":[56],"tags":[],"class_list":["post-42692","post","type-post","status-publish","format-standard","has-post-thumbnail","hentry","category-trabajo"],"jetpack_featured_media_url":"https:\/\/radiorevelacionfm.cl\/wp-content\/uploads\/2024\/05\/Reconocimiento_1eraCUTLegal-1-1.jpeg","_links":{"self":[{"href":"https:\/\/radiorevelacionfm.cl\/index.php?rest_route=\/wp\/v2\/posts\/42692","targetHints":{"allow":["GET"]}}],"collection":[{"href":"https:\/\/radiorevelacionfm.cl\/index.php?rest_route=\/wp\/v2\/posts"}],"about":[{"href":"https:\/\/radiorevelacionfm.cl\/index.php?rest_route=\/wp\/v2\/types\/post"}],"author":[{"embeddable":true,"href":"https:\/\/radiorevelacionfm.cl\/index.php?rest_route=\/wp\/v2\/users\/1"}],"replies":[{"embeddable":true,"href":"https:\/\/radiorevelacionfm.cl\/index.php?rest_route=%2Fwp%2Fv2%2Fcomments&post=42692"}],"version-history":[{"count":1,"href":"https:\/\/radiorevelacionfm.cl\/index.php?rest_route=\/wp\/v2\/posts\/42692\/revisions"}],"predecessor-version":[{"id":42694,"href":"https:\/\/radiorevelacionfm.cl\/index.php?rest_route=\/wp\/v2\/posts\/42692\/revisions\/42694"}],"wp:featuredmedia":[{"embeddable":true,"href":"https:\/\/radiorevelacionfm.cl\/index.php?rest_route=\/wp\/v2\/media\/42693"}],"wp:attachment":[{"href":"https:\/\/radiorevelacionfm.cl\/index.php?rest_route=%2Fwp%2Fv2%2Fmedia&parent=42692"}],"wp:term":[{"taxonomy":"category","embeddable":true,"href":"https:\/\/radiorevelacionfm.cl\/index.php?rest_route=%2Fwp%2Fv2%2Fcategories&post=42692"},{"taxonomy":"post_tag","embeddable":true,"href":"https:\/\/radiorevelacionfm.cl\/index.php?rest_route=%2Fwp%2Fv2%2Ftags&post=42692"}],"curies":[{"name":"wp","href":"https:\/\/api.w.org\/{rel}","templated":true}]}}