{"id":42689,"date":"2024-05-31T11:22:02","date_gmt":"2024-05-31T14:22:02","guid":{"rendered":"https:\/\/radiorevelacionfm.cl\/?p=42689"},"modified":"2024-05-31T11:22:02","modified_gmt":"2024-05-31T14:22:02","slug":"con-exito-se-realizo-plaza-de-justicia-y-derechos-humanos-en-villa-manihuales","status":"publish","type":"post","link":"https:\/\/radiorevelacionfm.cl\/?p=42689","title":{"rendered":"Con \u00e9xito se realiz\u00f3 Plaza de Justicia y Derechos Humanos en Villa Ma\u00f1ihuales"},"content":{"rendered":"<div class=\"flex_column av_one_full  flex_column_div av-zero-column-padding first  avia-builder-el-0  el_before_av_one_full  avia-builder-el-first  \" style='border-radius:0px; '><div  class='avia-image-container  av-styling-    avia-builder-el-1  avia-builder-el-no-sibling  avia-align-center '  itemprop=\"image\" itemscope=\"itemscope\" itemtype=\"https:\/\/schema.org\/ImageObject\"  ><div class='avia-image-container-inner'><div class='avia-image-overlay-wrap'><img decoding=\"async\" class='wp-image-42690 avia-img-lazy-loading-not-42690 avia_image' src=\"https:\/\/radiorevelacionfm.cl\/wp-content\/uploads\/2024\/05\/plaza-1-3-1-1.jpg\" alt='' title='plaza 1 (3) (1) (1)' height=\"600\" width=\"800\"  itemprop=\"thumbnailUrl\" srcset=\"https:\/\/radiorevelacionfm.cl\/wp-content\/uploads\/2024\/05\/plaza-1-3-1-1.jpg 800w, https:\/\/radiorevelacionfm.cl\/wp-content\/uploads\/2024\/05\/plaza-1-3-1-1-300x225.jpg 300w, https:\/\/radiorevelacionfm.cl\/wp-content\/uploads\/2024\/05\/plaza-1-3-1-1-768x576.jpg 768w, https:\/\/radiorevelacionfm.cl\/wp-content\/uploads\/2024\/05\/plaza-1-3-1-1-705x529.jpg 705w, https:\/\/radiorevelacionfm.cl\/wp-content\/uploads\/2024\/05\/plaza-1-3-1-1-450x338.jpg 450w, https:\/\/radiorevelacionfm.cl\/wp-content\/uploads\/2024\/05\/plaza-1-3-1-1-600x450.jpg 600w\" sizes=\"(max-width: 800px) 100vw, 800px\" \/><\/div><\/div><\/div><\/div><div class=\"flex_column av_one_full  flex_column_div av-zero-column-padding first  avia-builder-el-2  el_after_av_one_full  el_before_av_one_full  column-top-margin\" style='border-radius:0px; '><section class=\"av_textblock_section \"  itemscope=\"itemscope\" itemtype=\"https:\/\/schema.org\/BlogPosting\" itemprop=\"blogPost\" ><div class='avia_textblock  '   itemprop=\"text\" ><p style=\"text-align: center;\"><span style=\"font-size: 18pt;\"><strong>Con \u00e9xito se realiz\u00f3 Plaza de Justicia y Derechos Humanos en Villa Ma\u00f1ihuales <\/strong><\/span><\/p>\n<div id=\"gtx-trans\" style=\"position: absolute; left: -50px; top: 4.31534px;\">\n<div class=\"gtx-trans-icon\"><\/div>\n<\/div>\n<\/div><\/section><\/div><div class=\"flex_column av_one_full  flex_column_div av-zero-column-padding first  avia-builder-el-4  el_after_av_one_full  el_before_av_hr  column-top-margin\" style='border-radius:0px; '><section class=\"av_textblock_section \"  itemscope=\"itemscope\" itemtype=\"https:\/\/schema.org\/BlogPosting\" itemprop=\"blogPost\" ><div class='avia_textblock  '   itemprop=\"text\" ><p style=\"text-align: justify;\"><em>A trav\u00e9s de una modalidad distinta que permiti\u00f3 atender a distintos p\u00fablicos de manera simult\u00e1nea, los servicios del sector Justicia abordaron diversas tem\u00e1ticas de inter\u00e9s para la comunidad.<\/em><\/p>\n<p style=\"text-align: justify;\">M\u00e1s de 100 personas entre estudiantes, adultos mayores y comunidad en general de Villa Ma\u00f1ihuales participaron la semana reci\u00e9n pasada de una nueva jornada de Plaza de Justicia y DDHH, instancia encabezada por el Seremi de la cartera Samuel Navarro y en la que los participantes pudieron informarse respecto a tem\u00e1ticas tales como Acoso Escolar, Ley de Responsabilidad Penal Adolescente, Derivaci\u00f3n\/Develaci\u00f3n situaciones de violencia, Maltrato y\/o Abuso Sexual Infanto-Adolescente, Prevenci\u00f3n Vulneraci\u00f3n Derechos NNA, Ley de Responsabilidad Parental, Posesiones Efectivas, entre otras.<\/p>\n<p style=\"text-align: justify;\">Esta jornada a diferencia de otras, permiti\u00f3 el despliegue de funcionarios del Servicio M\u00e9dico Legal, Defensor\u00eda Penal P\u00fablica, Servicio de Registro Civil e Identificaci\u00f3n, Servicio Nacional de Menores y Corporaci\u00f3n de Asistencia Judicial quienes desarrollaron diversas charlas a distintos p\u00fablicos objetivos, esto previa coordinaci\u00f3n realizada con distintos actores locales.<\/p>\n<p style=\"text-align: justify;\">Respecto a la coordinaci\u00f3n de la actividad, la trabajadora social del Liceo Ma\u00f1ihuales Brenda Foitzick explic\u00f3 que \u201ca principio del mes de mayo, representantes de la seremi de Justicia y Derechos Humanos asistieron a nuestra localidad y establecimiento educacional para organizar esta iniciativa la cual pudimos ejecutar en diferentes instancias de intervenci\u00f3n para estudiantes de ense\u00f1anza media, apoderados y funcionarios, contamos con la participaci\u00f3n de diferentes instituciones como el SML, CAJ, Defensor\u00eda Penal P\u00fablica y el Servicio Nacional de Menores quienes aportaron su conocimiento en tem\u00e1ticas importantes y relevantes para nuestra comunidad educativa y muy acorde tambi\u00e9n a las distintas situaciones que se han tenido que abordar a lo largo de este semestre escolar, tambi\u00e9n contamos con el apoyo y participaci\u00f3n del Servicio de Registro Civil e Identificaci\u00f3n quienes atendieron por demanda espont\u00e1nea y adem\u00e1s nos colaboraron en la solicitud y obtenci\u00f3n de clave \u00fanica para nuestros y nuestras estudiantes de terceros y cuartos medios, tambi\u00e9n el Seremi de Justicia visit\u00f3 los distintos espacios\u00a0 de intervenci\u00f3n que se estaban dando en el liceo generando breves conversaciones con el equipo directivo, apoderados y funcionarios, la verdad es que fue una actividad muy productiva y nutritiva para nosotros como comunidad educativa y nos sentimos conforme con lo organizado, agregar que el trabajo colaborativo de las redes es siempre bien recibido, espero que se puedan seguir replicando estas plazas de Justicia en otros lugares de la regi\u00f3n, que tambi\u00e9n requieren apoyo u orientaciones en el \u00e1rea psicosocial y socio jur\u00eddica\u201d.<\/p>\n<p style=\"text-align: justify;\">En tanto, el Seremi de Justicia y Derechos Humanos, Samuel Navarro Castro explic\u00f3 que \u201cfue una exitosa y masiva Plaza de Justicia y DDHH en una modalidad distinta que realizamos en la localidad de Villa Ma\u00f1ihuales, en donde participaron los servicios del sector Justicia, tuvimos la oportunidad de estar en la escuela y liceo de Ma\u00f1ihuales con alumnos, profesores, asistentes de la educaci\u00f3n y apoderados, asimismo en la posta con funcionarios de ese centro asistencial, en carabineros donde tambi\u00e9n se pudieron entregar unas capacitaciones y en el club de adultos mayores, lo que nos permiti\u00f3 abarcar diversos grupos de la comunidad, y tambi\u00e9n necesidades que actores relevantes de la localidad nos estaban solicitando, se abordaron tem\u00e1ticas relacionadas con maltrato, abuso sexual, la ley de responsabilidad adolescente, ley de responsabilidad parental, entre otras importantes materias, eso nos pone a la vanguardia como servicios que est\u00e1n en terreno del sector justicia, y esperamos poder replicarlo el segundo semestre en otras localidades y con la masividad, aceptaci\u00f3n y buena disposici\u00f3n de la comunidad\u201d.<\/p>\n<p style=\"text-align: justify;\">Finalmente, la directora del Liceo Ma\u00f1ihuales, Sandra Rubilar indic\u00f3 que \u201cquisiera hacer llegar nuestros agradecimientos al equipo del sector de Justicia que estuvieron generando una intervenci\u00f3n en nuestro establecimiento durante la semana pasada, a nosotros como establecimiento nos complace generar este tipo de alianzas, ya que nos brinda una serie de beneficios y oportunidades que permiten desarrollar acciones en conjunto y que van en directo beneficios nuestra comunidad escolar sobre todo a nuestros estudiantes\u201d.<\/p>\n<\/div><\/section><\/div><div  style='height:50px' class='hr hr-invisible   avia-builder-el-6  el_after_av_one_full  el_before_av_social_share '><span class='hr-inner ' ><span class='hr-inner-style'><\/span><\/span><\/div><\/p>\n<div  class='av-social-sharing-box  avia-builder-el-7  el_after_av_hr  el_before_av_hr  '><div class='av-share-box'><h5 class='av-share-link-description av-no-toc '>Compartir esta noticia<\/h5><ul class='av-share-box-list noLightbox'><li class='av-share-link av-social-link-facebook' ><a target=\"_blank\" aria-label=\"Compartir en Facebook\" href='https:\/\/www.facebook.com\/sharer.php?u=https:\/\/radiorevelacionfm.cl\/?p=42689&#038;t=Con%20%C3%A9xito%20se%20realiz%C3%B3%20Plaza%20de%20Justicia%20y%20Derechos%20Humanos%20en%20Villa%20Ma%C3%B1ihuales' aria-hidden='false' data-av_icon='\ue8f3' data-av_iconfont='entypo-fontello' title='' data-avia-related-tooltip='Compartir en Facebook' rel=\"noopener\"><span class='avia_hidden_link_text'>Compartir en Facebook<\/span><\/a><\/li><li class='av-share-link av-social-link-twitter' ><a target=\"_blank\" aria-label=\"Compartir en Twitter\" href='https:\/\/twitter.com\/share?text=Con%20%C3%A9xito%20se%20realiz%C3%B3%20Plaza%20de%20Justicia%20y%20Derechos%20Humanos%20en%20Villa%20Ma%C3%B1ihuales&#038;url=https:\/\/radiorevelacionfm.cl\/?p=42689' aria-hidden='false' data-av_icon='\ue8f1' data-av_iconfont='entypo-fontello' title='' data-avia-related-tooltip='Compartir en Twitter' rel=\"noopener\"><span class='avia_hidden_link_text'>Compartir en Twitter<\/span><\/a><\/li><li class='av-share-link av-social-link-whatsapp' ><a target=\"_blank\" aria-label=\"Compartir en Whatsapp\" href='https:\/\/api.whatsapp.com\/send?text=https:\/\/radiorevelacionfm.cl\/?p=42689' aria-hidden='false' data-av_icon='\uf232' data-av_iconfont='entypo-fontello' title='' data-avia-related-tooltip='Compartir en Whatsapp' rel=\"noopener\"><span class='avia_hidden_link_text'>Compartir en Whatsapp<\/span><\/a><\/li><li class='av-share-link av-social-link-linkedin' ><a target=\"_blank\" aria-label=\"Compartir en LinkedIn\" href='https:\/\/linkedin.com\/shareArticle?mini=true&#038;title=Con%20%C3%A9xito%20se%20realiz%C3%B3%20Plaza%20de%20Justicia%20y%20Derechos%20Humanos%20en%20Villa%20Ma%C3%B1ihuales&#038;url=https:\/\/radiorevelacionfm.cl\/?p=42689' aria-hidden='false' data-av_icon='\ue8fc' data-av_iconfont='entypo-fontello' title='' data-avia-related-tooltip='Compartir en LinkedIn' rel=\"noopener\"><span class='avia_hidden_link_text'>Compartir en LinkedIn<\/span><\/a><\/li><li class='av-share-link av-social-link-mail' ><a  aria-label=\"Compartir por correo\" href='mailto:?subject=Con%20%C3%A9xito%20se%20realiz%C3%B3%20Plaza%20de%20Justicia%20y%20Derechos%20Humanos%20en%20Villa%20Ma%C3%B1ihuales&#038;body=https:\/\/radiorevelacionfm.cl\/?p=42689' aria-hidden='false' data-av_icon='\ue805' data-av_iconfont='entypo-fontello' title='' data-avia-related-tooltip='Compartir por correo'><span class='avia_hidden_link_text'>Compartir por correo<\/span><\/a><\/li><\/ul><\/div><\/div>\n<div  style='height:50px' class='hr hr-invisible   avia-builder-el-8  el_after_av_social_share  el_before_av_comments_list '><span class='hr-inner ' ><span class='hr-inner-style'><\/span><\/span><\/div>\n<div  class='av-buildercomment  av-blog-meta-html-info-disabled av-blog-meta-tag-disabled  '><\/div>\n","protected":false},"excerpt":{"rendered":"","protected":false},"author":1,"featured_media":42690,"comment_status":"open","ping_status":"open","sticky":false,"template":"","format":"standard","meta":{"footnotes":""},"categories":[55],"tags":[],"class_list":["post-42689","post","type-post","status-publish","format-standard","has-post-thumbnail","hentry","category-justicia"],"jetpack_featured_media_url":"https:\/\/radiorevelacionfm.cl\/wp-content\/uploads\/2024\/05\/plaza-1-3-1-1.jpg","_links":{"self":[{"href":"https:\/\/radiorevelacionfm.cl\/index.php?rest_route=\/wp\/v2\/posts\/42689","targetHints":{"allow":["GET"]}}],"collection":[{"href":"https:\/\/radiorevelacionfm.cl\/index.php?rest_route=\/wp\/v2\/posts"}],"about":[{"href":"https:\/\/radiorevelacionfm.cl\/index.php?rest_route=\/wp\/v2\/types\/post"}],"author":[{"embeddable":true,"href":"https:\/\/radiorevelacionfm.cl\/index.php?rest_route=\/wp\/v2\/users\/1"}],"replies":[{"embeddable":true,"href":"https:\/\/radiorevelacionfm.cl\/index.php?rest_route=%2Fwp%2Fv2%2Fcomments&post=42689"}],"version-history":[{"count":1,"href":"https:\/\/radiorevelacionfm.cl\/index.php?rest_route=\/wp\/v2\/posts\/42689\/revisions"}],"predecessor-version":[{"id":42691,"href":"https:\/\/radiorevelacionfm.cl\/index.php?rest_route=\/wp\/v2\/posts\/42689\/revisions\/42691"}],"wp:featuredmedia":[{"embeddable":true,"href":"https:\/\/radiorevelacionfm.cl\/index.php?rest_route=\/wp\/v2\/media\/42690"}],"wp:attachment":[{"href":"https:\/\/radiorevelacionfm.cl\/index.php?rest_route=%2Fwp%2Fv2%2Fmedia&parent=42689"}],"wp:term":[{"taxonomy":"category","embeddable":true,"href":"https:\/\/radiorevelacionfm.cl\/index.php?rest_route=%2Fwp%2Fv2%2Fcategories&post=42689"},{"taxonomy":"post_tag","embeddable":true,"href":"https:\/\/radiorevelacionfm.cl\/index.php?rest_route=%2Fwp%2Fv2%2Ftags&post=42689"}],"curies":[{"name":"wp","href":"https:\/\/api.w.org\/{rel}","templated":true}]}}