{"id":42686,"date":"2024-05-31T11:04:52","date_gmt":"2024-05-31T14:04:52","guid":{"rendered":"https:\/\/radiorevelacionfm.cl\/?p=42686"},"modified":"2024-05-31T11:04:52","modified_gmt":"2024-05-31T14:04:52","slug":"subdirectora-nacional-de-servicios-sanitarios-rurales-desarrolla-intensa-agenda-de-actividades-en-la-region-de-aysen","status":"publish","type":"post","link":"https:\/\/radiorevelacionfm.cl\/?p=42686","title":{"rendered":"SubDirectora Nacional de Servicios Sanitarios Rurales desarrolla intensa agenda de actividades en la regi\u00f3n de Ays\u00e9n"},"content":{"rendered":"<div class=\"flex_column av_one_full  flex_column_div av-zero-column-padding first  avia-builder-el-0  el_before_av_one_full  avia-builder-el-first  \" style='border-radius:0px; '><div  class='avia-image-container  av-styling-    avia-builder-el-1  avia-builder-el-no-sibling  avia-align-center '  itemprop=\"image\" itemscope=\"itemscope\" itemtype=\"https:\/\/schema.org\/ImageObject\"  ><div class='avia-image-container-inner'><div class='avia-image-overlay-wrap'><img decoding=\"async\" class='wp-image-42687 avia-img-lazy-loading-not-42687 avia_image' src=\"https:\/\/radiorevelacionfm.cl\/wp-content\/uploads\/2024\/05\/IMG-20240530-WA0027-1-1.jpg\" alt='' title='IMG-20240530-WA0027 (1) (1)' height=\"600\" width=\"899\"  itemprop=\"thumbnailUrl\" srcset=\"https:\/\/radiorevelacionfm.cl\/wp-content\/uploads\/2024\/05\/IMG-20240530-WA0027-1-1.jpg 899w, https:\/\/radiorevelacionfm.cl\/wp-content\/uploads\/2024\/05\/IMG-20240530-WA0027-1-1-300x200.jpg 300w, https:\/\/radiorevelacionfm.cl\/wp-content\/uploads\/2024\/05\/IMG-20240530-WA0027-1-1-768x513.jpg 768w, https:\/\/radiorevelacionfm.cl\/wp-content\/uploads\/2024\/05\/IMG-20240530-WA0027-1-1-705x471.jpg 705w, https:\/\/radiorevelacionfm.cl\/wp-content\/uploads\/2024\/05\/IMG-20240530-WA0027-1-1-450x300.jpg 450w, https:\/\/radiorevelacionfm.cl\/wp-content\/uploads\/2024\/05\/IMG-20240530-WA0027-1-1-600x400.jpg 600w\" sizes=\"(max-width: 899px) 100vw, 899px\" \/><\/div><\/div><\/div><\/div><div class=\"flex_column av_one_full  flex_column_div av-zero-column-padding first  avia-builder-el-2  el_after_av_one_full  el_before_av_one_full  column-top-margin\" style='border-radius:0px; '><section class=\"av_textblock_section \"  itemscope=\"itemscope\" itemtype=\"https:\/\/schema.org\/BlogPosting\" itemprop=\"blogPost\" ><div class='avia_textblock  '   itemprop=\"text\" ><p style=\"text-align: center;\"><strong><span style=\"font-size: 18pt;\">Subdirectora Nacional de Servicios Sanitarios Rurales desarrolla intensa agenda de actividades en la regi\u00f3n de Ays\u00e9n<\/span><\/strong><\/p>\n<div id=\"gtx-trans\" style=\"position: absolute; left: -50px; top: 4.31534px;\">\n<div class=\"gtx-trans-icon\"><\/div>\n<\/div>\n<\/div><\/section><\/div><div class=\"flex_column av_one_full  flex_column_div av-zero-column-padding first  avia-builder-el-4  el_after_av_one_full  el_before_av_hr  column-top-margin\" style='border-radius:0px; '><section class=\"av_textblock_section \"  itemscope=\"itemscope\" itemtype=\"https:\/\/schema.org\/BlogPosting\" itemprop=\"blogPost\" ><div class='avia_textblock  '   itemprop=\"text\" ><p style=\"text-align: justify;\">El Secretario Regional Ministerial de Obras P\u00fablicas, Patricio Sanhueza Ulloa, inform\u00f3 que la Subdirectora Nacional de Servicios Sanitarios Rurales de la Direcci\u00f3n de Obras Hidr\u00e1ulicas (DOH) del Ministerio de Obras P\u00fablicas, Denisse Charpentier Castro se encontrar\u00e1 en la regi\u00f3n de Ays\u00e9n los d\u00edas 30 y 31 de mayo para realizar una intensa agenda de actividades.<\/p>\n<p style=\"text-align: justify;\">\u00a0\u201cEs muy relevante la visita de autoridades nacionales a nuestra regi\u00f3n. La Subdirectora de SSR va a tener una agenda bastante intensa en donde se reunir\u00e1 con el equipo regional de Servicios Sanitarios Rurales de la DOH para entregar directrices de c\u00f3mo debemos seguir trabajando, m\u00e1s a\u00fan en consideraci\u00f3n de los tremendos desaf\u00edos que tenemos para mantener y conservar la infraestructura existente, en un escenario en que estamos abasteciendo con agua potable rural a m\u00e1s de un cuarto de la poblaci\u00f3n regional distribuida en 47 Servicios Sanitarios Rurales, lo que marca la trascendencia del accionar de esta Subdirecci\u00f3n; tambi\u00e9n participar\u00e1 en la 1\u00b0 sesi\u00f3n del Consejo Consultivo Regional con dirigentes de los Comit\u00e9s de Agua Potable Rural, en donde se definir\u00e1 el programa anual de trabajo y es relevante para los propios Comit\u00e9s poder contar con la presencia de la autoridad nacional; as\u00ed como tambi\u00e9n lo es, una reuni\u00f3n que sostendr\u00e1 con la Gobernadora Regional Andrea Mac\u00edas Palma y la inauguraci\u00f3n del Servicio Sanitario Rural de Villa Jara, as\u00ed que es una agenda muy intensa e interesante a la que nos estamos sumando para apoyar y tambi\u00e9n poner en conocimiento detallado los desaf\u00edos que tenemos para seguir avanzando en esta gran tem\u00e1tica\u201d, expres\u00f3 el SEREMI del MOP.<\/p>\n<p style=\"text-align: justify;\">Denisse Charpentier Castro, de profesi\u00f3n Trabajadora social,\u00a0 M.Sc. Governance of Risk and Resources, de la Universidad de Heidelberg (HCLA), tambi\u00e9n es Licenciada en Gesti\u00f3n y Administraci\u00f3n Social para Organizaciones de la Pontificia Universidad Cat\u00f3lica de Chile, en Pol\u00edticas P\u00fablicas y de G\u00e9nero de la Universidad de Chile y en Participaci\u00f3n Ciudadana en la UAH. Con 22 a\u00f1os de trayectoria en el MOP, primero en el Programa de Agua Potable Rural de la Direcci\u00f3n de Obras Hidr\u00e1ulicas y, a partir del a\u00f1o 2017, desde la entrada en vigencia de la Ley 20.998, se ha desempe\u00f1o en la Subdirecci\u00f3n de Servicios Sanitarios Rurales, en diferentes cargos tanto a nivel nacional como en las regiones de Antofagasta y Metropolitana. Posee una amplia experiencia en el sector sanitario rural, con conocimiento del marco regulatorio del sector, experiencia en trabajo intersectorial a nivel de servicios p\u00fablicos y de larga trayectoria de trabajo en terreno con la comunidad de los Servicios Sanitarios a nivel nacional. Adem\u00e1s, en su carrera ha desarrollado m\u00faltiples publicaciones en materia de Agua, G\u00e9nero, Marco Regulatorio, Participaci\u00f3n Ciudadana y Sustentabilidad.<\/p>\n<\/div><\/section><\/div><div  style='height:50px' class='hr hr-invisible   avia-builder-el-6  el_after_av_one_full  el_before_av_social_share '><span class='hr-inner ' ><span class='hr-inner-style'><\/span><\/span><\/div><\/p>\n<div  class='av-social-sharing-box  avia-builder-el-7  el_after_av_hr  el_before_av_hr  '><div class='av-share-box'><h5 class='av-share-link-description av-no-toc '>Compartir esta noticia<\/h5><ul class='av-share-box-list noLightbox'><li class='av-share-link av-social-link-facebook' ><a target=\"_blank\" aria-label=\"Compartir en Facebook\" href='https:\/\/www.facebook.com\/sharer.php?u=https:\/\/radiorevelacionfm.cl\/?p=42686&#038;t=SubDirectora%20Nacional%20de%20Servicios%20Sanitarios%20Rurales%20desarrolla%20intensa%20agenda%20de%20actividades%20en%20la%20regi%C3%B3n%20de%20Ays%C3%A9n' aria-hidden='false' data-av_icon='\ue8f3' data-av_iconfont='entypo-fontello' title='' data-avia-related-tooltip='Compartir en Facebook' rel=\"noopener\"><span class='avia_hidden_link_text'>Compartir en Facebook<\/span><\/a><\/li><li class='av-share-link av-social-link-twitter' ><a target=\"_blank\" aria-label=\"Compartir en Twitter\" href='https:\/\/twitter.com\/share?text=SubDirectora%20Nacional%20de%20Servicios%20Sanitarios%20Rurales%20desarrolla%20intensa%20agenda%20de%20actividades%20en%20la%20regi%C3%B3n%20de%20Ays%C3%A9n&#038;url=https:\/\/radiorevelacionfm.cl\/?p=42686' aria-hidden='false' data-av_icon='\ue8f1' data-av_iconfont='entypo-fontello' title='' data-avia-related-tooltip='Compartir en Twitter' rel=\"noopener\"><span class='avia_hidden_link_text'>Compartir en Twitter<\/span><\/a><\/li><li class='av-share-link av-social-link-whatsapp' ><a target=\"_blank\" aria-label=\"Compartir en Whatsapp\" href='https:\/\/api.whatsapp.com\/send?text=https:\/\/radiorevelacionfm.cl\/?p=42686' aria-hidden='false' data-av_icon='\uf232' data-av_iconfont='entypo-fontello' title='' data-avia-related-tooltip='Compartir en Whatsapp' rel=\"noopener\"><span class='avia_hidden_link_text'>Compartir en Whatsapp<\/span><\/a><\/li><li class='av-share-link av-social-link-linkedin' ><a target=\"_blank\" aria-label=\"Compartir en LinkedIn\" href='https:\/\/linkedin.com\/shareArticle?mini=true&#038;title=SubDirectora%20Nacional%20de%20Servicios%20Sanitarios%20Rurales%20desarrolla%20intensa%20agenda%20de%20actividades%20en%20la%20regi%C3%B3n%20de%20Ays%C3%A9n&#038;url=https:\/\/radiorevelacionfm.cl\/?p=42686' aria-hidden='false' data-av_icon='\ue8fc' data-av_iconfont='entypo-fontello' title='' data-avia-related-tooltip='Compartir en LinkedIn' rel=\"noopener\"><span class='avia_hidden_link_text'>Compartir en LinkedIn<\/span><\/a><\/li><li class='av-share-link av-social-link-mail' ><a  aria-label=\"Compartir por correo\" href='mailto:?subject=SubDirectora%20Nacional%20de%20Servicios%20Sanitarios%20Rurales%20desarrolla%20intensa%20agenda%20de%20actividades%20en%20la%20regi%C3%B3n%20de%20Ays%C3%A9n&#038;body=https:\/\/radiorevelacionfm.cl\/?p=42686' aria-hidden='false' data-av_icon='\ue805' data-av_iconfont='entypo-fontello' title='' data-avia-related-tooltip='Compartir por correo'><span class='avia_hidden_link_text'>Compartir por correo<\/span><\/a><\/li><\/ul><\/div><\/div>\n<div  style='height:50px' class='hr hr-invisible   avia-builder-el-8  el_after_av_social_share  el_before_av_comments_list '><span class='hr-inner ' ><span class='hr-inner-style'><\/span><\/span><\/div>\n<div  class='av-buildercomment  av-blog-meta-html-info-disabled av-blog-meta-tag-disabled  '><\/div>\n","protected":false},"excerpt":{"rendered":"","protected":false},"author":1,"featured_media":42687,"comment_status":"open","ping_status":"open","sticky":false,"template":"","format":"standard","meta":{"footnotes":""},"categories":[38],"tags":[],"class_list":["post-42686","post","type-post","status-publish","format-standard","has-post-thumbnail","hentry","category-regional"],"jetpack_featured_media_url":"https:\/\/radiorevelacionfm.cl\/wp-content\/uploads\/2024\/05\/IMG-20240530-WA0027-1-1.jpg","_links":{"self":[{"href":"https:\/\/radiorevelacionfm.cl\/index.php?rest_route=\/wp\/v2\/posts\/42686","targetHints":{"allow":["GET"]}}],"collection":[{"href":"https:\/\/radiorevelacionfm.cl\/index.php?rest_route=\/wp\/v2\/posts"}],"about":[{"href":"https:\/\/radiorevelacionfm.cl\/index.php?rest_route=\/wp\/v2\/types\/post"}],"author":[{"embeddable":true,"href":"https:\/\/radiorevelacionfm.cl\/index.php?rest_route=\/wp\/v2\/users\/1"}],"replies":[{"embeddable":true,"href":"https:\/\/radiorevelacionfm.cl\/index.php?rest_route=%2Fwp%2Fv2%2Fcomments&post=42686"}],"version-history":[{"count":1,"href":"https:\/\/radiorevelacionfm.cl\/index.php?rest_route=\/wp\/v2\/posts\/42686\/revisions"}],"predecessor-version":[{"id":42688,"href":"https:\/\/radiorevelacionfm.cl\/index.php?rest_route=\/wp\/v2\/posts\/42686\/revisions\/42688"}],"wp:featuredmedia":[{"embeddable":true,"href":"https:\/\/radiorevelacionfm.cl\/index.php?rest_route=\/wp\/v2\/media\/42687"}],"wp:attachment":[{"href":"https:\/\/radiorevelacionfm.cl\/index.php?rest_route=%2Fwp%2Fv2%2Fmedia&parent=42686"}],"wp:term":[{"taxonomy":"category","embeddable":true,"href":"https:\/\/radiorevelacionfm.cl\/index.php?rest_route=%2Fwp%2Fv2%2Fcategories&post=42686"},{"taxonomy":"post_tag","embeddable":true,"href":"https:\/\/radiorevelacionfm.cl\/index.php?rest_route=%2Fwp%2Fv2%2Ftags&post=42686"}],"curies":[{"name":"wp","href":"https:\/\/api.w.org\/{rel}","templated":true}]}}