{"id":42683,"date":"2024-05-30T23:07:21","date_gmt":"2024-05-31T02:07:21","guid":{"rendered":"https:\/\/radiorevelacionfm.cl\/?p=42683"},"modified":"2024-05-30T23:07:21","modified_gmt":"2024-05-31T02:07:21","slug":"capital-abeja-sercotec-abre-fondo-para-la-creacion-de-empresas-lideradas-por-mujeres","status":"publish","type":"post","link":"https:\/\/radiorevelacionfm.cl\/?p=42683","title":{"rendered":"Capital Abeja: Sercotec abre fondo para la creaci\u00f3n de empresas lideradas por mujeres"},"content":{"rendered":"<div class=\"flex_column av_one_full  flex_column_div av-zero-column-padding first  avia-builder-el-0  el_before_av_one_full  avia-builder-el-first  \" style='border-radius:0px; '><div  class='avia-image-container  av-styling-    avia-builder-el-1  avia-builder-el-no-sibling  avia-align-center '  itemprop=\"image\" itemscope=\"itemscope\" itemtype=\"https:\/\/schema.org\/ImageObject\"  ><div class='avia-image-container-inner'><div class='avia-image-overlay-wrap'><img decoding=\"async\" class='wp-image-42684 avia-img-lazy-loading-not-42684 avia_image' src=\"https:\/\/radiorevelacionfm.cl\/wp-content\/uploads\/2024\/05\/beneficiaria-capital-abeja-2023-1-1_optimized.jpg\" alt='' title='beneficiaria-capital-abeja-2023-(1)-(1)_optimized' height=\"600\" width=\"800\"  itemprop=\"thumbnailUrl\" srcset=\"https:\/\/radiorevelacionfm.cl\/wp-content\/uploads\/2024\/05\/beneficiaria-capital-abeja-2023-1-1_optimized.jpg 800w, https:\/\/radiorevelacionfm.cl\/wp-content\/uploads\/2024\/05\/beneficiaria-capital-abeja-2023-1-1_optimized-300x225.jpg 300w, https:\/\/radiorevelacionfm.cl\/wp-content\/uploads\/2024\/05\/beneficiaria-capital-abeja-2023-1-1_optimized-768x576.jpg 768w, https:\/\/radiorevelacionfm.cl\/wp-content\/uploads\/2024\/05\/beneficiaria-capital-abeja-2023-1-1_optimized-705x529.jpg 705w, https:\/\/radiorevelacionfm.cl\/wp-content\/uploads\/2024\/05\/beneficiaria-capital-abeja-2023-1-1_optimized-450x338.jpg 450w, https:\/\/radiorevelacionfm.cl\/wp-content\/uploads\/2024\/05\/beneficiaria-capital-abeja-2023-1-1_optimized-600x450.jpg 600w\" sizes=\"(max-width: 800px) 100vw, 800px\" \/><\/div><\/div><\/div><\/div><div class=\"flex_column av_one_full  flex_column_div av-zero-column-padding first  avia-builder-el-2  el_after_av_one_full  el_before_av_one_full  column-top-margin\" style='border-radius:0px; '><section class=\"av_textblock_section \"  itemscope=\"itemscope\" itemtype=\"https:\/\/schema.org\/BlogPosting\" itemprop=\"blogPost\" ><div class='avia_textblock  '   itemprop=\"text\" ><p style=\"text-align: center;\"><span style=\"font-size: 18pt;\"><strong>Capital Abeja: Sercotec abre fondo para la creaci\u00f3n de empresas lideradas por mujeres<\/strong><\/span><\/p>\n<div id=\"gtx-trans\" style=\"position: absolute; left: -50px; top: 4.31534px;\">\n<div class=\"gtx-trans-icon\"><\/div>\n<\/div>\n<\/div><\/section><\/div><div class=\"flex_column av_one_full  flex_column_div av-zero-column-padding first  avia-builder-el-4  el_after_av_one_full  el_before_av_hr  column-top-margin\" style='border-radius:0px; '><section class=\"av_textblock_section \"  itemscope=\"itemscope\" itemtype=\"https:\/\/schema.org\/BlogPosting\" itemprop=\"blogPost\" ><div class='avia_textblock  '   itemprop=\"text\" ><p style=\"text-align: justify;\"><em>La esperada iniciativa de Sercotec otorgar\u00e1 subsidios de $3,5 millones para que emprendedoras puedan llevar a cabo sus ideas de negocio. Se puede postular hasta el 11 de junio en <a href=\"http:\/\/www.sercotec.cl\">www.sercotec.cl<\/a><u>.<\/u><\/em><\/p>\n<p style=\"text-align: justify;\">Recientemente el Ministro de Econom\u00eda, Fomento y Turismo; Nicol\u00e1s Grau, junto a la subsecretaria de la Mujer y Equidad de G\u00e9nero, Luz Vidal y la gerenta del Servicio de Cooperaci\u00f3n T\u00e9cnica, Sercotec, Mar\u00eda Jos\u00e9 Becerra, anunciaron la apertura del fondo concursable Capital Abeja Emprende, que busca impulsar negocios liderados por mujeres en el pa\u00eds.<\/p>\n<p style=\"text-align: justify;\">Capital Abeja Emprende es un programa ejecutado por Sercotec con fondos del Servicio Nacional de la Mujer y la Equidad de G\u00e9nero (SernamEG), con un presupuesto de $4.813 millones. Esta\u00a0 iniciativa abri\u00f3 su convocatoria anual con postulaciones en todas las regiones del pa\u00eds, para la creaci\u00f3n de m\u00e1s de mil peque\u00f1os negocios liderados por mujeres con oportunidad de participar en el mercado a trav\u00e9s de su formalizaci\u00f3n y el apoyo a la puesta en marcha del emprendimiento.<\/p>\n<p style=\"text-align: justify;\">Para ello, entrega un subsidio de $3,5 millones para co-financiar un plan de trabajo que puede incluir acciones de gesti\u00f3n empresarial, como asistencia t\u00e9cnica, capacitaci\u00f3n, marketing y gastos de formalizaci\u00f3n, adem\u00e1s de inversiones para la adquisici\u00f3n de activos, habilitaci\u00f3n de infraestructura y capital de trabajo. Cada emprendedora seleccionada deber\u00e1 aportar el equivalente al 3% del monto del subsidio Sercotec y financiar cualquier impuesto asociado a su proyecto.<\/p>\n<p style=\"text-align: justify;\">El Seremi de Econom\u00eda, Fomento y Turismo; Felipe Rojas Pizarro se\u00f1al\u00f3 que<em>: \u201cDe manera definitiva uno de los ejes estrat\u00e9gicos, trazados por Sercotec, es la equidad de g\u00e9nero. Es por ello que se ha puesto un \u00e9nfasis importante en las brechas productivas y econ\u00f3micas entre hombres y mujeres. En t\u00e9rminos concretos, como Gobierno buscamos potenciar las ideas que nacen desde las mujeres, quienes desarrollan una multiplicidad de funciones y que se han convertido en pilares fundamentales de la reactivaci\u00f3n econ\u00f3mica mediante diversos emprendimientos diseminados en nuestro territorio. Es por ello que esta convocatoria posee un tremendo simbolismo y se relaciona fuertemente con potenciar las ideas de desarrollo que emergen desde las mujeres de nuestra regi\u00f3n y que sue\u00f1an con materializar\u201d.<\/em><\/p>\n<p style=\"text-align: justify;\">Por su parte, la Directora Regional de Sercotec, Nelly Vargas Mansilla , indic\u00f3 que: \u201cPara nuestro servicio es fundamental impulsar el emprendimiento femenino , sabemos que el emprendimiento es un pilar fundamental para el crecimiento de la econom\u00eda y, en el caso de las mujeres, un camino importante para lograr su autonom\u00eda econ\u00f3mica. Como instituci\u00f3n\u00a0 buscamos acompa\u00f1ar a las emprendedoras a que pongan en marcha sus proyectos y construyan negocios que perduren en el tiempo y para eso, hemos adoptado este desaf\u00edo con gran responsabilidad, siendo entidad t\u00e9cnica de la ejecuci\u00f3n por ejemplo del Programa Capital abeja donde Sernameg confi\u00f3 en nuestra instituci\u00f3n y nos entrega a\u00f1o a a\u00f1o recursos econ\u00f3micos para beneficiar\u00a0 hoy el a\u00f1o 2024 a\u00a0\u00a0 32 mujeres de nuestra regi\u00f3n, que tengan una idea de negocios y quieran concretarla.\u201d<\/p>\n<p style=\"text-align: justify;\">Finalmente, Andrea M\u00e9ndez Valenzuela, Seremi de la Mujer y Equidad de G\u00e9nero, puso sobre relieve que:<\/p>\n<p style=\"text-align: justify;\">\u201cEl Capital Cbeja constituye una iniciativa que aporta a la generaci\u00f3n de autonom\u00eda econ\u00f3mica de las mujeres, la cual para nuestro ministerio representa un derecho esencial para avanzar en dignidad y plenitud de derechos\u201d.<\/p>\n<p style=\"text-align: justify;\">Para postular a las convocatorias las emprendedoras deben seguir los siguientes pasos:<\/p>\n<ol>\n<li style=\"text-align: justify;\">Registrarse como usuaria en <a href=\"http:\/\/www.sercotec.cl\">www.sercotec.cl<\/a><\/li>\n<li style=\"text-align: justify;\">Descargar y leer detenidamente las bases y anexos de la convocatoria.<\/li>\n<li style=\"text-align: justify;\">Completar y enviar el formulario de postulaci\u00f3n, video de presentaci\u00f3n y los documentos requeridos, verificando que cumplan con el formato y contenido solicitados, en el plazo establecido.<\/li>\n<li style=\"text-align: justify;\">El plazo vence el d\u00eda 11 de Junio de 2024.<\/li>\n<\/ol>\n<\/div><\/section><\/div><div  style='height:50px' class='hr hr-invisible   avia-builder-el-6  el_after_av_one_full  el_before_av_social_share '><span class='hr-inner ' ><span class='hr-inner-style'><\/span><\/span><\/div><\/p>\n<div  class='av-social-sharing-box  avia-builder-el-7  el_after_av_hr  el_before_av_hr  '><div class='av-share-box'><h5 class='av-share-link-description av-no-toc '>Compartir esta noticia<\/h5><ul class='av-share-box-list noLightbox'><li class='av-share-link av-social-link-facebook' ><a target=\"_blank\" aria-label=\"Compartir en Facebook\" href='https:\/\/www.facebook.com\/sharer.php?u=https:\/\/radiorevelacionfm.cl\/?p=42683&#038;t=Capital%20Abeja%3A%20Sercotec%20abre%20fondo%20para%20la%20creaci%C3%B3n%20de%20empresas%20lideradas%20por%20mujeres' aria-hidden='false' data-av_icon='\ue8f3' data-av_iconfont='entypo-fontello' title='' data-avia-related-tooltip='Compartir en Facebook' rel=\"noopener\"><span class='avia_hidden_link_text'>Compartir en Facebook<\/span><\/a><\/li><li class='av-share-link av-social-link-twitter' ><a target=\"_blank\" aria-label=\"Compartir en Twitter\" href='https:\/\/twitter.com\/share?text=Capital%20Abeja%3A%20Sercotec%20abre%20fondo%20para%20la%20creaci%C3%B3n%20de%20empresas%20lideradas%20por%20mujeres&#038;url=https:\/\/radiorevelacionfm.cl\/?p=42683' aria-hidden='false' data-av_icon='\ue8f1' data-av_iconfont='entypo-fontello' title='' data-avia-related-tooltip='Compartir en Twitter' rel=\"noopener\"><span class='avia_hidden_link_text'>Compartir en Twitter<\/span><\/a><\/li><li class='av-share-link av-social-link-whatsapp' ><a target=\"_blank\" aria-label=\"Compartir en Whatsapp\" href='https:\/\/api.whatsapp.com\/send?text=https:\/\/radiorevelacionfm.cl\/?p=42683' aria-hidden='false' data-av_icon='\uf232' data-av_iconfont='entypo-fontello' title='' data-avia-related-tooltip='Compartir en Whatsapp' rel=\"noopener\"><span class='avia_hidden_link_text'>Compartir en Whatsapp<\/span><\/a><\/li><li class='av-share-link av-social-link-linkedin' ><a target=\"_blank\" aria-label=\"Compartir en LinkedIn\" href='https:\/\/linkedin.com\/shareArticle?mini=true&#038;title=Capital%20Abeja%3A%20Sercotec%20abre%20fondo%20para%20la%20creaci%C3%B3n%20de%20empresas%20lideradas%20por%20mujeres&#038;url=https:\/\/radiorevelacionfm.cl\/?p=42683' aria-hidden='false' data-av_icon='\ue8fc' data-av_iconfont='entypo-fontello' title='' data-avia-related-tooltip='Compartir en LinkedIn' rel=\"noopener\"><span class='avia_hidden_link_text'>Compartir en LinkedIn<\/span><\/a><\/li><li class='av-share-link av-social-link-mail' ><a  aria-label=\"Compartir por correo\" href='mailto:?subject=Capital%20Abeja%3A%20Sercotec%20abre%20fondo%20para%20la%20creaci%C3%B3n%20de%20empresas%20lideradas%20por%20mujeres&#038;body=https:\/\/radiorevelacionfm.cl\/?p=42683' aria-hidden='false' data-av_icon='\ue805' data-av_iconfont='entypo-fontello' title='' data-avia-related-tooltip='Compartir por correo'><span class='avia_hidden_link_text'>Compartir por correo<\/span><\/a><\/li><\/ul><\/div><\/div>\n<div  style='height:50px' class='hr hr-invisible   avia-builder-el-8  el_after_av_social_share  el_before_av_comments_list '><span class='hr-inner ' ><span class='hr-inner-style'><\/span><\/span><\/div>\n<div  class='av-buildercomment  av-blog-meta-html-info-disabled av-blog-meta-tag-disabled  '><\/div>\n","protected":false},"excerpt":{"rendered":"","protected":false},"author":1,"featured_media":42684,"comment_status":"open","ping_status":"open","sticky":false,"template":"","format":"standard","meta":{"footnotes":""},"categories":[38],"tags":[],"class_list":["post-42683","post","type-post","status-publish","format-standard","has-post-thumbnail","hentry","category-regional"],"jetpack_featured_media_url":"https:\/\/radiorevelacionfm.cl\/wp-content\/uploads\/2024\/05\/beneficiaria-capital-abeja-2023-1-1_optimized.jpg","_links":{"self":[{"href":"https:\/\/radiorevelacionfm.cl\/index.php?rest_route=\/wp\/v2\/posts\/42683","targetHints":{"allow":["GET"]}}],"collection":[{"href":"https:\/\/radiorevelacionfm.cl\/index.php?rest_route=\/wp\/v2\/posts"}],"about":[{"href":"https:\/\/radiorevelacionfm.cl\/index.php?rest_route=\/wp\/v2\/types\/post"}],"author":[{"embeddable":true,"href":"https:\/\/radiorevelacionfm.cl\/index.php?rest_route=\/wp\/v2\/users\/1"}],"replies":[{"embeddable":true,"href":"https:\/\/radiorevelacionfm.cl\/index.php?rest_route=%2Fwp%2Fv2%2Fcomments&post=42683"}],"version-history":[{"count":1,"href":"https:\/\/radiorevelacionfm.cl\/index.php?rest_route=\/wp\/v2\/posts\/42683\/revisions"}],"predecessor-version":[{"id":42685,"href":"https:\/\/radiorevelacionfm.cl\/index.php?rest_route=\/wp\/v2\/posts\/42683\/revisions\/42685"}],"wp:featuredmedia":[{"embeddable":true,"href":"https:\/\/radiorevelacionfm.cl\/index.php?rest_route=\/wp\/v2\/media\/42684"}],"wp:attachment":[{"href":"https:\/\/radiorevelacionfm.cl\/index.php?rest_route=%2Fwp%2Fv2%2Fmedia&parent=42683"}],"wp:term":[{"taxonomy":"category","embeddable":true,"href":"https:\/\/radiorevelacionfm.cl\/index.php?rest_route=%2Fwp%2Fv2%2Fcategories&post=42683"},{"taxonomy":"post_tag","embeddable":true,"href":"https:\/\/radiorevelacionfm.cl\/index.php?rest_route=%2Fwp%2Fv2%2Ftags&post=42683"}],"curies":[{"name":"wp","href":"https:\/\/api.w.org\/{rel}","templated":true}]}}