{"id":42680,"date":"2024-05-30T22:42:13","date_gmt":"2024-05-31T01:42:13","guid":{"rendered":"https:\/\/radiorevelacionfm.cl\/?p=42680"},"modified":"2024-05-30T22:42:13","modified_gmt":"2024-05-31T01:42:13","slug":"desarrollo-social-y-familia-inaugura-oficina-local-de-la-ninez-en-cisnes-y-chile-chico","status":"publish","type":"post","link":"https:\/\/radiorevelacionfm.cl\/?p=42680","title":{"rendered":"Desarrollo Social y Familia inaugura oficina local de la Ni\u00f1ez en Cisnes y Chile Chico"},"content":{"rendered":"<div class=\"flex_column av_one_full  flex_column_div av-zero-column-padding first  avia-builder-el-0  el_before_av_one_full  avia-builder-el-first  \" style='border-radius:0px; '><div  class='avia-image-container  av-styling-    avia-builder-el-1  avia-builder-el-no-sibling  avia-align-center '  itemprop=\"image\" itemscope=\"itemscope\" itemtype=\"https:\/\/schema.org\/ImageObject\"  ><div class='avia-image-container-inner'><div class='avia-image-overlay-wrap'><img decoding=\"async\" class='wp-image-42681 avia-img-lazy-loading-not-42681 avia_image' src=\"https:\/\/radiorevelacionfm.cl\/wp-content\/uploads\/2024\/05\/oln-1-1-1_optimized-1.jpeg\" alt='' title='oln-1-(1)-(1)_optimized (1)' height=\"600\" width=\"1067\"  itemprop=\"thumbnailUrl\" srcset=\"https:\/\/radiorevelacionfm.cl\/wp-content\/uploads\/2024\/05\/oln-1-1-1_optimized-1.jpeg 1067w, https:\/\/radiorevelacionfm.cl\/wp-content\/uploads\/2024\/05\/oln-1-1-1_optimized-1-300x169.jpeg 300w, https:\/\/radiorevelacionfm.cl\/wp-content\/uploads\/2024\/05\/oln-1-1-1_optimized-1-1030x579.jpeg 1030w, https:\/\/radiorevelacionfm.cl\/wp-content\/uploads\/2024\/05\/oln-1-1-1_optimized-1-768x432.jpeg 768w, https:\/\/radiorevelacionfm.cl\/wp-content\/uploads\/2024\/05\/oln-1-1-1_optimized-1-705x396.jpeg 705w, https:\/\/radiorevelacionfm.cl\/wp-content\/uploads\/2024\/05\/oln-1-1-1_optimized-1-450x253.jpeg 450w, https:\/\/radiorevelacionfm.cl\/wp-content\/uploads\/2024\/05\/oln-1-1-1_optimized-1-600x337.jpeg 600w\" sizes=\"(max-width: 1067px) 100vw, 1067px\" \/><\/div><\/div><\/div><\/div><div class=\"flex_column av_one_full  flex_column_div av-zero-column-padding first  avia-builder-el-2  el_after_av_one_full  el_before_av_one_full  column-top-margin\" style='border-radius:0px; '><section class=\"av_textblock_section \"  itemscope=\"itemscope\" itemtype=\"https:\/\/schema.org\/BlogPosting\" itemprop=\"blogPost\" ><div class='avia_textblock  '   itemprop=\"text\" ><p style=\"text-align: center;\"><strong><span style=\"font-size: 18pt;\">Desarrollo Social y Familia inaugura oficina local de la Ni\u00f1ez en Cisnes y Chile Chico<\/span><\/strong><\/p>\n<div id=\"gtx-trans\" style=\"position: absolute; left: -50px; top: 4.31534px;\">\n<div class=\"gtx-trans-icon\"><\/div>\n<\/div>\n<\/div><\/section><\/div><div class=\"flex_column av_one_full  flex_column_div av-zero-column-padding first  avia-builder-el-4  el_after_av_one_full  el_before_av_hr  column-top-margin\" style='border-radius:0px; '><section class=\"av_textblock_section \"  itemscope=\"itemscope\" itemtype=\"https:\/\/schema.org\/BlogPosting\" itemprop=\"blogPost\" ><div class='avia_textblock  '   itemprop=\"text\" ><p style=\"text-align: justify;\">La Seremi de Desarrollo Social y Familia de la regi\u00f3n de Ays\u00e9n Karina Acevedo, junto a los alcaldes de las comunas de Cisnes y Chile Chico, dieron el vamos a la oficina Local de la Ni\u00f1ez. Acci\u00f3n mandatada por Ley 21.430 y que tiene como eje transversal el velar por dar\u00a0Garant\u00edas y Protecci\u00f3n Integral de Derechos de la Ni\u00f1ez y Adolescencia.<\/p>\n<p style=\"text-align: justify;\">En este contexto su implementaci\u00f3n se concret\u00f3 a trav\u00e9s de la firma de convenio de colaboraci\u00f3n y transferencia de recursos hacia los municipios con un monto de inversi\u00f3n para Cisnes de $82.137.836 y para Chile Chico de $85.057.500 que permiti\u00f3 contratar al equipo de la oficina, entre otras acciones de las que estar\u00e1n a cargos los municipios.<\/p>\n<p style=\"text-align: justify;\">La Seremi de Desarrollo Social y Familia Karina Acevedo Auad relev\u00f3 el compromiso de los equipos municipales y de otras instituciones para poner en marcha la Oficina que por ley debe instalarse en las 10 comunas y que ya funcionan en seis de ellas \u00abEs un cambio important\u00edsimo que tenemos a lo largo de todo Chile y en la regi\u00f3n, ya tenemos constituida la Oficina Local de la Ni\u00f1ez, donde nos cambia totalmente la forma y el trato entre la infancia y la adolescencia con el Estado. Hoy la Ley de garant\u00edas 21.430, nos invita y nos obliga como Estado a estar atentos, bajo un sistema que da garant\u00edas para toda nuestra infancia y adolescencia. Por tanto, la municipalidad se suma con un equipo de coordinaci\u00f3n, un equipo totalmente capacitado y con experticia para hacer el seguimiento administrativo de todos los casos y la protecci\u00f3n de la infancia y la adolescencia\u00bb.<\/p>\n<p style=\"text-align: justify;\">En Puerto Cisnes el alcalde de la comuna Francisco Roncagliolo destac\u00f3 el compromiso y los desaf\u00edos que tienen al respecto \u00abpara nosotros la instalaci\u00f3n de esta OLN es fundamental, no solamente hemos firmado un convenio, hemos firmado un compromiso con nuestros ni\u00f1os, ni\u00f1as y adolescentes de la comuna de Cisnes. Lo que buscamos efectivamente con esta oficina, es poder fortalecer la capacidad de poder llegar a la mayor cantidad del territorio para poder garantizar tambi\u00e9n derechos, para poder apoyar tambi\u00e9n no solamente a los ni\u00f1os, sino que tambi\u00e9n a las familias. Este es un trabajo coordinado entre toda la institucionalidad p\u00fablica y que permita generar y dar herramientas porque se viene un desaf\u00edo no menor. Hay un compromiso, obviamente, de financiamiento, pero creo que tambi\u00e9n plantea un desaf\u00edo importante, de coordinaci\u00f3n y que de todos los servicios pongamos a nuestra parte\u00bb.<\/p>\n<p style=\"text-align: justify;\">Desde Chile Chico la Oficina Local de la Ni\u00f1ez, que ya se encuentra con todo el equipo funcionando, Dieron el puntapi\u00e9 inicial con una sesi\u00f3n de magia para ni\u00f1as y ni\u00f1os de la Escuela b\u00e1sica, posteriormente la Coordinadora regional de Ni\u00f1ez, Marlenne Mar\u00edn se reuni\u00f3 con los funcionarios donde se dieron directrices para las siguientes acciones que tendr\u00e1n en el corto plazo, El Director de Desarrollo Comunitario, Santos Sep\u00falveda destac\u00f3 lo anterior \u00abNosotros como municipalidad de Chile Chico estamos sumamente interesados y producto de ello es que se celebr\u00f3 un convenio para que esta oficina pueda operar en toda la comuna a trav\u00e9s de la promoci\u00f3n de los derechos, prevenci\u00f3n de situaciones de vulneraci\u00f3n y tambi\u00e9n la protecci\u00f3n de tipo administrativa.\u00a0La idea central de la oficina local de la ni\u00f1ez es que los procesos no se judicialicen, sino que se act\u00fae como una forma de mediaci\u00f3n. Por lo tanto, nosotros lo que queremos es prevenir la situaci\u00f3n de vulneraci\u00f3n de una manera integral y para eso tenemos el equipo de profesionales adecuados\u00bb.<\/p>\n<p style=\"text-align: justify;\">REPRESENTANTE DEL CONSEJO CONSULTIVO DE NI\u00d1EZ Y JUEZ DE CISNES REACCIONAN A OLN<\/p>\n<p style=\"text-align: justify;\">Como una buena noticia fue tomada la llegada de la Oficina Local de la Ni\u00f1ez a la comuna de Cisnes por parte de Douglas Cort\u00e9s, joven representante nacional del Consejo Consultivo de la Ni\u00f1ez y Adolescencia \u00abEs muy importante para la ni\u00f1ez, que nos puedan escuchar e incluir. Esto nos ayudar\u00e1 en conocer mejor deberes y derechos, as\u00ed que es importante que estemos incluidos como ni\u00f1os en la inauguraci\u00f3n de la OLN\u00bb.<\/p>\n<p style=\"text-align: justify;\">En tanto Fernando Acu\u00f1a, Juez de Letras, Garant\u00eda, Familia y Laboral de Puerto Cisnes, felicit\u00f3 la puesta en marcha \u00abEs una gran noticia para Puerto Cisnes, va a poder resolver todas las situaciones de vulneraci\u00f3n de derechos de menor y mediana intensidad y nos libera espacio para que nosotros, como tribunal, nos preocupemos de las vulneraciones graves y grav\u00edsimas. Y tambi\u00e9n permite promover adecuadamente los derechos de los ni\u00f1os, ni\u00f1as y adolescentes. As\u00ed que estamos contentos y esperamos que este trabajo rinda tanto fruto como ha rendido la Oficina Local que ya est\u00e1 funcionando en la comuna de Guaitecas y ha logrado colaborar much\u00edsimo en satisfacer estas precisas demandas que son tan particulares de nuestra regi\u00f3n. Debo indicar que en Cisnes el 40% de nuestro tiempo, est\u00e1 ocupado con ni\u00f1os y ni\u00f1as vulnerados, es decir, el 40% del trabajo del Tribunal est\u00e1 orientado exclusivamente a trabajar con ni\u00f1os y es porque ese es el volumen de necesidades que est\u00e1n manifestado en estas comunidades, entonces en la mirada del Tribunal, es una respuesta a las necesidades de la comuna\u00bb.<\/p>\n<\/div><\/section><\/div><div  style='height:50px' class='hr hr-invisible   avia-builder-el-6  el_after_av_one_full  el_before_av_social_share '><span class='hr-inner ' ><span class='hr-inner-style'><\/span><\/span><\/div><\/p>\n<div  class='av-social-sharing-box  avia-builder-el-7  el_after_av_hr  el_before_av_hr  '><div class='av-share-box'><h5 class='av-share-link-description av-no-toc '>Compartir esta noticia<\/h5><ul class='av-share-box-list noLightbox'><li class='av-share-link av-social-link-facebook' ><a target=\"_blank\" aria-label=\"Compartir en Facebook\" href='https:\/\/www.facebook.com\/sharer.php?u=https:\/\/radiorevelacionfm.cl\/?p=42680&#038;t=Desarrollo%20Social%20y%20Familia%20inaugura%20oficina%20local%20de%20la%20Ni%C3%B1ez%20en%20Cisnes%20y%20Chile%20Chico' aria-hidden='false' data-av_icon='\ue8f3' data-av_iconfont='entypo-fontello' title='' data-avia-related-tooltip='Compartir en Facebook' rel=\"noopener\"><span class='avia_hidden_link_text'>Compartir en Facebook<\/span><\/a><\/li><li class='av-share-link av-social-link-twitter' ><a target=\"_blank\" aria-label=\"Compartir en Twitter\" href='https:\/\/twitter.com\/share?text=Desarrollo%20Social%20y%20Familia%20inaugura%20oficina%20local%20de%20la%20Ni%C3%B1ez%20en%20Cisnes%20y%20Chile%20Chico&#038;url=https:\/\/radiorevelacionfm.cl\/?p=42680' aria-hidden='false' data-av_icon='\ue8f1' data-av_iconfont='entypo-fontello' title='' data-avia-related-tooltip='Compartir en Twitter' rel=\"noopener\"><span class='avia_hidden_link_text'>Compartir en Twitter<\/span><\/a><\/li><li class='av-share-link av-social-link-whatsapp' ><a target=\"_blank\" aria-label=\"Compartir en Whatsapp\" href='https:\/\/api.whatsapp.com\/send?text=https:\/\/radiorevelacionfm.cl\/?p=42680' aria-hidden='false' data-av_icon='\uf232' data-av_iconfont='entypo-fontello' title='' data-avia-related-tooltip='Compartir en Whatsapp' rel=\"noopener\"><span class='avia_hidden_link_text'>Compartir en Whatsapp<\/span><\/a><\/li><li class='av-share-link av-social-link-linkedin' ><a target=\"_blank\" aria-label=\"Compartir en LinkedIn\" href='https:\/\/linkedin.com\/shareArticle?mini=true&#038;title=Desarrollo%20Social%20y%20Familia%20inaugura%20oficina%20local%20de%20la%20Ni%C3%B1ez%20en%20Cisnes%20y%20Chile%20Chico&#038;url=https:\/\/radiorevelacionfm.cl\/?p=42680' aria-hidden='false' data-av_icon='\ue8fc' data-av_iconfont='entypo-fontello' title='' data-avia-related-tooltip='Compartir en LinkedIn' rel=\"noopener\"><span class='avia_hidden_link_text'>Compartir en LinkedIn<\/span><\/a><\/li><li class='av-share-link av-social-link-mail' ><a  aria-label=\"Compartir por correo\" href='mailto:?subject=Desarrollo%20Social%20y%20Familia%20inaugura%20oficina%20local%20de%20la%20Ni%C3%B1ez%20en%20Cisnes%20y%20Chile%20Chico&#038;body=https:\/\/radiorevelacionfm.cl\/?p=42680' aria-hidden='false' data-av_icon='\ue805' data-av_iconfont='entypo-fontello' title='' data-avia-related-tooltip='Compartir por correo'><span class='avia_hidden_link_text'>Compartir por correo<\/span><\/a><\/li><\/ul><\/div><\/div>\n<div  style='height:50px' class='hr hr-invisible   avia-builder-el-8  el_after_av_social_share  el_before_av_comments_list '><span class='hr-inner ' ><span class='hr-inner-style'><\/span><\/span><\/div>\n<div  class='av-buildercomment  av-blog-meta-html-info-disabled av-blog-meta-tag-disabled  '><\/div>\n","protected":false},"excerpt":{"rendered":"","protected":false},"author":1,"featured_media":42681,"comment_status":"open","ping_status":"open","sticky":false,"template":"","format":"standard","meta":{"footnotes":""},"categories":[38],"tags":[],"class_list":["post-42680","post","type-post","status-publish","format-standard","has-post-thumbnail","hentry","category-regional"],"jetpack_featured_media_url":"https:\/\/radiorevelacionfm.cl\/wp-content\/uploads\/2024\/05\/oln-1-1-1_optimized-1.jpeg","_links":{"self":[{"href":"https:\/\/radiorevelacionfm.cl\/index.php?rest_route=\/wp\/v2\/posts\/42680","targetHints":{"allow":["GET"]}}],"collection":[{"href":"https:\/\/radiorevelacionfm.cl\/index.php?rest_route=\/wp\/v2\/posts"}],"about":[{"href":"https:\/\/radiorevelacionfm.cl\/index.php?rest_route=\/wp\/v2\/types\/post"}],"author":[{"embeddable":true,"href":"https:\/\/radiorevelacionfm.cl\/index.php?rest_route=\/wp\/v2\/users\/1"}],"replies":[{"embeddable":true,"href":"https:\/\/radiorevelacionfm.cl\/index.php?rest_route=%2Fwp%2Fv2%2Fcomments&post=42680"}],"version-history":[{"count":1,"href":"https:\/\/radiorevelacionfm.cl\/index.php?rest_route=\/wp\/v2\/posts\/42680\/revisions"}],"predecessor-version":[{"id":42682,"href":"https:\/\/radiorevelacionfm.cl\/index.php?rest_route=\/wp\/v2\/posts\/42680\/revisions\/42682"}],"wp:featuredmedia":[{"embeddable":true,"href":"https:\/\/radiorevelacionfm.cl\/index.php?rest_route=\/wp\/v2\/media\/42681"}],"wp:attachment":[{"href":"https:\/\/radiorevelacionfm.cl\/index.php?rest_route=%2Fwp%2Fv2%2Fmedia&parent=42680"}],"wp:term":[{"taxonomy":"category","embeddable":true,"href":"https:\/\/radiorevelacionfm.cl\/index.php?rest_route=%2Fwp%2Fv2%2Fcategories&post=42680"},{"taxonomy":"post_tag","embeddable":true,"href":"https:\/\/radiorevelacionfm.cl\/index.php?rest_route=%2Fwp%2Fv2%2Ftags&post=42680"}],"curies":[{"name":"wp","href":"https:\/\/api.w.org\/{rel}","templated":true}]}}