{"id":4266,"date":"2021-05-18T18:51:54","date_gmt":"2021-05-18T21:51:54","guid":{"rendered":"https:\/\/radiorevelacionfm.cl\/?p=4266"},"modified":"2021-05-18T19:30:45","modified_gmt":"2021-05-18T22:30:45","slug":"pdi-denuncia-a-30-ciudadanos-extranjeros-durante-fiscalizaciones-del-mes-de-abril","status":"publish","type":"post","link":"https:\/\/radiorevelacionfm.cl\/?p=4266","title":{"rendered":"PDI denuncia a 30 ciudadanos extranjeros durante fiscalizaciones del mes de abril"},"content":{"rendered":"<div class=\"flex_column av_one_full  flex_column_div av-zero-column-padding first  avia-builder-el-0  el_before_av_one_full  avia-builder-el-first  \" style='border-radius:0px; '><div  class='avia-image-container  av-styling-    avia-builder-el-1  avia-builder-el-no-sibling  avia-align-center '  itemprop=\"image\" itemscope=\"itemscope\" itemtype=\"https:\/\/schema.org\/ImageObject\"  ><div class='avia-image-container-inner'><div class='avia-image-overlay-wrap'><img decoding=\"async\" class='wp-image-4269 avia-img-lazy-loading-not-4269 avia_image' src=\"https:\/\/radiorevelacionfm.cl\/wp-content\/uploads\/2021\/05\/fiscalizaciones-abril-migraciones-001-1_optimized-1.jpeg\" alt='' title='fiscalizaciones-abril-migraciones-001-(1)_optimized' height=\"580\" width=\"1031\"  itemprop=\"thumbnailUrl\" srcset=\"https:\/\/radiorevelacionfm.cl\/wp-content\/uploads\/2021\/05\/fiscalizaciones-abril-migraciones-001-1_optimized-1.jpeg 1031w, https:\/\/radiorevelacionfm.cl\/wp-content\/uploads\/2021\/05\/fiscalizaciones-abril-migraciones-001-1_optimized-1-300x169.jpeg 300w, https:\/\/radiorevelacionfm.cl\/wp-content\/uploads\/2021\/05\/fiscalizaciones-abril-migraciones-001-1_optimized-1-768x432.jpeg 768w, https:\/\/radiorevelacionfm.cl\/wp-content\/uploads\/2021\/05\/fiscalizaciones-abril-migraciones-001-1_optimized-1-705x397.jpeg 705w, https:\/\/radiorevelacionfm.cl\/wp-content\/uploads\/2021\/05\/fiscalizaciones-abril-migraciones-001-1_optimized-1-600x338.jpeg 600w\" sizes=\"(max-width: 1031px) 100vw, 1031px\" \/><\/div><\/div><\/div><\/div><div class=\"flex_column av_one_full  flex_column_div av-zero-column-padding first  avia-builder-el-2  el_after_av_one_full  el_before_av_one_full  column-top-margin\" style='border-radius:0px; '><section class=\"av_textblock_section \"  itemscope=\"itemscope\" itemtype=\"https:\/\/schema.org\/BlogPosting\" itemprop=\"blogPost\" ><div class='avia_textblock  '   itemprop=\"text\" ><p style=\"text-align: center;\"><span style=\"font-size: 18pt;\"><strong>PDI denuncia a 30 ciudadanos extranjeros durante fiscalizaciones del mes de abril<\/strong><\/span><\/p>\n<div id=\"gtx-trans\" style=\"position: absolute; left: -50px; top: 4.31534px;\">\n<div class=\"gtx-trans-icon\"><\/div>\n<\/div>\n<\/div><\/section><\/div><\/p>\n<div class=\"flex_column av_one_full  flex_column_div av-zero-column-padding first  avia-builder-el-4  el_after_av_one_full  el_before_av_hr  column-top-margin\" style='border-radius:0px; '><section class=\"av_textblock_section \"  itemscope=\"itemscope\" itemtype=\"https:\/\/schema.org\/BlogPosting\" itemprop=\"blogPost\" ><div class='avia_textblock  '   itemprop=\"text\" ><p style=\"text-align: justify;\">Como un balance del trabajo de fiscalizaci\u00f3n del \u00e1rea de migraciones de la Regi\u00f3n Policial de Ays\u00e9n, la Polic\u00eda de Investigaciones de Chile inform\u00f3 que durante el mes de abril el \u00e1rea especializada a nivel regional, compuesta por la secci\u00f3n en Puerto Ays\u00e9n y el departamento en Coyhaique, realiz\u00f3 un total de 13 fiscalizaciones a extranjeros en las principales ciudades y localidades de la regi\u00f3n, adem\u00e1s del trabajo de control permanente en la barrera sanitaria del aeropuerto de Balmaceda.<\/p>\n<p style=\"text-align: justify;\">As\u00ed, en estas fiscalizaciones se logr\u00f3 \u201ccontrolar a 123 personas, denunciando a 30 ciudadanos extranjeros por infringir alguno de los art\u00edculos de la Ley de Extranjer\u00eda que se encuentra vigente\u201d, enfatiz\u00f3 el jefe del Departamento de Migraciones y Polic\u00eda Internacional Coyhaique, subprefecto Richard Biernay.<\/p>\n<p style=\"text-align: justify;\">Adem\u00e1s, \u201cnuestros principales puntos de control fueron los muelles de Puerto Cisnes y Chacabuco, en el centro de Puerto Ays\u00e9n y Coyhaique y en el aeropuerto de Balmaceda\u201d, agreg\u00f3 el jefe de la unidad especializada, donde se desarrollaron controles para verificar en terreno la situaci\u00f3n de los ciudadanos extranjeros que se encuentran en Ays\u00e9n, orientando a los migrantes y empleadores sobre c\u00f3mo evitar infringir la Ley de Extranjer\u00eda, manteniendo informaci\u00f3n actualizada y documentaci\u00f3n vigente.<\/p>\n<p style=\"text-align: justify;\">De acuerdo a lo informado por el subprefecto Biernay, \u201clas principales infracciones cometidas por los ciudadanos extranjeros se relacionan con no informar el cambio de domicilio o de la situaci\u00f3n laboral dentro de los plazos que establece esta ley, encontrarse con alg\u00fan tipo de residencia irregular o bien haber hecho ingreso al territorio nacional de manera clandestina\u201d.<\/p>\n<p style=\"text-align: justify;\">Finalmente, el jefe del Departamento de Migraciones Coyhaique, agreg\u00f3 que \u201ccontinuaremos desarrollando acciones de control y fiscalizaci\u00f3n, pero adem\u00e1s realizando iniciativas para educar a los ciudadanos extranjeros sobre la nueva ley y la importancia de mantener su informaci\u00f3n personal actualizada\u201d.<\/p>\n<\/div><\/section><\/div>\n<div  style='height:50px' class='hr hr-invisible   avia-builder-el-6  el_after_av_one_full  el_before_av_social_share '><span class='hr-inner ' ><span class='hr-inner-style'><\/span><\/span><\/div>\n<div  class='av-social-sharing-box  avia-builder-el-7  el_after_av_hr  el_before_av_hr  '><div class='av-share-box'><h5 class='av-share-link-description av-no-toc '>Compartir esta noticia<\/h5><ul class='av-share-box-list noLightbox'><li class='av-share-link av-social-link-facebook' ><a target=\"_blank\" aria-label=\"Compartir en Facebook\" href='https:\/\/www.facebook.com\/sharer.php?u=https:\/\/radiorevelacionfm.cl\/?p=4266&#038;t=PDI%20denuncia%20a%2030%20ciudadanos%20extranjeros%20durante%20fiscalizaciones%20del%20mes%20de%20abril' aria-hidden='false' data-av_icon='\ue8f3' data-av_iconfont='entypo-fontello' title='' data-avia-related-tooltip='Compartir en Facebook' rel=\"noopener\"><span class='avia_hidden_link_text'>Compartir en Facebook<\/span><\/a><\/li><li class='av-share-link av-social-link-twitter' ><a target=\"_blank\" aria-label=\"Compartir en Twitter\" href='https:\/\/twitter.com\/share?text=PDI%20denuncia%20a%2030%20ciudadanos%20extranjeros%20durante%20fiscalizaciones%20del%20mes%20de%20abril&#038;url=https:\/\/radiorevelacionfm.cl\/?p=4266' aria-hidden='false' data-av_icon='\ue8f1' data-av_iconfont='entypo-fontello' title='' data-avia-related-tooltip='Compartir en Twitter' rel=\"noopener\"><span class='avia_hidden_link_text'>Compartir en Twitter<\/span><\/a><\/li><li class='av-share-link av-social-link-whatsapp' ><a target=\"_blank\" aria-label=\"Compartir en Whatsapp\" href='https:\/\/api.whatsapp.com\/send?text=https:\/\/radiorevelacionfm.cl\/?p=4266' aria-hidden='false' data-av_icon='\uf232' data-av_iconfont='entypo-fontello' title='' data-avia-related-tooltip='Compartir en Whatsapp' rel=\"noopener\"><span class='avia_hidden_link_text'>Compartir en Whatsapp<\/span><\/a><\/li><li class='av-share-link av-social-link-linkedin' ><a target=\"_blank\" aria-label=\"Compartir en LinkedIn\" href='https:\/\/linkedin.com\/shareArticle?mini=true&#038;title=PDI%20denuncia%20a%2030%20ciudadanos%20extranjeros%20durante%20fiscalizaciones%20del%20mes%20de%20abril&#038;url=https:\/\/radiorevelacionfm.cl\/?p=4266' aria-hidden='false' data-av_icon='\ue8fc' data-av_iconfont='entypo-fontello' title='' data-avia-related-tooltip='Compartir en LinkedIn' rel=\"noopener\"><span class='avia_hidden_link_text'>Compartir en LinkedIn<\/span><\/a><\/li><li class='av-share-link av-social-link-mail' ><a  aria-label=\"Compartir por correo\" href='mailto:?subject=PDI%20denuncia%20a%2030%20ciudadanos%20extranjeros%20durante%20fiscalizaciones%20del%20mes%20de%20abril&#038;body=https:\/\/radiorevelacionfm.cl\/?p=4266' aria-hidden='false' data-av_icon='\ue805' data-av_iconfont='entypo-fontello' title='' data-avia-related-tooltip='Compartir por correo'><span class='avia_hidden_link_text'>Compartir por correo<\/span><\/a><\/li><\/ul><\/div><\/div>\n<div  style='height:50px' class='hr hr-invisible   avia-builder-el-8  el_after_av_social_share  el_before_av_comments_list '><span class='hr-inner ' ><span class='hr-inner-style'><\/span><\/span><\/div>\n<div  class='av-buildercomment  av-blog-meta-html-info-disabled av-blog-meta-tag-disabled  '><\/div>\n","protected":false},"excerpt":{"rendered":"","protected":false},"author":1,"featured_media":4269,"comment_status":"open","ping_status":"open","sticky":false,"template":"","format":"standard","meta":{"footnotes":""},"categories":[36],"tags":[],"class_list":["post-4266","post","type-post","status-publish","format-standard","has-post-thumbnail","hentry","category-policial"],"jetpack_featured_media_url":"https:\/\/radiorevelacionfm.cl\/wp-content\/uploads\/2021\/05\/fiscalizaciones-abril-migraciones-001-1_optimized-1.jpeg","_links":{"self":[{"href":"https:\/\/radiorevelacionfm.cl\/index.php?rest_route=\/wp\/v2\/posts\/4266","targetHints":{"allow":["GET"]}}],"collection":[{"href":"https:\/\/radiorevelacionfm.cl\/index.php?rest_route=\/wp\/v2\/posts"}],"about":[{"href":"https:\/\/radiorevelacionfm.cl\/index.php?rest_route=\/wp\/v2\/types\/post"}],"author":[{"embeddable":true,"href":"https:\/\/radiorevelacionfm.cl\/index.php?rest_route=\/wp\/v2\/users\/1"}],"replies":[{"embeddable":true,"href":"https:\/\/radiorevelacionfm.cl\/index.php?rest_route=%2Fwp%2Fv2%2Fcomments&post=4266"}],"version-history":[{"count":2,"href":"https:\/\/radiorevelacionfm.cl\/index.php?rest_route=\/wp\/v2\/posts\/4266\/revisions"}],"predecessor-version":[{"id":4270,"href":"https:\/\/radiorevelacionfm.cl\/index.php?rest_route=\/wp\/v2\/posts\/4266\/revisions\/4270"}],"wp:featuredmedia":[{"embeddable":true,"href":"https:\/\/radiorevelacionfm.cl\/index.php?rest_route=\/wp\/v2\/media\/4269"}],"wp:attachment":[{"href":"https:\/\/radiorevelacionfm.cl\/index.php?rest_route=%2Fwp%2Fv2%2Fmedia&parent=4266"}],"wp:term":[{"taxonomy":"category","embeddable":true,"href":"https:\/\/radiorevelacionfm.cl\/index.php?rest_route=%2Fwp%2Fv2%2Fcategories&post=4266"},{"taxonomy":"post_tag","embeddable":true,"href":"https:\/\/radiorevelacionfm.cl\/index.php?rest_route=%2Fwp%2Fv2%2Ftags&post=4266"}],"curies":[{"name":"wp","href":"https:\/\/api.w.org\/{rel}","templated":true}]}}