{"id":42654,"date":"2024-05-30T13:00:54","date_gmt":"2024-05-30T16:00:54","guid":{"rendered":"https:\/\/radiorevelacionfm.cl\/?p=42654"},"modified":"2024-05-30T13:00:54","modified_gmt":"2024-05-30T16:00:54","slug":"delegado-rodrigo-araya-destaca-trabajo-conjunto-por-el-desarrollo-de-la-patagonia-tras-29-comite-de-integracion-austral","status":"publish","type":"post","link":"https:\/\/radiorevelacionfm.cl\/?p=42654","title":{"rendered":"Delegado Rodrigo Araya destaca trabajo conjunto por el desarrollo de la Patagonia tras 29\u00b0 Comit\u00e9 de Integraci\u00f3n Austral"},"content":{"rendered":"<div class=\"flex_column av_one_full  flex_column_div av-zero-column-padding first  avia-builder-el-0  el_before_av_one_full  avia-builder-el-first  \" style='border-radius:0px; '><div  class='avia-image-container  av-styling-    avia-builder-el-1  avia-builder-el-no-sibling  avia-align-center '  itemprop=\"image\" itemscope=\"itemscope\" itemtype=\"https:\/\/schema.org\/ImageObject\"  ><div class='avia-image-container-inner'><div class='avia-image-overlay-wrap'><img decoding=\"async\" class='wp-image-42655 avia-img-lazy-loading-not-42655 avia_image' src=\"https:\/\/radiorevelacionfm.cl\/wp-content\/uploads\/2024\/05\/20240529083515_IMG_9719_1-1-1.jpg\" alt='' title='20240529083515_IMG_9719_1 (1) (1)' height=\"600\" width=\"1038\"  itemprop=\"thumbnailUrl\" srcset=\"https:\/\/radiorevelacionfm.cl\/wp-content\/uploads\/2024\/05\/20240529083515_IMG_9719_1-1-1.jpg 1038w, https:\/\/radiorevelacionfm.cl\/wp-content\/uploads\/2024\/05\/20240529083515_IMG_9719_1-1-1-300x173.jpg 300w, https:\/\/radiorevelacionfm.cl\/wp-content\/uploads\/2024\/05\/20240529083515_IMG_9719_1-1-1-1030x595.jpg 1030w, https:\/\/radiorevelacionfm.cl\/wp-content\/uploads\/2024\/05\/20240529083515_IMG_9719_1-1-1-768x444.jpg 768w, https:\/\/radiorevelacionfm.cl\/wp-content\/uploads\/2024\/05\/20240529083515_IMG_9719_1-1-1-705x408.jpg 705w, https:\/\/radiorevelacionfm.cl\/wp-content\/uploads\/2024\/05\/20240529083515_IMG_9719_1-1-1-450x260.jpg 450w, https:\/\/radiorevelacionfm.cl\/wp-content\/uploads\/2024\/05\/20240529083515_IMG_9719_1-1-1-600x347.jpg 600w\" sizes=\"(max-width: 1038px) 100vw, 1038px\" \/><\/div><\/div><\/div><\/div><div class=\"flex_column av_one_full  flex_column_div av-zero-column-padding first  avia-builder-el-2  el_after_av_one_full  el_before_av_one_full  column-top-margin\" style='border-radius:0px; '><section class=\"av_textblock_section \"  itemscope=\"itemscope\" itemtype=\"https:\/\/schema.org\/BlogPosting\" itemprop=\"blogPost\" ><div class='avia_textblock  '   itemprop=\"text\" ><p style=\"text-align: center;\"><span style=\"font-size: 18pt;\"><b>Delegado Rodrigo Araya destaca trabajo conjunto por el desarrollo de la Patagonia tras 29\u00b0 Comit\u00e9 de Integraci\u00f3n Austral<\/b><\/span><\/p>\n<div id=\"gtx-trans\" style=\"position: absolute; left: -50px; top: 4.31534px;\">\n<div class=\"gtx-trans-icon\"><\/div>\n<\/div>\n<\/div><\/section><\/div><div class=\"flex_column av_one_full  flex_column_div av-zero-column-padding first  avia-builder-el-4  el_after_av_one_full  el_before_av_hr  column-top-margin\" style='border-radius:0px; '><section class=\"av_textblock_section \"  itemscope=\"itemscope\" itemtype=\"https:\/\/schema.org\/BlogPosting\" itemprop=\"blogPost\" ><div class='avia_textblock  '   itemprop=\"text\" ><p style=\"text-align: justify;\">Avances en materias fronterizas, sanitarias, de conectividad y turismo, entre otras, destac\u00f3 el Delegado Presidencial Regional de Ays\u00e9n, Rodrigo Araya Morales, tras el vig\u00e9simo noveno Comit\u00e9 de Integraci\u00f3n Austral entre Chile y Argentina, realizado este martes y mi\u00e9rcoles en Punta Arenas.<\/p>\n<p style=\"text-align: justify;\">La instancia fue presidida por el director nacional de Fronteras y L\u00edmites (Difrol) de la Canciller\u00eda chilena, Carlos Dettleff, y copresidida por el Ministro Santiago Villalba, director de L\u00edmites y Fronteras de la Canciller\u00eda Argentina.<\/p>\n<p style=\"text-align: justify;\">Las jornadas fueron encabezadas por el Gobernador de Magallanes y Ant\u00e1rtica chilena, Jorge Flies; el Gobernador de la Provincia de Santa Cruz, Claudio Orlando Vidal; el Delegado Presidencial Regional de Ays\u00e9n, Rodrigo Araya; el secretario de Malvinas, Ant\u00e1rtida, Islas del Atl\u00e1ntico Sur y Asuntos Internacionales de la Provincia de Tierra del Fuego, Andr\u00e9s Dachary; y el Delegado Presidencial de Magallanes, Jos\u00e9 Pivcevic.<\/p>\n<p style=\"text-align: justify;\">El Delegado Rodrigo Araya destac\u00f3 la importancia de mejorar la conectividad entre la Regi\u00f3n de Ays\u00e9n y la Provincia del Chubut.<\/p>\n<p style=\"text-align: justify;\">\u201cLa conectividad, las oportunidades que se abren en acceso a prestaciones de salud, temas de fronteras, de conectividad vial y c\u00f3mo podemos perfeccionar la comunicaci\u00f3n con instituciones hermana argentinas, y nos vamos con muchas proyecciones. Nos sumamos a la necesidad de que las subcomisiones tengan que seguir funcionando. Magallanes est\u00e1 asumiendo en seguir aquello y desde Ays\u00e9n vamos a hacer los esfuerzos para que podamos continuar ese trabajo entre todos\u201d, se\u00f1al\u00f3.<\/p>\n<p style=\"text-align: justify;\">El gobernador Jorge Flies destac\u00f3 la necesidad y la disposici\u00f3n conjunta de cooperaci\u00f3n mutua entre regiones y provincias australes.<\/p>\n<p style=\"text-align: justify;\">\u201cLos pasos de los acuerdos internacionales, son de largo aliento, hay que ver la tendencia, si se avanza o no se avanza. Fronteras para nosotros es un tema fundamental, partiendo por integrar, ampliar horarios, ampliar fechas y tecnologizar estos pasos fronterizos\u201d, expres\u00f3.<\/p>\n<p style=\"text-align: justify;\">Andr\u00e9s Dachary coincidi\u00f3 en la necesidad de alcanzar objetivos concretos, por medio del di\u00e1logo peri\u00f3dico.<\/p>\n<p style=\"text-align: justify;\">\u201cPor supuesto, que todo lo que tiene que ver con temas fronterizos, tiene una centralidad por sobre otros temas. En este sentido, creo que tenemos que avanzar y profundizar en esa flexibilizaci\u00f3n. Las fronteras tienen que ser un espacio integrador y no generar obst\u00e1culos en el desarrollo de estas regiones. Qued\u00f3 clara la voluntad pol\u00edtica del gobierno de Magallanes, del gobierno de Ays\u00e9n, de la provincia de Tierra del Fuego y de todos quienes componen este Comit\u00e9, de avanzar y, sobre todo, garantizar las medidas para que los funcionarios que desarrollan su trabajo, lo puedan hacer con las condiciones necesarias\u201d, puntualiz\u00f3.<\/p>\n<p style=\"text-align: justify;\">En representaci\u00f3n de la Regi\u00f3n de Ays\u00e9n, participaron a trav\u00e9s de 23 comisiones el alcalde de O\u00b4Higgins, Jos\u00e9 Fica; el Fiscal Regional, Carlos Palma, los consejeros Ra\u00fal Rudolphi, Jorge Sep\u00falveda y Jorge Abello; el Delegado de General Carrera, Crist\u00f3bal Barcel\u00f3, los seremis del Trabajo y Previsi\u00f3n Social, Rodrigo D\u00edaz; del Deporte, Eugenia Dur\u00e1n; del MOP, Patricio Sanhueza; de Transportes y Telecomunicaciones, Hans Zimmermann; de Miner\u00eda, Juan V\u00e1squez; Agricultura, Eugenio Ruiz; Econom\u00eda, Felipe Rojas, adem\u00e1s de directivos y equipos t\u00e9cnicos del Gobierno Regional de Ays\u00e9n, Servicio de Salud, Sernatur, CONAF, SAG y Carabineros, entre otros.<\/p>\n<\/div><\/section><\/div><div  style='height:50px' class='hr hr-invisible   avia-builder-el-6  el_after_av_one_full  el_before_av_social_share '><span class='hr-inner ' ><span class='hr-inner-style'><\/span><\/span><\/div><\/p>\n<div  class='av-social-sharing-box  avia-builder-el-7  el_after_av_hr  el_before_av_hr  '><div class='av-share-box'><h5 class='av-share-link-description av-no-toc '>Compartir esta noticia<\/h5><ul class='av-share-box-list noLightbox'><li class='av-share-link av-social-link-facebook' ><a target=\"_blank\" aria-label=\"Compartir en Facebook\" href='https:\/\/www.facebook.com\/sharer.php?u=https:\/\/radiorevelacionfm.cl\/?p=42654&#038;t=Delegado%20Rodrigo%20Araya%20destaca%20trabajo%20conjunto%20por%20el%20desarrollo%20de%20la%20Patagonia%20tras%2029%C2%B0%20Comit%C3%A9%20de%20Integraci%C3%B3n%20Austral' aria-hidden='false' data-av_icon='\ue8f3' data-av_iconfont='entypo-fontello' title='' data-avia-related-tooltip='Compartir en Facebook' rel=\"noopener\"><span class='avia_hidden_link_text'>Compartir en Facebook<\/span><\/a><\/li><li class='av-share-link av-social-link-twitter' ><a target=\"_blank\" aria-label=\"Compartir en Twitter\" href='https:\/\/twitter.com\/share?text=Delegado%20Rodrigo%20Araya%20destaca%20trabajo%20conjunto%20por%20el%20desarrollo%20de%20la%20Patagonia%20tras%2029%C2%B0%20Comit%C3%A9%20de%20Integraci%C3%B3n%20Austral&#038;url=https:\/\/radiorevelacionfm.cl\/?p=42654' aria-hidden='false' data-av_icon='\ue8f1' data-av_iconfont='entypo-fontello' title='' data-avia-related-tooltip='Compartir en Twitter' rel=\"noopener\"><span class='avia_hidden_link_text'>Compartir en Twitter<\/span><\/a><\/li><li class='av-share-link av-social-link-whatsapp' ><a target=\"_blank\" aria-label=\"Compartir en Whatsapp\" href='https:\/\/api.whatsapp.com\/send?text=https:\/\/radiorevelacionfm.cl\/?p=42654' aria-hidden='false' data-av_icon='\uf232' data-av_iconfont='entypo-fontello' title='' data-avia-related-tooltip='Compartir en Whatsapp' rel=\"noopener\"><span class='avia_hidden_link_text'>Compartir en Whatsapp<\/span><\/a><\/li><li class='av-share-link av-social-link-linkedin' ><a target=\"_blank\" aria-label=\"Compartir en LinkedIn\" href='https:\/\/linkedin.com\/shareArticle?mini=true&#038;title=Delegado%20Rodrigo%20Araya%20destaca%20trabajo%20conjunto%20por%20el%20desarrollo%20de%20la%20Patagonia%20tras%2029%C2%B0%20Comit%C3%A9%20de%20Integraci%C3%B3n%20Austral&#038;url=https:\/\/radiorevelacionfm.cl\/?p=42654' aria-hidden='false' data-av_icon='\ue8fc' data-av_iconfont='entypo-fontello' title='' data-avia-related-tooltip='Compartir en LinkedIn' rel=\"noopener\"><span class='avia_hidden_link_text'>Compartir en LinkedIn<\/span><\/a><\/li><li class='av-share-link av-social-link-mail' ><a  aria-label=\"Compartir por correo\" href='mailto:?subject=Delegado%20Rodrigo%20Araya%20destaca%20trabajo%20conjunto%20por%20el%20desarrollo%20de%20la%20Patagonia%20tras%2029%C2%B0%20Comit%C3%A9%20de%20Integraci%C3%B3n%20Austral&#038;body=https:\/\/radiorevelacionfm.cl\/?p=42654' aria-hidden='false' data-av_icon='\ue805' data-av_iconfont='entypo-fontello' title='' data-avia-related-tooltip='Compartir por correo'><span class='avia_hidden_link_text'>Compartir por correo<\/span><\/a><\/li><\/ul><\/div><\/div>\n<div  style='height:50px' class='hr hr-invisible   avia-builder-el-8  el_after_av_social_share  el_before_av_comments_list '><span class='hr-inner ' ><span class='hr-inner-style'><\/span><\/span><\/div>\n<div  class='av-buildercomment  av-blog-meta-html-info-disabled av-blog-meta-tag-disabled  '><\/div>\n","protected":false},"excerpt":{"rendered":"","protected":false},"author":1,"featured_media":42655,"comment_status":"open","ping_status":"open","sticky":false,"template":"","format":"standard","meta":{"footnotes":""},"categories":[38],"tags":[],"class_list":["post-42654","post","type-post","status-publish","format-standard","has-post-thumbnail","hentry","category-regional"],"jetpack_featured_media_url":"https:\/\/radiorevelacionfm.cl\/wp-content\/uploads\/2024\/05\/20240529083515_IMG_9719_1-1-1.jpg","_links":{"self":[{"href":"https:\/\/radiorevelacionfm.cl\/index.php?rest_route=\/wp\/v2\/posts\/42654","targetHints":{"allow":["GET"]}}],"collection":[{"href":"https:\/\/radiorevelacionfm.cl\/index.php?rest_route=\/wp\/v2\/posts"}],"about":[{"href":"https:\/\/radiorevelacionfm.cl\/index.php?rest_route=\/wp\/v2\/types\/post"}],"author":[{"embeddable":true,"href":"https:\/\/radiorevelacionfm.cl\/index.php?rest_route=\/wp\/v2\/users\/1"}],"replies":[{"embeddable":true,"href":"https:\/\/radiorevelacionfm.cl\/index.php?rest_route=%2Fwp%2Fv2%2Fcomments&post=42654"}],"version-history":[{"count":1,"href":"https:\/\/radiorevelacionfm.cl\/index.php?rest_route=\/wp\/v2\/posts\/42654\/revisions"}],"predecessor-version":[{"id":42656,"href":"https:\/\/radiorevelacionfm.cl\/index.php?rest_route=\/wp\/v2\/posts\/42654\/revisions\/42656"}],"wp:featuredmedia":[{"embeddable":true,"href":"https:\/\/radiorevelacionfm.cl\/index.php?rest_route=\/wp\/v2\/media\/42655"}],"wp:attachment":[{"href":"https:\/\/radiorevelacionfm.cl\/index.php?rest_route=%2Fwp%2Fv2%2Fmedia&parent=42654"}],"wp:term":[{"taxonomy":"category","embeddable":true,"href":"https:\/\/radiorevelacionfm.cl\/index.php?rest_route=%2Fwp%2Fv2%2Fcategories&post=42654"},{"taxonomy":"post_tag","embeddable":true,"href":"https:\/\/radiorevelacionfm.cl\/index.php?rest_route=%2Fwp%2Fv2%2Ftags&post=42654"}],"curies":[{"name":"wp","href":"https:\/\/api.w.org\/{rel}","templated":true}]}}