{"id":42646,"date":"2024-05-30T11:09:50","date_gmt":"2024-05-30T14:09:50","guid":{"rendered":"https:\/\/radiorevelacionfm.cl\/?p=42646"},"modified":"2024-05-30T11:09:50","modified_gmt":"2024-05-30T14:09:50","slug":"proyecto-pondra-en-valor-antiguas-viviendas-como-patrimonio-arquitectonico-y-cultural-en-comunas-de-cisnes-y-lago-verde","status":"publish","type":"post","link":"https:\/\/radiorevelacionfm.cl\/?p=42646","title":{"rendered":"Proyecto pondr\u00e1 en valor antiguas viviendas como patrimonio arquitect\u00f3nico y cultural en comunas de Cisnes y Lago Verde"},"content":{"rendered":"<div class=\"flex_column av_one_full  flex_column_div av-zero-column-padding first  avia-builder-el-0  el_before_av_one_full  avia-builder-el-first  \" style='border-radius:0px; '><div  class='avia-image-container  av-styling-    avia-builder-el-1  avia-builder-el-no-sibling  avia-align-center '  itemprop=\"image\" itemscope=\"itemscope\" itemtype=\"https:\/\/schema.org\/ImageObject\"  ><div class='avia-image-container-inner'><div class='avia-image-overlay-wrap'><img decoding=\"async\" class='wp-image-42647 avia-img-lazy-loading-not-42647 avia_image' src=\"https:\/\/radiorevelacionfm.cl\/wp-content\/uploads\/2024\/05\/WhatsApp-Image-2024-05-29-at-16.23.17-1-1.jpeg\" alt='' title='WhatsApp Image 2024-05-29 at 16.23.17 (1) (1)' height=\"600\" width=\"1067\"  itemprop=\"thumbnailUrl\" srcset=\"https:\/\/radiorevelacionfm.cl\/wp-content\/uploads\/2024\/05\/WhatsApp-Image-2024-05-29-at-16.23.17-1-1.jpeg 1067w, https:\/\/radiorevelacionfm.cl\/wp-content\/uploads\/2024\/05\/WhatsApp-Image-2024-05-29-at-16.23.17-1-1-300x169.jpeg 300w, https:\/\/radiorevelacionfm.cl\/wp-content\/uploads\/2024\/05\/WhatsApp-Image-2024-05-29-at-16.23.17-1-1-1030x579.jpeg 1030w, https:\/\/radiorevelacionfm.cl\/wp-content\/uploads\/2024\/05\/WhatsApp-Image-2024-05-29-at-16.23.17-1-1-768x432.jpeg 768w, https:\/\/radiorevelacionfm.cl\/wp-content\/uploads\/2024\/05\/WhatsApp-Image-2024-05-29-at-16.23.17-1-1-705x396.jpeg 705w, https:\/\/radiorevelacionfm.cl\/wp-content\/uploads\/2024\/05\/WhatsApp-Image-2024-05-29-at-16.23.17-1-1-450x253.jpeg 450w, https:\/\/radiorevelacionfm.cl\/wp-content\/uploads\/2024\/05\/WhatsApp-Image-2024-05-29-at-16.23.17-1-1-600x337.jpeg 600w\" sizes=\"(max-width: 1067px) 100vw, 1067px\" \/><\/div><\/div><\/div><\/div><div class=\"flex_column av_one_full  flex_column_div av-zero-column-padding first  avia-builder-el-2  el_after_av_one_full  el_before_av_one_full  column-top-margin\" style='border-radius:0px; '><section class=\"av_textblock_section \"  itemscope=\"itemscope\" itemtype=\"https:\/\/schema.org\/BlogPosting\" itemprop=\"blogPost\" ><div class='avia_textblock  '   itemprop=\"text\" ><p style=\"text-align: center;\"><strong><span style=\"font-size: 18pt;\">Proyecto pondr\u00e1 en valor antiguas viviendas como patrimonio arquitect\u00f3nico y cultural en comunas de Cisnes y Lago Verde<\/span><\/strong><\/p>\n<div id=\"gtx-trans\" style=\"position: absolute; left: -50px; top: 4.31534px;\">\n<div class=\"gtx-trans-icon\"><\/div>\n<\/div>\n<\/div><\/section><\/div><div class=\"flex_column av_one_full  flex_column_div av-zero-column-padding first  avia-builder-el-4  el_after_av_one_full  el_before_av_hr  column-top-margin\" style='border-radius:0px; '><section class=\"av_textblock_section \"  itemscope=\"itemscope\" itemtype=\"https:\/\/schema.org\/BlogPosting\" itemprop=\"blogPost\" ><div class='avia_textblock  '   itemprop=\"text\" ><p style=\"text-align: justify;\"><em>Financiado por el Ministerio de las Culturas, las Artes y el Patrimonio, L\u00ednea Culturas Regionales convocatoria 2024, esta iniciativa busca rescatar y valorar las casas patrimoniales del norte de Ays\u00e9n.<\/em><\/p>\n<p style=\"text-align: justify;\">\u00abHogar Hoguera, Puesta en Valor de casas Patrimoniales del Eje Fronterizo Norte de Ais\u00e9n\u00bb, es un trabajo arquitect\u00f3nico y art\u00edstico que busca registrar y difundir la historia, la cultura y el paisaje que rodea a las antiguas viviendas ubicadas en el litoral e interior de las localidades de la comuna de Cisnes y la localidad de Lago Verde. As\u00ed lo se\u00f1ala la arquitecta y ejecutora del proyecto Javiera Carvajal Aracena, \u201ceste proyecto nace a ra\u00edz del riesgo de desaparecer que corren estas casas, ya sea por el paso del tiempo, abandono, o renovaciones. Creemos que sin duda son parte de la historia de las primeras formas de construcci\u00f3n de quienes llegaron a esta zona de la regi\u00f3n y que con este proyecto esperamos poner en valor y socializar con la comunidad\u201d.<\/p>\n<p style=\"text-align: justify;\">Para el seremi de Cultura Ays\u00e9n, Felipe Quiroz, \u00abeste tipo de proyectos cargados de profunda identidad territorial no solo ponen en valor las casas patrimoniales, sino la historia de la habitabilidad en la zona norte de nuestra Regi\u00f3n de Ays\u00e9n, donde comenzaron los asentamientos. Es sumamente grato para el Ministerio de las Culturas entregar recursos a iniciativas que plantean un rescate patrimonial. En este caso, felicito al equipo de Ruka M\u00e1gica por el proyecto Hogar Hoguera, que testimonia desde las ra\u00edces m\u00e1s profundas el origen constructivo de Ays\u00e9n y valoriza enormemente nuestro patrimonio arquitect\u00f3nico. S\u00e9, adem\u00e1s, que fueron parte del D\u00eda de los Patrimonios en la comuna de Cisnes, lo que se traduce en descentralizaci\u00f3n en la propia regi\u00f3n con contenidos de calidad\u00bb.<\/p>\n<p style=\"text-align: justify;\">A trav\u00e9s del proyecto se espera realizar un completo registro y levantamiento de informaci\u00f3n de las viviendas de las localidades de Melinka, Puerto Ra\u00fal Mar\u00edn Balmaceda, La Junta, Puyuhuapi y la localidad de Lago Verde, con la idea de plasmarlas luego en ilustraciones en plumilla, tinta china y acuarela, as\u00ed tambi\u00e9n, en fichas t\u00e9cnicas arquitect\u00f3nicas con informaci\u00f3n en formato de gu\u00edas de campo y postales como difusi\u00f3n y sociabilizaci\u00f3n de la iniciativa.<\/p>\n<p style=\"text-align: justify;\">Finalmente, a partir de \u00e9ste registro se realizar\u00e1n esculturas en cer\u00e1mica que representen su esencia, forma y materialidad a cargo de la ceramista local Paulina Pinochet. \u201cEs por medio de todo lo anterior que compartiremos arte e informaci\u00f3n hist\u00f3rica a trav\u00e9s de talleres a lo largo de este a\u00f1o, como invitaci\u00f3n a las localidades a formar parte de esta iniciativa de rescate patrimonial, tanto para nuestros habitantes, como para los visitantes de estos lugares\u201d, enfatiz\u00f3 Javiera Carvajal.<\/p>\n<p style=\"text-align: justify;\">Hogar Hoguera, es un proyecto ejecutado por Ruka M\u00e1gica y apoyado por La Cooperativa Ruta del Jard\u00edn Austral junto al Hotel Terrazas del Palena. Para m\u00e1s informaci\u00f3n est\u00e1 disponible la p\u00e1gina web www.australgardenroute.com\/hogar-hoguera.<\/p>\n<\/div><\/section><\/div><div  style='height:50px' class='hr hr-invisible   avia-builder-el-6  el_after_av_one_full  el_before_av_social_share '><span class='hr-inner ' ><span class='hr-inner-style'><\/span><\/span><\/div><\/p>\n<div  class='av-social-sharing-box  avia-builder-el-7  el_after_av_hr  el_before_av_hr  '><div class='av-share-box'><h5 class='av-share-link-description av-no-toc '>Compartir esta noticia<\/h5><ul class='av-share-box-list noLightbox'><li class='av-share-link av-social-link-facebook' ><a target=\"_blank\" aria-label=\"Compartir en Facebook\" href='https:\/\/www.facebook.com\/sharer.php?u=https:\/\/radiorevelacionfm.cl\/?p=42646&#038;t=Proyecto%20pondr%C3%A1%20en%20valor%20antiguas%20viviendas%20como%20patrimonio%20arquitect%C3%B3nico%20y%20cultural%20en%20comunas%20de%20Cisnes%20y%20Lago%20Verde' aria-hidden='false' data-av_icon='\ue8f3' data-av_iconfont='entypo-fontello' title='' data-avia-related-tooltip='Compartir en Facebook' rel=\"noopener\"><span class='avia_hidden_link_text'>Compartir en Facebook<\/span><\/a><\/li><li class='av-share-link av-social-link-twitter' ><a target=\"_blank\" aria-label=\"Compartir en Twitter\" href='https:\/\/twitter.com\/share?text=Proyecto%20pondr%C3%A1%20en%20valor%20antiguas%20viviendas%20como%20patrimonio%20arquitect%C3%B3nico%20y%20cultural%20en%20comunas%20de%20Cisnes%20y%20Lago%20Verde&#038;url=https:\/\/radiorevelacionfm.cl\/?p=42646' aria-hidden='false' data-av_icon='\ue8f1' data-av_iconfont='entypo-fontello' title='' data-avia-related-tooltip='Compartir en Twitter' rel=\"noopener\"><span class='avia_hidden_link_text'>Compartir en Twitter<\/span><\/a><\/li><li class='av-share-link av-social-link-whatsapp' ><a target=\"_blank\" aria-label=\"Compartir en Whatsapp\" href='https:\/\/api.whatsapp.com\/send?text=https:\/\/radiorevelacionfm.cl\/?p=42646' aria-hidden='false' data-av_icon='\uf232' data-av_iconfont='entypo-fontello' title='' data-avia-related-tooltip='Compartir en Whatsapp' rel=\"noopener\"><span class='avia_hidden_link_text'>Compartir en Whatsapp<\/span><\/a><\/li><li class='av-share-link av-social-link-linkedin' ><a target=\"_blank\" aria-label=\"Compartir en LinkedIn\" href='https:\/\/linkedin.com\/shareArticle?mini=true&#038;title=Proyecto%20pondr%C3%A1%20en%20valor%20antiguas%20viviendas%20como%20patrimonio%20arquitect%C3%B3nico%20y%20cultural%20en%20comunas%20de%20Cisnes%20y%20Lago%20Verde&#038;url=https:\/\/radiorevelacionfm.cl\/?p=42646' aria-hidden='false' data-av_icon='\ue8fc' data-av_iconfont='entypo-fontello' title='' data-avia-related-tooltip='Compartir en LinkedIn' rel=\"noopener\"><span class='avia_hidden_link_text'>Compartir en LinkedIn<\/span><\/a><\/li><li class='av-share-link av-social-link-mail' ><a  aria-label=\"Compartir por correo\" href='mailto:?subject=Proyecto%20pondr%C3%A1%20en%20valor%20antiguas%20viviendas%20como%20patrimonio%20arquitect%C3%B3nico%20y%20cultural%20en%20comunas%20de%20Cisnes%20y%20Lago%20Verde&#038;body=https:\/\/radiorevelacionfm.cl\/?p=42646' aria-hidden='false' data-av_icon='\ue805' data-av_iconfont='entypo-fontello' title='' data-avia-related-tooltip='Compartir por correo'><span class='avia_hidden_link_text'>Compartir por correo<\/span><\/a><\/li><\/ul><\/div><\/div>\n<div  style='height:50px' class='hr hr-invisible   avia-builder-el-8  el_after_av_social_share  el_before_av_comments_list '><span class='hr-inner ' ><span class='hr-inner-style'><\/span><\/span><\/div>\n<div  class='av-buildercomment  av-blog-meta-html-info-disabled av-blog-meta-tag-disabled  '><\/div>\n","protected":false},"excerpt":{"rendered":"","protected":false},"author":1,"featured_media":42647,"comment_status":"open","ping_status":"open","sticky":false,"template":"","format":"standard","meta":{"footnotes":""},"categories":[52],"tags":[],"class_list":["post-42646","post","type-post","status-publish","format-standard","has-post-thumbnail","hentry","category-cultura"],"jetpack_featured_media_url":"https:\/\/radiorevelacionfm.cl\/wp-content\/uploads\/2024\/05\/WhatsApp-Image-2024-05-29-at-16.23.17-1-1.jpeg","_links":{"self":[{"href":"https:\/\/radiorevelacionfm.cl\/index.php?rest_route=\/wp\/v2\/posts\/42646","targetHints":{"allow":["GET"]}}],"collection":[{"href":"https:\/\/radiorevelacionfm.cl\/index.php?rest_route=\/wp\/v2\/posts"}],"about":[{"href":"https:\/\/radiorevelacionfm.cl\/index.php?rest_route=\/wp\/v2\/types\/post"}],"author":[{"embeddable":true,"href":"https:\/\/radiorevelacionfm.cl\/index.php?rest_route=\/wp\/v2\/users\/1"}],"replies":[{"embeddable":true,"href":"https:\/\/radiorevelacionfm.cl\/index.php?rest_route=%2Fwp%2Fv2%2Fcomments&post=42646"}],"version-history":[{"count":1,"href":"https:\/\/radiorevelacionfm.cl\/index.php?rest_route=\/wp\/v2\/posts\/42646\/revisions"}],"predecessor-version":[{"id":42648,"href":"https:\/\/radiorevelacionfm.cl\/index.php?rest_route=\/wp\/v2\/posts\/42646\/revisions\/42648"}],"wp:featuredmedia":[{"embeddable":true,"href":"https:\/\/radiorevelacionfm.cl\/index.php?rest_route=\/wp\/v2\/media\/42647"}],"wp:attachment":[{"href":"https:\/\/radiorevelacionfm.cl\/index.php?rest_route=%2Fwp%2Fv2%2Fmedia&parent=42646"}],"wp:term":[{"taxonomy":"category","embeddable":true,"href":"https:\/\/radiorevelacionfm.cl\/index.php?rest_route=%2Fwp%2Fv2%2Fcategories&post=42646"},{"taxonomy":"post_tag","embeddable":true,"href":"https:\/\/radiorevelacionfm.cl\/index.php?rest_route=%2Fwp%2Fv2%2Ftags&post=42646"}],"curies":[{"name":"wp","href":"https:\/\/api.w.org\/{rel}","templated":true}]}}