{"id":42640,"date":"2024-05-30T10:55:09","date_gmt":"2024-05-30T13:55:09","guid":{"rendered":"https:\/\/radiorevelacionfm.cl\/?p=42640"},"modified":"2024-05-30T10:55:09","modified_gmt":"2024-05-30T13:55:09","slug":"cochrane-ya-cuenta-con-seleccionados-al-recambio-de-calefactores","status":"publish","type":"post","link":"https:\/\/radiorevelacionfm.cl\/?p=42640","title":{"rendered":"Cochrane ya cuenta con seleccionados al recambio de calefactores"},"content":{"rendered":"<div class=\"flex_column av_one_full  flex_column_div av-zero-column-padding first  avia-builder-el-0  el_before_av_one_full  avia-builder-el-first  \" style='border-radius:0px; '><div  class='avia-image-container  av-styling-    avia-builder-el-1  avia-builder-el-no-sibling  avia-align-center '  itemprop=\"image\" itemscope=\"itemscope\" itemtype=\"https:\/\/schema.org\/ImageObject\"  ><div class='avia-image-container-inner'><div class='avia-image-overlay-wrap'><img decoding=\"async\" class='wp-image-42641 avia-img-lazy-loading-not-42641 avia_image' src=\"https:\/\/radiorevelacionfm.cl\/wp-content\/uploads\/2024\/05\/IMG_7113-1-1.jpg\" alt='' title='IMG_7113 (1) (1)' height=\"600\" width=\"1237\"  itemprop=\"thumbnailUrl\" srcset=\"https:\/\/radiorevelacionfm.cl\/wp-content\/uploads\/2024\/05\/IMG_7113-1-1.jpg 1237w, https:\/\/radiorevelacionfm.cl\/wp-content\/uploads\/2024\/05\/IMG_7113-1-1-300x146.jpg 300w, https:\/\/radiorevelacionfm.cl\/wp-content\/uploads\/2024\/05\/IMG_7113-1-1-1030x500.jpg 1030w, https:\/\/radiorevelacionfm.cl\/wp-content\/uploads\/2024\/05\/IMG_7113-1-1-768x373.jpg 768w, https:\/\/radiorevelacionfm.cl\/wp-content\/uploads\/2024\/05\/IMG_7113-1-1-705x342.jpg 705w, https:\/\/radiorevelacionfm.cl\/wp-content\/uploads\/2024\/05\/IMG_7113-1-1-450x218.jpg 450w, https:\/\/radiorevelacionfm.cl\/wp-content\/uploads\/2024\/05\/IMG_7113-1-1-600x291.jpg 600w\" sizes=\"(max-width: 1237px) 100vw, 1237px\" \/><\/div><\/div><\/div><\/div><div class=\"flex_column av_one_full  flex_column_div av-zero-column-padding first  avia-builder-el-2  el_after_av_one_full  el_before_av_one_full  column-top-margin\" style='border-radius:0px; '><section class=\"av_textblock_section \"  itemscope=\"itemscope\" itemtype=\"https:\/\/schema.org\/BlogPosting\" itemprop=\"blogPost\" ><div class='avia_textblock  '   itemprop=\"text\" ><p style=\"text-align: center;\"><span style=\"font-size: 18pt;\"><strong>Cochrane ya cuenta con seleccionados al recambio de calefactores<\/strong><\/span><\/p>\n<div id=\"gtx-trans\" style=\"position: absolute; left: -50px; top: 4.31534px;\">\n<div class=\"gtx-trans-icon\"><\/div>\n<\/div>\n<\/div><\/section><\/div><div class=\"flex_column av_one_full  flex_column_div av-zero-column-padding first  avia-builder-el-4  el_after_av_one_full  el_before_av_hr  column-top-margin\" style='border-radius:0px; '><section class=\"av_textblock_section \"  itemscope=\"itemscope\" itemtype=\"https:\/\/schema.org\/BlogPosting\" itemprop=\"blogPost\" ><div class='avia_textblock  '   itemprop=\"text\" ><p style=\"text-align: justify;\">En compa\u00f1\u00eda de la Seremi de Salud, Carmen Monsalve, la Delegada Presidencial Provincial de Capit\u00e1n Prat, Marta Montiel y el municipio de Cochrane, el Seremi del Medio Ambiente, Yoal D\u00edaz convoc\u00f3, en una ceremonia de reconocimiento, a los 62 beneficiados y beneficiadas del programa de recambio de calefactores en la ciudad de Cochrane.<\/p>\n<p style=\"text-align: justify;\">\u201cEstamos en Cochrane, entregando el reconocimiento a las personas con respecto al compromiso que adquieren con el programa de recambio de calefactores, para nosotros como Gobierno, tambi\u00e9n nos enorgullece estar en Cochrane haciendo la primera ceremonia de la regi\u00f3n, pensando en que esto puede ser tambi\u00e9n el camino para que podamos avanzar con otros espacios de reconocimiento, porque la corresponsabilidad es clave en este proceso. Creemos importante tambi\u00e9n que empaparnos de esa experiencia nos permite saber tambi\u00e9n c\u00f3mo podemos mejorar las condiciones de este programa ambiental, que es un beneficio que est\u00e1 llegando a las personas y nos pone muy orgullosos como Ministerio que podamos avanzar con estas medidas\u201d, relat\u00f3 el Seremi del Medio Ambiente, Yoal D\u00edaz.<\/p>\n<p style=\"text-align: justify;\">El programa preventivo, que cuenta con el apoyo del Gobierno Regional y su Consejo, ha permitido llevar el beneficio a las localidades de Cochrane y Puerto Ays\u00e9n, para as\u00ed avanzar en calidad del aire, aun cuando dichas localidades no cuentan aun con un Plan de Descontaminaci\u00f3n Atmosf\u00e9rica PDA.<\/p>\n<p style=\"text-align: justify;\">Para el llamado 2024, los y las beneficiarias pudieron optar a las opciones pellet y aire acondicionado para as\u00ed cambiar su antiguo calefactor a le\u00f1a por uno m\u00e1s eficiente y menos contaminante.<\/p>\n<p style=\"text-align: justify;\">Los y las asistentes a la ceremonia recibieron un certificado que acredita su calidad de seleccionados en el programa y adem\u00e1s reconoce la corresponsabilidad ciudadana ambiental, por sumarse a las medidas de descontaminaci\u00f3n \u201cLa verdad es que creo que es s\u00faper importante cuidar nuestro medio ambiente y mejorar el aire, la calidad de vida para mis hijas, tengo dos hijas, as\u00ed que me parece una buena iniciativa y s\u00faper feliz de haber sido beneficiada. Opt\u00e9 por pellet y la verdad es que me parece una buena opci\u00f3n al cambio a la le\u00f1a. Creo que va a facilitar nuestra vida porque no cuesta igual un poquito el tema de la le\u00f1a, conseguir a veces en el invierno es dif\u00edcil, as\u00ed que espero que sea una buena opci\u00f3n, la que escogimos\u201d, explic\u00f3 la beneficiaria Sara Peralta, a sus palabras se sum\u00f3 Yenni Barrientos explicando que accedi\u00f3 a la medida \u201cpor la contaminaci\u00f3n igual del aire y, igual es algo m\u00e1s f\u00e1cil est\u00e1 no tan sucio como la le\u00f1a. Entonces ser\u00eda ideal que todas las personas vayan de a poquito ah\u00ed, anim\u00e1ndose. Yo postul\u00e9 del aire acondicionado, espero que no me suba tanto la luz pero s\u00faper, ya lo he visto en otras casas as\u00ed que ahora a esperar a que vengan a instalarlo antes que empiece el fr\u00edo m\u00e1s fuerte\u201d.<\/p>\n<p style=\"text-align: justify;\">As\u00ed tambi\u00e9n Yasna L\u00f3pez agradeci\u00f3 comentando \u201cYo ten\u00eda estufa a pellet pero no era m\u00eda y llegado el momento de devolverla dije, este es el momento de postular y hoy d\u00eda estoy muy feliz recibiendo este certificado para cuidar el medio ambiente, as\u00ed que estoy muy contenta\u201d.<\/p>\n<p style=\"text-align: justify;\">El programa de recambio de calefactores ya ha beneficiado a m\u00e1s de 9.000 familias en la regi\u00f3n de Ays\u00e9n, alcanzando el 61% de la meta comprometida en el PDA Coyhaique. Para 2024 la reactivaci\u00f3n del programa de recambio da cuenta de 2.200 nuevos equipos los que ser\u00e1n puestos a disposici\u00f3n de la ciudadan\u00eda en diversos llamados. Finalmente el Seremi del Medio Ambiente indic\u00f3 que el programa sigue avanzando y esta semana se publicar\u00e1 el primero de los listados de seleccionados al recambio en la ciudad de Coyhaique.<\/p>\n<\/div><\/section><\/div><div  style='height:50px' class='hr hr-invisible   avia-builder-el-6  el_after_av_one_full  el_before_av_social_share '><span class='hr-inner ' ><span class='hr-inner-style'><\/span><\/span><\/div><\/p>\n<div  class='av-social-sharing-box  avia-builder-el-7  el_after_av_hr  el_before_av_hr  '><div class='av-share-box'><h5 class='av-share-link-description av-no-toc '>Compartir esta noticia<\/h5><ul class='av-share-box-list noLightbox'><li class='av-share-link av-social-link-facebook' ><a target=\"_blank\" aria-label=\"Compartir en Facebook\" href='https:\/\/www.facebook.com\/sharer.php?u=https:\/\/radiorevelacionfm.cl\/?p=42640&#038;t=Cochrane%20ya%20cuenta%20con%20seleccionados%20al%20recambio%20de%20calefactores' aria-hidden='false' data-av_icon='\ue8f3' data-av_iconfont='entypo-fontello' title='' data-avia-related-tooltip='Compartir en Facebook' rel=\"noopener\"><span class='avia_hidden_link_text'>Compartir en Facebook<\/span><\/a><\/li><li class='av-share-link av-social-link-twitter' ><a target=\"_blank\" aria-label=\"Compartir en Twitter\" href='https:\/\/twitter.com\/share?text=Cochrane%20ya%20cuenta%20con%20seleccionados%20al%20recambio%20de%20calefactores&#038;url=https:\/\/radiorevelacionfm.cl\/?p=42640' aria-hidden='false' data-av_icon='\ue8f1' data-av_iconfont='entypo-fontello' title='' data-avia-related-tooltip='Compartir en Twitter' rel=\"noopener\"><span class='avia_hidden_link_text'>Compartir en Twitter<\/span><\/a><\/li><li class='av-share-link av-social-link-whatsapp' ><a target=\"_blank\" aria-label=\"Compartir en Whatsapp\" href='https:\/\/api.whatsapp.com\/send?text=https:\/\/radiorevelacionfm.cl\/?p=42640' aria-hidden='false' data-av_icon='\uf232' data-av_iconfont='entypo-fontello' title='' data-avia-related-tooltip='Compartir en Whatsapp' rel=\"noopener\"><span class='avia_hidden_link_text'>Compartir en Whatsapp<\/span><\/a><\/li><li class='av-share-link av-social-link-linkedin' ><a target=\"_blank\" aria-label=\"Compartir en LinkedIn\" href='https:\/\/linkedin.com\/shareArticle?mini=true&#038;title=Cochrane%20ya%20cuenta%20con%20seleccionados%20al%20recambio%20de%20calefactores&#038;url=https:\/\/radiorevelacionfm.cl\/?p=42640' aria-hidden='false' data-av_icon='\ue8fc' data-av_iconfont='entypo-fontello' title='' data-avia-related-tooltip='Compartir en LinkedIn' rel=\"noopener\"><span class='avia_hidden_link_text'>Compartir en LinkedIn<\/span><\/a><\/li><li class='av-share-link av-social-link-mail' ><a  aria-label=\"Compartir por correo\" href='mailto:?subject=Cochrane%20ya%20cuenta%20con%20seleccionados%20al%20recambio%20de%20calefactores&#038;body=https:\/\/radiorevelacionfm.cl\/?p=42640' aria-hidden='false' data-av_icon='\ue805' data-av_iconfont='entypo-fontello' title='' data-avia-related-tooltip='Compartir por correo'><span class='avia_hidden_link_text'>Compartir por correo<\/span><\/a><\/li><\/ul><\/div><\/div>\n<div  style='height:50px' class='hr hr-invisible   avia-builder-el-8  el_after_av_social_share  el_before_av_comments_list '><span class='hr-inner ' ><span class='hr-inner-style'><\/span><\/span><\/div>\n<div  class='av-buildercomment  av-blog-meta-html-info-disabled av-blog-meta-tag-disabled  '><\/div>\n","protected":false},"excerpt":{"rendered":"","protected":false},"author":1,"featured_media":42641,"comment_status":"open","ping_status":"open","sticky":false,"template":"","format":"standard","meta":{"footnotes":""},"categories":[39],"tags":[],"class_list":["post-42640","post","type-post","status-publish","format-standard","has-post-thumbnail","hentry","category-medio-ambiente"],"jetpack_featured_media_url":"https:\/\/radiorevelacionfm.cl\/wp-content\/uploads\/2024\/05\/IMG_7113-1-1.jpg","_links":{"self":[{"href":"https:\/\/radiorevelacionfm.cl\/index.php?rest_route=\/wp\/v2\/posts\/42640","targetHints":{"allow":["GET"]}}],"collection":[{"href":"https:\/\/radiorevelacionfm.cl\/index.php?rest_route=\/wp\/v2\/posts"}],"about":[{"href":"https:\/\/radiorevelacionfm.cl\/index.php?rest_route=\/wp\/v2\/types\/post"}],"author":[{"embeddable":true,"href":"https:\/\/radiorevelacionfm.cl\/index.php?rest_route=\/wp\/v2\/users\/1"}],"replies":[{"embeddable":true,"href":"https:\/\/radiorevelacionfm.cl\/index.php?rest_route=%2Fwp%2Fv2%2Fcomments&post=42640"}],"version-history":[{"count":1,"href":"https:\/\/radiorevelacionfm.cl\/index.php?rest_route=\/wp\/v2\/posts\/42640\/revisions"}],"predecessor-version":[{"id":42642,"href":"https:\/\/radiorevelacionfm.cl\/index.php?rest_route=\/wp\/v2\/posts\/42640\/revisions\/42642"}],"wp:featuredmedia":[{"embeddable":true,"href":"https:\/\/radiorevelacionfm.cl\/index.php?rest_route=\/wp\/v2\/media\/42641"}],"wp:attachment":[{"href":"https:\/\/radiorevelacionfm.cl\/index.php?rest_route=%2Fwp%2Fv2%2Fmedia&parent=42640"}],"wp:term":[{"taxonomy":"category","embeddable":true,"href":"https:\/\/radiorevelacionfm.cl\/index.php?rest_route=%2Fwp%2Fv2%2Fcategories&post=42640"},{"taxonomy":"post_tag","embeddable":true,"href":"https:\/\/radiorevelacionfm.cl\/index.php?rest_route=%2Fwp%2Fv2%2Ftags&post=42640"}],"curies":[{"name":"wp","href":"https:\/\/api.w.org\/{rel}","templated":true}]}}