{"id":42637,"date":"2024-05-29T21:55:10","date_gmt":"2024-05-30T00:55:10","guid":{"rendered":"https:\/\/radiorevelacionfm.cl\/?p=42637"},"modified":"2024-06-02T21:55:26","modified_gmt":"2024-06-03T00:55:26","slug":"mineduc-abre-proceso-de-revision-participativa-de-estandares-disciplinarios-y-pedagogicos-de-educacion-parvularia-y-de-pedagogia-en-filosofia","status":"publish","type":"post","link":"https:\/\/radiorevelacionfm.cl\/?p=42637","title":{"rendered":"Mineduc abre proceso de Revisi\u00f3n Participativa de Est\u00e1ndares Disciplinarios y Pedag\u00f3gicos de Educaci\u00f3n Parvularia y de Pedagog\u00eda en Filosof\u00eda"},"content":{"rendered":"<div class=\"flex_column av_one_full  flex_column_div av-zero-column-padding first  avia-builder-el-0  el_before_av_one_full  avia-builder-el-first  \" style='border-radius:0px; '><div  class='avia-image-container  av-styling-    avia-builder-el-1  avia-builder-el-no-sibling  avia-align-center '  itemprop=\"image\" itemscope=\"itemscope\" itemtype=\"https:\/\/schema.org\/ImageObject\"  ><div class='avia-image-container-inner'><div class='avia-image-overlay-wrap'><img decoding=\"async\" class='wp-image-42638 avia-img-lazy-loading-not-42638 avia_image' src=\"https:\/\/radiorevelacionfm.cl\/wp-content\/uploads\/2024\/05\/800x480_estandares-1-1.jpg\" alt='' title='800x480_est\u00e1ndares (1) (1)' height=\"600\" width=\"1000\"  itemprop=\"thumbnailUrl\" srcset=\"https:\/\/radiorevelacionfm.cl\/wp-content\/uploads\/2024\/05\/800x480_estandares-1-1.jpg 1000w, https:\/\/radiorevelacionfm.cl\/wp-content\/uploads\/2024\/05\/800x480_estandares-1-1-300x180.jpg 300w, https:\/\/radiorevelacionfm.cl\/wp-content\/uploads\/2024\/05\/800x480_estandares-1-1-768x461.jpg 768w, https:\/\/radiorevelacionfm.cl\/wp-content\/uploads\/2024\/05\/800x480_estandares-1-1-705x423.jpg 705w, https:\/\/radiorevelacionfm.cl\/wp-content\/uploads\/2024\/05\/800x480_estandares-1-1-450x270.jpg 450w, https:\/\/radiorevelacionfm.cl\/wp-content\/uploads\/2024\/05\/800x480_estandares-1-1-600x360.jpg 600w\" sizes=\"(max-width: 1000px) 100vw, 1000px\" \/><\/div><\/div><\/div><\/div><div class=\"flex_column av_one_full  flex_column_div av-zero-column-padding first  avia-builder-el-2  el_after_av_one_full  el_before_av_one_full  column-top-margin\" style='border-radius:0px; '><section class=\"av_textblock_section \"  itemscope=\"itemscope\" itemtype=\"https:\/\/schema.org\/BlogPosting\" itemprop=\"blogPost\" ><div class='avia_textblock  '   itemprop=\"text\" ><p style=\"text-align: center;\"><span style=\"font-size: 18pt;\"><b>Mineduc abre proceso de Revisi\u00f3n Participativa de Est\u00e1ndares Disciplinarios y Pedag\u00f3gicos de Educaci\u00f3n Parvularia y de Pedagog\u00eda en Filosof\u00eda<\/b><\/span><\/p>\n<div id=\"gtx-trans\" style=\"position: absolute; left: -50px; top: 4.31534px;\">\n<div class=\"gtx-trans-icon\"><\/div>\n<\/div>\n<\/div><\/section><\/div><div class=\"flex_column av_one_full  flex_column_div av-zero-column-padding first  avia-builder-el-4  el_after_av_one_full  el_before_av_hr  column-top-margin\" style='border-radius:0px; '><section class=\"av_textblock_section \"  itemscope=\"itemscope\" itemtype=\"https:\/\/schema.org\/BlogPosting\" itemprop=\"blogPost\" ><div class='avia_textblock  '   itemprop=\"text\" ><p class=\"v1MsoNormal\" style=\"text-align: justify;\"><i>Desde el Centro de Perfeccionamiento, Experimentaci\u00f3n e Investigaciones Pedag\u00f3gicas (CPEIP) se invita a participar de esta instancia a educadoras\/es de p\u00e1rvulos, docentes de Filosof\u00eda, equipos directivos de establecimientos educacionales y a acad\u00e9micos universitarios y estudiantes de estas carreras.\u00a0<\/i><\/p>\n<p class=\"v1MsoNormal\" style=\"text-align: justify;\">El proceso de Revisi\u00f3n Participativa de Est\u00e1ndares tiene por objetivo generar recomendaciones de mejora a las actuales propuestas de Est\u00e1ndares Pedag\u00f3gicos y Disciplinares de Educaci\u00f3n Parvularia y para los Est\u00e1ndares Disciplinares de Pedagog\u00eda en Filosof\u00eda, a partir de un proceso participativo a nivel nacional.<\/p>\n<p class=\"v1MsoNormal\" style=\"text-align: justify;\">Esta convocatoria del Centro de Perfeccionamiento, Experimentaci\u00f3n e Investigaciones Pedag\u00f3gicas (CPEIP) es un proceso fundamental en la construcci\u00f3n de estas herramientas de uso formativo y que proveen una base com\u00fan que define las competencias, conocimientos y habilidades que deben adquirir las\/los educadores\/as de p\u00e1rvulos y las\/los docentes en Filosof\u00eda durante su formaci\u00f3n universitaria para desarrollarlos luego en su ejercicio profesional. Por lo tanto, representan un referente que define criterios de calidad, orienta la formaci\u00f3n docente y permite a las universidades guiar sus procesos formativos por criterios de calidad consensuados a nivel nacional.<\/p>\n<p class=\"v1MsoNormal\" style=\"text-align: justify;\">Ambas propuestas fueron formuladas por equipos especialistas, que recogieron las observaciones del Consejo Nacional de Educaci\u00f3n (CNED) a los est\u00e1ndares presentados y rechazados anteriormente.<\/p>\n<p class=\"v1MsoNormal\" style=\"text-align: justify;\">Para este actual proceso, se espera la participaci\u00f3n de un amplio espectro de profesionales, estudiantes, acad\u00e9micos y gremios de Educaci\u00f3n Parvularia y de Pedagog\u00eda en Filosof\u00eda, que permitan mejorar y validar las propuestas de estos est\u00e1ndares.<\/p>\n<p class=\"v1MsoNormal\" style=\"text-align: justify;\">Los aportes recibidos se sistematizar\u00e1n y se traducir\u00e1n en recomendaciones para la mejora de los est\u00e1ndares. Con estos aportes las propuestas ser\u00e1n ajustadas para ser presentada nuevamente al CNED.<\/p>\n<p class=\"v1MsoNormal\" style=\"text-align: justify;\"><b>Etapas de la revisi\u00f3n participativa<\/b><\/p>\n<p class=\"v1MsoNormal\" style=\"text-align: justify;\">El proceso se est\u00e1 realizando mediante un dise\u00f1o mixto (cuantitativo y cualitativo), que contienen las siguientes etapas:<\/p>\n<ul style=\"text-align: justify;\" type=\"disc\">\n<li class=\"v1MsoNormal\">Consulta masiva: mediante cuestionario en l\u00ednea, que est\u00e1 disponible en la plataforma\u00a0<a href=\"http:\/\/www.estandaresfid.cl\/\" target=\"_blank\" rel=\"noopener noreferrer\">www.estandaresfid.cl<\/a><\/li>\n<\/ul>\n<ul style=\"text-align: justify;\" type=\"disc\">\n<li class=\"v1MsoNormal\">Grupos de discusi\u00f3n, tanto presenciales (Valpara\u00edso, Concepci\u00f3n, Iquique y Santiago); como virtuales y con participaci\u00f3n de educadoras\/es, docentes, directivos y acad\u00e9micos de todo el pa\u00eds.<\/li>\n<\/ul>\n<ul style=\"text-align: justify;\" type=\"disc\">\n<li class=\"v1MsoNormal\">Entrevistas individuales a expertos y autoridades.<\/li>\n<\/ul>\n<ul style=\"text-align: justify;\" type=\"disc\">\n<li class=\"v1MsoNormal\">Constituci\u00f3n de un consejo de expertos, para elaboraci\u00f3n de recomendaciones.<\/li>\n<\/ul>\n<p class=\"v1MsoNormal\" style=\"text-align: justify;\">Las y los profesionales convocados a participar de este proceso son:<\/p>\n<ul style=\"text-align: justify;\" type=\"disc\">\n<li class=\"v1MsoNormal\">Educadoras\/es de p\u00e1rvulos<\/li>\n<li class=\"v1MsoNormal\">Docentes de Filosof\u00eda<\/li>\n<li class=\"v1MsoNormal\">Equipos directivos de salas cunas, jardines infantiles y establecimientos educacionales.<\/li>\n<li class=\"v1MsoNormal\">Acad\u00e9micos y docentes universitarios de las carreras de Educaci\u00f3n Parvularia y Pedagog\u00eda en Filosof\u00eda.<\/li>\n<li class=\"v1MsoNormal\">Estudiantes de Educaci\u00f3n Parvularia y de Pedagog\u00eda en Filosof\u00eda<\/li>\n<\/ul>\n<p class=\"v1MsoNormal\" style=\"text-align: justify;\">Se ha puesto especial cuidado en desarrollar un dise\u00f1o riguroso de la metodolog\u00eda e implementar un proceso muy sistem\u00e1tico para que los aportes tengan una real incidencia en la generaci\u00f3n de recomendaciones. De este modo podremos contar con propuestas de est\u00e1ndares de calidad y legitimadas en sus campos.<\/p>\n<p class=\"v1MsoNormal\" style=\"text-align: justify;\">\u00a1Tu aporte es muy importante! Participa en www.estandaresfid.cl<\/p>\n<\/div><\/section><\/div><div  style='height:50px' class='hr hr-invisible   avia-builder-el-6  el_after_av_one_full  el_before_av_social_share '><span class='hr-inner ' ><span class='hr-inner-style'><\/span><\/span><\/div><\/p>\n<div  class='av-social-sharing-box  avia-builder-el-7  el_after_av_hr  el_before_av_hr  '><div class='av-share-box'><h5 class='av-share-link-description av-no-toc '>Compartir esta noticia<\/h5><ul class='av-share-box-list noLightbox'><li class='av-share-link av-social-link-facebook' ><a target=\"_blank\" aria-label=\"Compartir en Facebook\" href='https:\/\/www.facebook.com\/sharer.php?u=https:\/\/radiorevelacionfm.cl\/?p=42637&#038;t=Mineduc%20abre%20proceso%20de%20Revisi%C3%B3n%20Participativa%20de%20Est%C3%A1ndares%20Disciplinarios%20y%20Pedag%C3%B3gicos%20de%20Educaci%C3%B3n%20Parvularia%20y%20de%20Pedagog%C3%ADa%20en%20Filosof%C3%ADa' aria-hidden='false' data-av_icon='\ue8f3' data-av_iconfont='entypo-fontello' title='' data-avia-related-tooltip='Compartir en Facebook' rel=\"noopener\"><span class='avia_hidden_link_text'>Compartir en Facebook<\/span><\/a><\/li><li class='av-share-link av-social-link-twitter' ><a target=\"_blank\" aria-label=\"Compartir en Twitter\" href='https:\/\/twitter.com\/share?text=Mineduc%20abre%20proceso%20de%20Revisi%C3%B3n%20Participativa%20de%20Est%C3%A1ndares%20Disciplinarios%20y%20Pedag%C3%B3gicos%20de%20Educaci%C3%B3n%20Parvularia%20y%20de%20Pedagog%C3%ADa%20en%20Filosof%C3%ADa&#038;url=https:\/\/radiorevelacionfm.cl\/?p=42637' aria-hidden='false' data-av_icon='\ue8f1' data-av_iconfont='entypo-fontello' title='' data-avia-related-tooltip='Compartir en Twitter' rel=\"noopener\"><span class='avia_hidden_link_text'>Compartir en Twitter<\/span><\/a><\/li><li class='av-share-link av-social-link-whatsapp' ><a target=\"_blank\" aria-label=\"Compartir en Whatsapp\" href='https:\/\/api.whatsapp.com\/send?text=https:\/\/radiorevelacionfm.cl\/?p=42637' aria-hidden='false' data-av_icon='\uf232' data-av_iconfont='entypo-fontello' title='' data-avia-related-tooltip='Compartir en Whatsapp' rel=\"noopener\"><span class='avia_hidden_link_text'>Compartir en Whatsapp<\/span><\/a><\/li><li class='av-share-link av-social-link-linkedin' ><a target=\"_blank\" aria-label=\"Compartir en LinkedIn\" href='https:\/\/linkedin.com\/shareArticle?mini=true&#038;title=Mineduc%20abre%20proceso%20de%20Revisi%C3%B3n%20Participativa%20de%20Est%C3%A1ndares%20Disciplinarios%20y%20Pedag%C3%B3gicos%20de%20Educaci%C3%B3n%20Parvularia%20y%20de%20Pedagog%C3%ADa%20en%20Filosof%C3%ADa&#038;url=https:\/\/radiorevelacionfm.cl\/?p=42637' aria-hidden='false' data-av_icon='\ue8fc' data-av_iconfont='entypo-fontello' title='' data-avia-related-tooltip='Compartir en LinkedIn' rel=\"noopener\"><span class='avia_hidden_link_text'>Compartir en LinkedIn<\/span><\/a><\/li><li class='av-share-link av-social-link-mail' ><a  aria-label=\"Compartir por correo\" href='mailto:?subject=Mineduc%20abre%20proceso%20de%20Revisi%C3%B3n%20Participativa%20de%20Est%C3%A1ndares%20Disciplinarios%20y%20Pedag%C3%B3gicos%20de%20Educaci%C3%B3n%20Parvularia%20y%20de%20Pedagog%C3%ADa%20en%20Filosof%C3%ADa&#038;body=https:\/\/radiorevelacionfm.cl\/?p=42637' aria-hidden='false' data-av_icon='\ue805' data-av_iconfont='entypo-fontello' title='' data-avia-related-tooltip='Compartir por correo'><span class='avia_hidden_link_text'>Compartir por correo<\/span><\/a><\/li><\/ul><\/div><\/div>\n<div  style='height:50px' class='hr hr-invisible   avia-builder-el-8  el_after_av_social_share  el_before_av_comments_list '><span class='hr-inner ' ><span class='hr-inner-style'><\/span><\/span><\/div>\n<div  class='av-buildercomment  av-blog-meta-html-info-disabled av-blog-meta-tag-disabled  '><\/div>\n","protected":false},"excerpt":{"rendered":"","protected":false},"author":1,"featured_media":42638,"comment_status":"open","ping_status":"open","sticky":false,"template":"","format":"standard","meta":{"footnotes":""},"categories":[49],"tags":[],"class_list":["post-42637","post","type-post","status-publish","format-standard","has-post-thumbnail","hentry","category-educacion"],"jetpack_featured_media_url":"https:\/\/radiorevelacionfm.cl\/wp-content\/uploads\/2024\/05\/800x480_estandares-1-1.jpg","_links":{"self":[{"href":"https:\/\/radiorevelacionfm.cl\/index.php?rest_route=\/wp\/v2\/posts\/42637","targetHints":{"allow":["GET"]}}],"collection":[{"href":"https:\/\/radiorevelacionfm.cl\/index.php?rest_route=\/wp\/v2\/posts"}],"about":[{"href":"https:\/\/radiorevelacionfm.cl\/index.php?rest_route=\/wp\/v2\/types\/post"}],"author":[{"embeddable":true,"href":"https:\/\/radiorevelacionfm.cl\/index.php?rest_route=\/wp\/v2\/users\/1"}],"replies":[{"embeddable":true,"href":"https:\/\/radiorevelacionfm.cl\/index.php?rest_route=%2Fwp%2Fv2%2Fcomments&post=42637"}],"version-history":[{"count":1,"href":"https:\/\/radiorevelacionfm.cl\/index.php?rest_route=\/wp\/v2\/posts\/42637\/revisions"}],"predecessor-version":[{"id":42639,"href":"https:\/\/radiorevelacionfm.cl\/index.php?rest_route=\/wp\/v2\/posts\/42637\/revisions\/42639"}],"wp:featuredmedia":[{"embeddable":true,"href":"https:\/\/radiorevelacionfm.cl\/index.php?rest_route=\/wp\/v2\/media\/42638"}],"wp:attachment":[{"href":"https:\/\/radiorevelacionfm.cl\/index.php?rest_route=%2Fwp%2Fv2%2Fmedia&parent=42637"}],"wp:term":[{"taxonomy":"category","embeddable":true,"href":"https:\/\/radiorevelacionfm.cl\/index.php?rest_route=%2Fwp%2Fv2%2Fcategories&post=42637"},{"taxonomy":"post_tag","embeddable":true,"href":"https:\/\/radiorevelacionfm.cl\/index.php?rest_route=%2Fwp%2Fv2%2Ftags&post=42637"}],"curies":[{"name":"wp","href":"https:\/\/api.w.org\/{rel}","templated":true}]}}