{"id":42635,"date":"2024-05-29T21:50:44","date_gmt":"2024-05-30T00:50:44","guid":{"rendered":"https:\/\/radiorevelacionfm.cl\/?p=42635"},"modified":"2024-05-29T21:50:44","modified_gmt":"2024-05-30T00:50:44","slug":"calisto-realiza-gestiones-con-contraloria-para-destrabar-recursos-que-permitan-a-melinka-tener-luz-las-24-horas","status":"publish","type":"post","link":"https:\/\/radiorevelacionfm.cl\/?p=42635","title":{"rendered":"Calisto realiza gestiones con Contralor\u00eda para destrabar recursos que permitan a Melinka tener luz las 24 horas"},"content":{"rendered":"<div class=\"flex_column av_one_full  flex_column_div av-zero-column-padding first  avia-builder-el-0  el_before_av_one_full  avia-builder-el-first  \" style='border-radius:0px; '><div  class='avia-image-container  av-styling-    avia-builder-el-1  avia-builder-el-no-sibling  avia-align-center '  itemprop=\"image\" itemscope=\"itemscope\" itemtype=\"https:\/\/schema.org\/ImageObject\"  ><div class='avia-image-container-inner'><div class='avia-image-overlay-wrap'><img decoding=\"async\" class='wp-image-27687 avia-img-lazy-loading-not-27687 avia_image' src=\"https:\/\/radiorevelacionfm.cl\/wp-content\/uploads\/2023\/02\/melinka-guaitecas_optimized.jpg\" alt='' title='melinka-guaitecas_optimized' height=\"600\" width=\"800\"  itemprop=\"thumbnailUrl\" srcset=\"https:\/\/radiorevelacionfm.cl\/wp-content\/uploads\/2023\/02\/melinka-guaitecas_optimized.jpg 800w, https:\/\/radiorevelacionfm.cl\/wp-content\/uploads\/2023\/02\/melinka-guaitecas_optimized-300x225.jpg 300w, https:\/\/radiorevelacionfm.cl\/wp-content\/uploads\/2023\/02\/melinka-guaitecas_optimized-768x576.jpg 768w, https:\/\/radiorevelacionfm.cl\/wp-content\/uploads\/2023\/02\/melinka-guaitecas_optimized-705x529.jpg 705w, https:\/\/radiorevelacionfm.cl\/wp-content\/uploads\/2023\/02\/melinka-guaitecas_optimized-600x450.jpg 600w\" sizes=\"(max-width: 800px) 100vw, 800px\" \/><\/div><\/div><\/div><\/div><div class=\"flex_column av_one_full  flex_column_div av-zero-column-padding first  avia-builder-el-2  el_after_av_one_full  el_before_av_one_full  column-top-margin\" style='border-radius:0px; '><section class=\"av_textblock_section \"  itemscope=\"itemscope\" itemtype=\"https:\/\/schema.org\/BlogPosting\" itemprop=\"blogPost\" ><div class='avia_textblock  '   itemprop=\"text\" ><p style=\"text-align: center;\"><span style=\"font-size: 18pt;\"><b>Calisto realiza gestiones con Contralor\u00eda para destrabar recursos que permitan a Melinka tener luz las 24 horas\u00a0<\/b><\/span><\/p>\n<div id=\"gtx-trans\" style=\"position: absolute; left: -50px; top: 4.31534px;\">\n<div class=\"gtx-trans-icon\"><\/div>\n<\/div>\n<\/div><\/section><\/div><div class=\"flex_column av_one_full  flex_column_div av-zero-column-padding first  avia-builder-el-4  el_after_av_one_full  el_before_av_hr  column-top-margin\" style='border-radius:0px; '><section class=\"av_textblock_section \"  itemscope=\"itemscope\" itemtype=\"https:\/\/schema.org\/BlogPosting\" itemprop=\"blogPost\" ><div class='avia_textblock  '   itemprop=\"text\" ><p style=\"font-weight: 400; text-align: justify;\"><em>Vecinos de la localidad acusan serios problemas para personas electro dependientes por los cortes de luz que afectan a la localidad todas las noches.<\/em><\/p>\n<p style=\"font-weight: 400; text-align: justify;\">Ante los cortes de la energ\u00eda el\u00e9ctrica que afectan a la localidad \u00a0de Melinka, el diputado Miguel \u00c1ngel Calisto y el Consejero Felipe Klein se reunieron con el Contralor Regional, Ricardo Hevia, con la intenci\u00f3n de hacer gestiones para destrabar la llegada de recursos al Gobierno Regional que permitan solucionar este tema.<\/p>\n<p style=\"font-weight: 400; text-align: justify;\">Seg\u00fan el legislador, \u201cestamos en la Contralor\u00eda Regional de Ays\u00e9n, justamente para hacer gestiones por la situaci\u00f3n que afecta al archipi\u00e9lago de Las Guaitecas, particularmente Melinka. Los vecinos est\u00e1n sin luz en la noche. A medianoche la luz se corta y vuelve a primera hora de la ma\u00f1ana. Esto les genera serios problemas, especialmente para las personas electrodependientes\u201d.<\/p>\n<p style=\"font-weight: 400; text-align: justify;\">\u201cEstas personas dependen de la electricidad por un tema de salud, y estar sin luz unas horas al d\u00eda es un tema que les hace la vida mucho m\u00e1s dif\u00edcil\u201d, se\u00f1al\u00f3 el legislador.<\/p>\n<p style=\"font-weight: 400; text-align: justify;\">Seg\u00fan \u00a0Calisto, \u201cesto tambi\u00e9n afecta en el \u00e1mbito productivo. Los negocios que tienen congeladores se ven afectados y constantemente se pone en riesgo la cadena de frio con estos cortes de luz. Es muy necesario que esto se solucione lo antes posible\u201d.<\/p>\n<p style=\"font-weight: 400; text-align: justify;\">\u201cVinimos con el Consejero Felipe Klein, quien present\u00f3 un requerimiento a la Direcci\u00f3n de Presupuesto para solucionar esta situaci\u00f3n y permitir que se autoricen los suplementos presupuestarios para el Gobierno Regional y as\u00ed para Las Guaitecas tenga electricidad de forma permanente\u201d, indic\u00f3.<\/p>\n<p style=\"font-weight: 400; text-align: justify;\">Por su parte, Cecilia Levi\u00f1anco, habitante de Melinka y cuyo esposo es paciente electrodependiente, \u201chace mucho tiempo que no tenemos luz 24 horas. Desde abril comenz\u00f3 a cortarse en las noches. Para nosotros como familia electrodependiente es una situaci\u00f3n muy compleja la que vivimos. No s\u00f3lo hablo por mi caso, sino por las cinco personas electrodependientes que viven ac\u00e1\u201d.<\/p>\n<p style=\"font-weight: 400; text-align: justify;\">Finalmente, la vecino afirm\u00f3 que \u201cmi esposo se tiene que dializar y los otros pacientes tienen problemas de ox\u00edgeno. Tenemos que autofinanciarnos el combustible para poder generar electricidad. Nosotros somos del sector de Repollal Alto, para nosotros es muy dif\u00edcil. Debemos pagar un flete para comprar el combustible que nos permite tener luz en las noches\u201d.<\/p>\n<\/div><\/section><\/div><div  style='height:50px' class='hr hr-invisible   avia-builder-el-6  el_after_av_one_full  el_before_av_social_share '><span class='hr-inner ' ><span class='hr-inner-style'><\/span><\/span><\/div><\/p>\n<div  class='av-social-sharing-box  avia-builder-el-7  el_after_av_hr  el_before_av_hr  '><div class='av-share-box'><h5 class='av-share-link-description av-no-toc '>Compartir esta noticia<\/h5><ul class='av-share-box-list noLightbox'><li class='av-share-link av-social-link-facebook' ><a target=\"_blank\" aria-label=\"Compartir en Facebook\" href='https:\/\/www.facebook.com\/sharer.php?u=https:\/\/radiorevelacionfm.cl\/?p=42635&#038;t=Calisto%20realiza%20gestiones%20con%20Contralor%C3%ADa%20para%20destrabar%20recursos%20que%20permitan%20a%20Melinka%20tener%20luz%20las%2024%20horas' aria-hidden='false' data-av_icon='\ue8f3' data-av_iconfont='entypo-fontello' title='' data-avia-related-tooltip='Compartir en Facebook' rel=\"noopener\"><span class='avia_hidden_link_text'>Compartir en Facebook<\/span><\/a><\/li><li class='av-share-link av-social-link-twitter' ><a target=\"_blank\" aria-label=\"Compartir en Twitter\" href='https:\/\/twitter.com\/share?text=Calisto%20realiza%20gestiones%20con%20Contralor%C3%ADa%20para%20destrabar%20recursos%20que%20permitan%20a%20Melinka%20tener%20luz%20las%2024%20horas&#038;url=https:\/\/radiorevelacionfm.cl\/?p=42635' aria-hidden='false' data-av_icon='\ue8f1' data-av_iconfont='entypo-fontello' title='' data-avia-related-tooltip='Compartir en Twitter' rel=\"noopener\"><span class='avia_hidden_link_text'>Compartir en Twitter<\/span><\/a><\/li><li class='av-share-link av-social-link-whatsapp' ><a target=\"_blank\" aria-label=\"Compartir en Whatsapp\" href='https:\/\/api.whatsapp.com\/send?text=https:\/\/radiorevelacionfm.cl\/?p=42635' aria-hidden='false' data-av_icon='\uf232' data-av_iconfont='entypo-fontello' title='' data-avia-related-tooltip='Compartir en Whatsapp' rel=\"noopener\"><span class='avia_hidden_link_text'>Compartir en Whatsapp<\/span><\/a><\/li><li class='av-share-link av-social-link-linkedin' ><a target=\"_blank\" aria-label=\"Compartir en LinkedIn\" href='https:\/\/linkedin.com\/shareArticle?mini=true&#038;title=Calisto%20realiza%20gestiones%20con%20Contralor%C3%ADa%20para%20destrabar%20recursos%20que%20permitan%20a%20Melinka%20tener%20luz%20las%2024%20horas&#038;url=https:\/\/radiorevelacionfm.cl\/?p=42635' aria-hidden='false' data-av_icon='\ue8fc' data-av_iconfont='entypo-fontello' title='' data-avia-related-tooltip='Compartir en LinkedIn' rel=\"noopener\"><span class='avia_hidden_link_text'>Compartir en LinkedIn<\/span><\/a><\/li><li class='av-share-link av-social-link-mail' ><a  aria-label=\"Compartir por correo\" href='mailto:?subject=Calisto%20realiza%20gestiones%20con%20Contralor%C3%ADa%20para%20destrabar%20recursos%20que%20permitan%20a%20Melinka%20tener%20luz%20las%2024%20horas&#038;body=https:\/\/radiorevelacionfm.cl\/?p=42635' aria-hidden='false' data-av_icon='\ue805' data-av_iconfont='entypo-fontello' title='' data-avia-related-tooltip='Compartir por correo'><span class='avia_hidden_link_text'>Compartir por correo<\/span><\/a><\/li><\/ul><\/div><\/div>\n<div  style='height:50px' class='hr hr-invisible   avia-builder-el-8  el_after_av_social_share  el_before_av_comments_list '><span class='hr-inner ' ><span class='hr-inner-style'><\/span><\/span><\/div>\n<div  class='av-buildercomment  av-blog-meta-html-info-disabled av-blog-meta-tag-disabled  '><\/div>\n","protected":false},"excerpt":{"rendered":"","protected":false},"author":1,"featured_media":27687,"comment_status":"open","ping_status":"open","sticky":false,"template":"","format":"standard","meta":{"footnotes":""},"categories":[35],"tags":[],"class_list":["post-42635","post","type-post","status-publish","format-standard","has-post-thumbnail","hentry","category-politica"],"jetpack_featured_media_url":"https:\/\/radiorevelacionfm.cl\/wp-content\/uploads\/2023\/02\/melinka-guaitecas_optimized.jpg","_links":{"self":[{"href":"https:\/\/radiorevelacionfm.cl\/index.php?rest_route=\/wp\/v2\/posts\/42635","targetHints":{"allow":["GET"]}}],"collection":[{"href":"https:\/\/radiorevelacionfm.cl\/index.php?rest_route=\/wp\/v2\/posts"}],"about":[{"href":"https:\/\/radiorevelacionfm.cl\/index.php?rest_route=\/wp\/v2\/types\/post"}],"author":[{"embeddable":true,"href":"https:\/\/radiorevelacionfm.cl\/index.php?rest_route=\/wp\/v2\/users\/1"}],"replies":[{"embeddable":true,"href":"https:\/\/radiorevelacionfm.cl\/index.php?rest_route=%2Fwp%2Fv2%2Fcomments&post=42635"}],"version-history":[{"count":1,"href":"https:\/\/radiorevelacionfm.cl\/index.php?rest_route=\/wp\/v2\/posts\/42635\/revisions"}],"predecessor-version":[{"id":42636,"href":"https:\/\/radiorevelacionfm.cl\/index.php?rest_route=\/wp\/v2\/posts\/42635\/revisions\/42636"}],"wp:featuredmedia":[{"embeddable":true,"href":"https:\/\/radiorevelacionfm.cl\/index.php?rest_route=\/wp\/v2\/media\/27687"}],"wp:attachment":[{"href":"https:\/\/radiorevelacionfm.cl\/index.php?rest_route=%2Fwp%2Fv2%2Fmedia&parent=42635"}],"wp:term":[{"taxonomy":"category","embeddable":true,"href":"https:\/\/radiorevelacionfm.cl\/index.php?rest_route=%2Fwp%2Fv2%2Fcategories&post=42635"},{"taxonomy":"post_tag","embeddable":true,"href":"https:\/\/radiorevelacionfm.cl\/index.php?rest_route=%2Fwp%2Fv2%2Ftags&post=42635"}],"curies":[{"name":"wp","href":"https:\/\/api.w.org\/{rel}","templated":true}]}}