{"id":42632,"date":"2024-05-29T21:20:42","date_gmt":"2024-05-30T00:20:42","guid":{"rendered":"https:\/\/radiorevelacionfm.cl\/?p=42632"},"modified":"2024-05-29T21:20:42","modified_gmt":"2024-05-30T00:20:42","slug":"entregan-recursos-para-reposicion-del-edificio-consistorial-de-rio-ibanez-y-formalizan-construccion-de-sede-el-bosque-en-villa-cerro-castillo","status":"publish","type":"post","link":"https:\/\/radiorevelacionfm.cl\/?p=42632","title":{"rendered":"Entregan recursos para reposici\u00f3n del Edificio Consistorial de R\u00edo Ib\u00e1\u00f1ez y formalizan construcci\u00f3n de sede \u201cEl Bosque\u201d en Villa Cerro Castillo"},"content":{"rendered":"<div class=\"flex_column av_one_full  flex_column_div av-zero-column-padding first  avia-builder-el-0  el_before_av_one_full  avia-builder-el-first  \" style='border-radius:0px; '><div  class='avia-image-container  av-styling-    avia-builder-el-1  avia-builder-el-no-sibling  avia-align-center '  itemprop=\"image\" itemscope=\"itemscope\" itemtype=\"https:\/\/schema.org\/ImageObject\"  ><div class='avia-image-container-inner'><div class='avia-image-overlay-wrap'><img decoding=\"async\" class='wp-image-42633 avia-img-lazy-loading-not-42633 avia_image' src=\"https:\/\/radiorevelacionfm.cl\/wp-content\/uploads\/2024\/05\/unnamed-42-1-1.jpg\" alt='' title='unnamed (42) (1) (1)' height=\"600\" width=\"1061\"  itemprop=\"thumbnailUrl\" srcset=\"https:\/\/radiorevelacionfm.cl\/wp-content\/uploads\/2024\/05\/unnamed-42-1-1.jpg 1061w, https:\/\/radiorevelacionfm.cl\/wp-content\/uploads\/2024\/05\/unnamed-42-1-1-300x170.jpg 300w, https:\/\/radiorevelacionfm.cl\/wp-content\/uploads\/2024\/05\/unnamed-42-1-1-1030x582.jpg 1030w, https:\/\/radiorevelacionfm.cl\/wp-content\/uploads\/2024\/05\/unnamed-42-1-1-768x434.jpg 768w, https:\/\/radiorevelacionfm.cl\/wp-content\/uploads\/2024\/05\/unnamed-42-1-1-705x399.jpg 705w, https:\/\/radiorevelacionfm.cl\/wp-content\/uploads\/2024\/05\/unnamed-42-1-1-450x254.jpg 450w, https:\/\/radiorevelacionfm.cl\/wp-content\/uploads\/2024\/05\/unnamed-42-1-1-600x339.jpg 600w\" sizes=\"(max-width: 1061px) 100vw, 1061px\" \/><\/div><\/div><\/div><\/div><div class=\"flex_column av_one_full  flex_column_div av-zero-column-padding first  avia-builder-el-2  el_after_av_one_full  el_before_av_one_full  column-top-margin\" style='border-radius:0px; '><section class=\"av_textblock_section \"  itemscope=\"itemscope\" itemtype=\"https:\/\/schema.org\/BlogPosting\" itemprop=\"blogPost\" ><div class='avia_textblock  '   itemprop=\"text\" ><p style=\"text-align: center;\"><strong><span style=\"font-size: 18pt;\">Entregan recursos para reposici\u00f3n del Edificio Consistorial de R\u00edo Ib\u00e1\u00f1ez y formalizan construcci\u00f3n de sede \u201cEl Bosque\u201d en Villa Cerro Castillo <\/span><\/strong><\/p>\n<div id=\"gtx-trans\" style=\"position: absolute; left: -50px; top: 4.31534px;\">\n<div class=\"gtx-trans-icon\"><\/div>\n<\/div>\n<\/div><\/section><\/div><div class=\"flex_column av_one_full  flex_column_div av-zero-column-padding first  avia-builder-el-4  el_after_av_one_full  el_before_av_hr  column-top-margin\" style='border-radius:0px; '><section class=\"av_textblock_section \"  itemscope=\"itemscope\" itemtype=\"https:\/\/schema.org\/BlogPosting\" itemprop=\"blogPost\" ><div class='avia_textblock  '   itemprop=\"text\" ><p dir=\"ltr\" style=\"text-align: justify;\"><i>El edificio contar\u00e1 con una transferencia de recursos de $ 4.390.233.000 del Fondo Recuperaci\u00f3n de Ciudades (FRC), asignado por la subsecretar\u00eda de Desarrollo Regional y Administrativo (Subdere).\u00a0<\/i><\/p>\n<p dir=\"ltr\" style=\"text-align: justify;\">En su tercer d\u00eda de recorrido por la Regi\u00f3n de Ays\u00e9n, la subsecretar\u00eda de Desarrollo Regional y Administrativo (Subdere), Francisca Perales Flores, se traslad\u00f3 hasta la comuna de R\u00edo Ib\u00e1\u00f1ez donde visit\u00f3 el Edificio Consistorial y firm\u00f3 la entrega de recursos por m\u00e1s de $4.390 millones para su reposici\u00f3n, lo que permitir\u00e1 contar con dependencias acordes a los requerimientos de la comunidad y mejorar las condiciones de trabajo de los funcionarios municipales.<\/p>\n<p dir=\"ltr\" style=\"text-align: justify;\">En la oportunidad, la titular de la Subdere destac\u00f3 que \u201cdicha construcci\u00f3n no s\u00f3lo va a permitir contar con una nueva sede del municipio en Puerto Ib\u00e1\u00f1ez, sino que, adem\u00e1s, cuando ustedes tengan que realizar tr\u00e1mites, en vez de estar casa por casa en las oficinas municipales, puedan acudir a un solo lugar, y eso, es muy importante. Y al mismo tiempo, que tambi\u00e9n sea un espacio de encuentro de la comuna, sabemos que los traslados son largos, son dif\u00edciles, pero contar con un espacio o un equipamiento del municipio de esas caracter\u00edsticas es significativo para mejorar la atenci\u00f3n con las personas, y eso, para nosotros como Gobierno es algo muy relevante\u201d, finaliz\u00f3 la subsecretar\u00eda Francisca Perales.<\/p>\n<p dir=\"ltr\" style=\"text-align: justify;\">La obra, que representa una inversi\u00f3n total de $7.300 millones, ser\u00e1 cofinanciada con recursos del Fondo Recuperaci\u00f3n de Ciudades, asignado por la subsecretar\u00eda de Desarrollo Regional y Administrativo (Subdere), en un 60%; y por el Fondo Nacional de Desarrollo Regional (FNDR), en un 40%; a la municipalidad de R\u00edo Ib\u00e1\u00f1ez.<\/p>\n<p dir=\"ltr\" style=\"text-align: justify;\">En tanto, el alcalde de dicha comuna, Juan Saldivia Cea, agradeci\u00f3 la visita de la Subsecretaria Francisca Perales y el aporte de la Subdere al Consistorial.<\/p>\n<p dir=\"ltr\" style=\"text-align: justify;\">El Edificio Consistorial de R\u00edo Ib\u00e1\u00f1ez es una infraestructura de dos niveles cuya superficie se distribuye en 1.869 m2 de edificio; 280 m2 de estacionamientos; 246 de circulaci\u00f3n vial en estacionamientos y 1.185 m2. de \u00e1reas exteriores (acceso, plaza c\u00edvica y \u00e1reas verdes). La construcci\u00f3n del edificio considera muros de alba\u00f1iler\u00eda en el primer nivel y madera en el segundo, la cubierta se proyecta en teja met\u00e1lica sobre estructura de madera, adem\u00e1s de contar con energ\u00edas pasivas en su dise\u00f1o y un sistema de climatizaci\u00f3n con eficiencia energ\u00e9tica.<\/p>\n<p dir=\"ltr\" style=\"text-align: justify;\"><b>Inauguraci\u00f3n Plaza Hanga Roa en Puerto Ib\u00e1\u00f1ez\u00a0\u00a0<\/b><\/p>\n<p dir=\"ltr\" style=\"text-align: justify;\">Posteriormente, la subsecretaria Francisca Perales se dirigi\u00f3 a la comuna de Puerto Ib\u00e1\u00f1ez donde visit\u00f3 el mejoramiento de la Plaza Hanga Roa. Dicho proyecto, que signific\u00f3 una inversi\u00f3n de $59.999.996 con recursos provenientes del Programa Mejoramiento Urbano y Equipamiento Comunal (PMU) de la Subdere, busca consolidar el Polo Deportivo en la costanera de Puerto Ingeniero Ib\u00e1\u00f1ez, a trav\u00e9s del mejoramiento de este espacio muy utilizado por la comunidad para la pr\u00e1ctica de ejercicios al aire libre.<\/p>\n<p dir=\"ltr\" style=\"text-align: justify;\">Entre los objetivos espec\u00edficos que abord\u00f3 el proyecto est\u00e1 la accesibilidad universal; la incorporaci\u00f3n de juegos inclusivos; la reparaci\u00f3n del circuito de m\u00e1quinas de ejercicio y reposici\u00f3n de las mismas; la restauraci\u00f3n de la escultura Moai; la construcci\u00f3n de pavimentos; el mejoramiento del mobiliario urbano y la elaboraci\u00f3n de un mosaico de piso bajo letras monumentales entre otros.<\/p>\n<p style=\"text-align: justify;\"><b>Sede social para Asociaci\u00f3n Gremial Agr\u00edcola, Ganadera y Forestal \u201cEl Bosque\u201d de Villa Cerro Castillo\u00a0<\/b><\/p>\n<p dir=\"ltr\" style=\"text-align: justify;\">Durante la tarde la autoridad visit\u00f3 Villa Cerro Castillo, donde se reuni\u00f3 con la Asociaci\u00f3n Gremial Agr\u00edcola, Ganadera y Forestal El Bosque -constituida en 2004- para la firma del convenio que formaliza la construcci\u00f3n de una sede para dicho organismo que, a la fecha, no cuenta con una infraestructura propia para desarrollar sus actividades.<\/p>\n<p dir=\"ltr\" style=\"text-align: justify;\">Esta iniciativa significa una inversi\u00f3n de $122.900.000 millones provenientes del Programa Mejoramiento Urbano y Equipamiento Comunal (PMU) de la Subdere. La sede social, contar\u00e1 con una superficie de 87,68 m2 distribuidos en una sala multiprop\u00f3sito, una oficina, cocina y ba\u00f1os.<\/p>\n<p dir=\"ltr\" style=\"text-align: justify;\">\u201cHace un a\u00f1o, estuvo el Presidente Gabriel Boric en Puerto Ib\u00e1\u00f1ez y se comprometi\u00f3 a descentralizar las gestiones del Gobierno hacia la Regi\u00f3n de Ays\u00e9n particularmente, hacia la comuna, as\u00ed que muy contenta de estar ac\u00e1. Nosotros como Gobierno lo que hemos estado haciendo es desplegar un trabajo con todos los municipios del pa\u00eds para poder descentralizar los recursos, que los recursos no se queden concentrados solamente en las comunas que tienen m\u00e1s profesionales para formular iniciativas\u201d, finaliz\u00f3 la titular de la Subdere.<\/p>\n<\/div><\/section><\/div><div  style='height:50px' class='hr hr-invisible   avia-builder-el-6  el_after_av_one_full  el_before_av_social_share '><span class='hr-inner ' ><span class='hr-inner-style'><\/span><\/span><\/div><\/p>\n<div  class='av-social-sharing-box  avia-builder-el-7  el_after_av_hr  el_before_av_hr  '><div class='av-share-box'><h5 class='av-share-link-description av-no-toc '>Compartir esta noticia<\/h5><ul class='av-share-box-list noLightbox'><li class='av-share-link av-social-link-facebook' ><a target=\"_blank\" aria-label=\"Compartir en Facebook\" href='https:\/\/www.facebook.com\/sharer.php?u=https:\/\/radiorevelacionfm.cl\/?p=42632&#038;t=Entregan%20recursos%20para%20reposici%C3%B3n%20del%20Edificio%20Consistorial%20de%20R%C3%ADo%20Ib%C3%A1%C3%B1ez%20y%20formalizan%20construcci%C3%B3n%20de%20sede%20%E2%80%9CEl%20Bosque%E2%80%9D%20en%20Villa%20Cerro%20Castillo' aria-hidden='false' data-av_icon='\ue8f3' data-av_iconfont='entypo-fontello' title='' data-avia-related-tooltip='Compartir en Facebook' rel=\"noopener\"><span class='avia_hidden_link_text'>Compartir en Facebook<\/span><\/a><\/li><li class='av-share-link av-social-link-twitter' ><a target=\"_blank\" aria-label=\"Compartir en Twitter\" href='https:\/\/twitter.com\/share?text=Entregan%20recursos%20para%20reposici%C3%B3n%20del%20Edificio%20Consistorial%20de%20R%C3%ADo%20Ib%C3%A1%C3%B1ez%20y%20formalizan%20construcci%C3%B3n%20de%20sede%20%E2%80%9CEl%20Bosque%E2%80%9D%20en%20Villa%20Cerro%20Castillo&#038;url=https:\/\/radiorevelacionfm.cl\/?p=42632' aria-hidden='false' data-av_icon='\ue8f1' data-av_iconfont='entypo-fontello' title='' data-avia-related-tooltip='Compartir en Twitter' rel=\"noopener\"><span class='avia_hidden_link_text'>Compartir en Twitter<\/span><\/a><\/li><li class='av-share-link av-social-link-whatsapp' ><a target=\"_blank\" aria-label=\"Compartir en Whatsapp\" href='https:\/\/api.whatsapp.com\/send?text=https:\/\/radiorevelacionfm.cl\/?p=42632' aria-hidden='false' data-av_icon='\uf232' data-av_iconfont='entypo-fontello' title='' data-avia-related-tooltip='Compartir en Whatsapp' rel=\"noopener\"><span class='avia_hidden_link_text'>Compartir en Whatsapp<\/span><\/a><\/li><li class='av-share-link av-social-link-linkedin' ><a target=\"_blank\" aria-label=\"Compartir en LinkedIn\" href='https:\/\/linkedin.com\/shareArticle?mini=true&#038;title=Entregan%20recursos%20para%20reposici%C3%B3n%20del%20Edificio%20Consistorial%20de%20R%C3%ADo%20Ib%C3%A1%C3%B1ez%20y%20formalizan%20construcci%C3%B3n%20de%20sede%20%E2%80%9CEl%20Bosque%E2%80%9D%20en%20Villa%20Cerro%20Castillo&#038;url=https:\/\/radiorevelacionfm.cl\/?p=42632' aria-hidden='false' data-av_icon='\ue8fc' data-av_iconfont='entypo-fontello' title='' data-avia-related-tooltip='Compartir en LinkedIn' rel=\"noopener\"><span class='avia_hidden_link_text'>Compartir en LinkedIn<\/span><\/a><\/li><li class='av-share-link av-social-link-mail' ><a  aria-label=\"Compartir por correo\" href='mailto:?subject=Entregan%20recursos%20para%20reposici%C3%B3n%20del%20Edificio%20Consistorial%20de%20R%C3%ADo%20Ib%C3%A1%C3%B1ez%20y%20formalizan%20construcci%C3%B3n%20de%20sede%20%E2%80%9CEl%20Bosque%E2%80%9D%20en%20Villa%20Cerro%20Castillo&#038;body=https:\/\/radiorevelacionfm.cl\/?p=42632' aria-hidden='false' data-av_icon='\ue805' data-av_iconfont='entypo-fontello' title='' data-avia-related-tooltip='Compartir por correo'><span class='avia_hidden_link_text'>Compartir por correo<\/span><\/a><\/li><\/ul><\/div><\/div>\n<div  style='height:50px' class='hr hr-invisible   avia-builder-el-8  el_after_av_social_share  el_before_av_comments_list '><span class='hr-inner ' ><span class='hr-inner-style'><\/span><\/span><\/div>\n<div  class='av-buildercomment  av-blog-meta-html-info-disabled av-blog-meta-tag-disabled  '><\/div>\n","protected":false},"excerpt":{"rendered":"","protected":false},"author":1,"featured_media":42633,"comment_status":"open","ping_status":"open","sticky":false,"template":"","format":"standard","meta":{"footnotes":""},"categories":[38],"tags":[],"class_list":["post-42632","post","type-post","status-publish","format-standard","has-post-thumbnail","hentry","category-regional"],"jetpack_featured_media_url":"https:\/\/radiorevelacionfm.cl\/wp-content\/uploads\/2024\/05\/unnamed-42-1-1.jpg","_links":{"self":[{"href":"https:\/\/radiorevelacionfm.cl\/index.php?rest_route=\/wp\/v2\/posts\/42632","targetHints":{"allow":["GET"]}}],"collection":[{"href":"https:\/\/radiorevelacionfm.cl\/index.php?rest_route=\/wp\/v2\/posts"}],"about":[{"href":"https:\/\/radiorevelacionfm.cl\/index.php?rest_route=\/wp\/v2\/types\/post"}],"author":[{"embeddable":true,"href":"https:\/\/radiorevelacionfm.cl\/index.php?rest_route=\/wp\/v2\/users\/1"}],"replies":[{"embeddable":true,"href":"https:\/\/radiorevelacionfm.cl\/index.php?rest_route=%2Fwp%2Fv2%2Fcomments&post=42632"}],"version-history":[{"count":1,"href":"https:\/\/radiorevelacionfm.cl\/index.php?rest_route=\/wp\/v2\/posts\/42632\/revisions"}],"predecessor-version":[{"id":42634,"href":"https:\/\/radiorevelacionfm.cl\/index.php?rest_route=\/wp\/v2\/posts\/42632\/revisions\/42634"}],"wp:featuredmedia":[{"embeddable":true,"href":"https:\/\/radiorevelacionfm.cl\/index.php?rest_route=\/wp\/v2\/media\/42633"}],"wp:attachment":[{"href":"https:\/\/radiorevelacionfm.cl\/index.php?rest_route=%2Fwp%2Fv2%2Fmedia&parent=42632"}],"wp:term":[{"taxonomy":"category","embeddable":true,"href":"https:\/\/radiorevelacionfm.cl\/index.php?rest_route=%2Fwp%2Fv2%2Fcategories&post=42632"},{"taxonomy":"post_tag","embeddable":true,"href":"https:\/\/radiorevelacionfm.cl\/index.php?rest_route=%2Fwp%2Fv2%2Ftags&post=42632"}],"curies":[{"name":"wp","href":"https:\/\/api.w.org\/{rel}","templated":true}]}}