{"id":4263,"date":"2021-05-18T17:45:26","date_gmt":"2021-05-18T20:45:26","guid":{"rendered":"https:\/\/radiorevelacionfm.cl\/?p=4263"},"modified":"2021-05-18T17:45:26","modified_gmt":"2021-05-18T20:45:26","slug":"junta-de-vecinos-poblacion-esteros-de-aysen-inaugura-eco-punto-e-invitan-a-reciclar","status":"publish","type":"post","link":"https:\/\/radiorevelacionfm.cl\/?p=4263","title":{"rendered":"Junta de Vecinos Poblaci\u00f3n Esteros de Ays\u00e9n inaugura eco punto e invitan a reciclar"},"content":{"rendered":"<div class=\"flex_column av_one_full  flex_column_div av-zero-column-padding first  avia-builder-el-0  el_before_av_one_full  avia-builder-el-first  \" style='border-radius:0px; '><div  class='avia-image-container  av-styling-    avia-builder-el-1  avia-builder-el-no-sibling  avia-align-center '  itemprop=\"image\" itemscope=\"itemscope\" itemtype=\"https:\/\/schema.org\/ImageObject\"  ><div class='avia-image-container-inner'><div class='avia-image-overlay-wrap'><img decoding=\"async\" class='wp-image-0 avia-img-lazy-loading-not-0 avia_image' src=\"https:\/\/radiorevelacionfm.cl\/wp-content\/uploads\/2021\/05\/1ep-1-1.jpeg\" alt='' title=''   itemprop=\"thumbnailUrl\"  \/><\/div><\/div><\/div><\/div><div class=\"flex_column av_one_full  flex_column_div av-zero-column-padding first  avia-builder-el-2  el_after_av_one_full  el_before_av_one_full  column-top-margin\" style='border-radius:0px; '><section class=\"av_textblock_section \"  itemscope=\"itemscope\" itemtype=\"https:\/\/schema.org\/BlogPosting\" itemprop=\"blogPost\" ><div class='avia_textblock  '   itemprop=\"text\" ><p style=\"text-align: center;\"><strong><span style=\"font-size: 18pt;\">Junta de Vecinos Poblaci\u00f3n Esteros de Ays\u00e9n inaugura eco punto e invitan a reciclar <\/span><\/strong><\/p>\n<div id=\"gtx-trans\" style=\"position: absolute; left: -50px; top: 4.31534px;\">\n<div class=\"gtx-trans-icon\"><\/div>\n<\/div>\n<\/div><\/section><\/div><div class=\"flex_column av_one_full  flex_column_div av-zero-column-padding first  avia-builder-el-4  el_after_av_one_full  el_before_av_hr  column-top-margin\" style='border-radius:0px; '><section class=\"av_textblock_section \"  itemscope=\"itemscope\" itemtype=\"https:\/\/schema.org\/BlogPosting\" itemprop=\"blogPost\" ><div class='avia_textblock  '   itemprop=\"text\" ><p style=\"text-align: justify;\">Hasta la Poblaci\u00f3n Esteros de Ays\u00e9n en Coyhaique lleg\u00f3 la Directora Regional del FOSIS junto a la Seremi de Medio Ambiente, para reunirse con la presidenta de la Junta de Vecinos y los representantes de Fecunda Patagonia, con la finalidad de inaugurar 2 eco puntos que fueron instalados para fomentar el reciclaje en los vecinos del sector.<\/p>\n<p style=\"text-align: justify;\">Esta iniciativa surgi\u00f3 durante la intervenci\u00f3n del programa Acci\u00f3n Local, donde los vecinos de la poblaci\u00f3n Esteros de Ays\u00e9n visualizaron la necesidad de hacerse cargo de sus residuos de manera responsable, pensando en la sustentabilidad y cuidado del medio ambiente. De esta manera, se contactaron con Fecunda Patagonia para coordinar la instalaci\u00f3n de estos eco puntos para reciclaje.<\/p>\n<p style=\"text-align: justify;\">En los contenedores dispuesto en estos eco puntos, se puede acopiar por separado aceite vegetal usado, cart\u00f3n y papel banco, aluminio, botellas de pl\u00e1stico y vidrio. Todos estos residuos son retirados por Fecunda Patagonia, para posteriormente poder enviarlos a los centros de reciclaje.<\/p>\n<p style=\"text-align: justify;\">Dominique Br\u00e4utigam, Directora Regional del FOSIS<strong>, <\/strong>destac\u00f3 que \u201cen los trabajos comunitarios que hemos desarrollado en el territorio con los vecinos ha estado presente el reciclaje y es por ello que inauguramos 2 eco punto en Coyhaique. Hace un tiempo atr\u00e1s inauguramos uno en Balmaceda y en Puerto Tranquilo, porque entendemos que hoy el reciclaje es importante para mejorar la calidad de vida de los vecinos y desde el FOSIS lo consideramos como una iniciativa importante para apoyar\u201d.<\/p>\n<p style=\"text-align: justify;\">La presidenta de la Junta de Vecinos de la Poblaci\u00f3n Esteros de Ays\u00e9n, Patricia Barrientos, convoc\u00f3 a los vecinos a sumarse a esta iniciativa y empezar a usar los puntos de reciclaje de manera adecuada. \u201cNosotros estamos invitando a la comunidad a que se anime y se asocie para trabajar en el reciclaje, nosotros ac\u00e1 en la poblaci\u00f3n tenemos 2 eco puntos as\u00ed que los invitamos para que puedan aportar con el cuidado del medio ambiente y de toda la comunidad en general\u201d.<\/p>\n<p style=\"text-align: justify;\">Paulina Monsalve, Socia fundadora de Fecunda Patagonia, se\u00f1al\u00f3 que \u201cesta iniciativa fue de la Junta de Vecinos junto al FOSIS que nos contactaron para trabajar este tema. Aparte de la instalaci\u00f3n de los eco puntos, realizamos talleres educativos a la gente para que pudiesen aprender a c\u00f3mo disponer los residuos. Tambi\u00e9n nos encargamos de hacer los retiros de estos contenedores, una vez que las bocatomas o campana de vidrio ya est\u00e9n llenas, para posteriormente enviar a los centros de reciclaje que est\u00e1n en el norte de nuestro pa\u00eds\u201d.<\/p>\n<p style=\"text-align: justify;\">La Seremi de Medio Ambiente de Ays\u00e9n, M\u00f3nica Sald\u00edas, reconoci\u00f3 y valor\u00f3 positivamente el trabajo realizado en conjunto para concretar esta a trav\u00e9s de esta iniciativa. \u201cQueremos felicitar a la Junta de Vecinos Esteros de Ays\u00e9n y a FOSIS por esta tremenda iniciativa que fomenta el reciclaje desde la misma comunidad. Esperamos que otras juntas de vecinos de nuestra regi\u00f3n tambi\u00e9n puedan replicar este modelo, ya que todo esto va en favor de reducir los residuos que generan cada una de las familias y adem\u00e1s permite colaborar con el reciclaje\u201d.<\/p>\n<p style=\"text-align: justify;\"><strong><u>\u00a0<\/u><\/strong><\/p>\n<p><strong><u>\u00a0<\/u><\/strong><\/p>\n<\/div><\/section><\/div><div  style='height:50px' class='hr hr-invisible   avia-builder-el-6  el_after_av_one_full  el_before_av_social_share '><span class='hr-inner ' ><span class='hr-inner-style'><\/span><\/span><\/div><\/p>\n<div  class='av-social-sharing-box  avia-builder-el-7  el_after_av_hr  el_before_av_hr  '><div class='av-share-box'><h5 class='av-share-link-description av-no-toc '>Compartir esta noticia<\/h5><ul class='av-share-box-list noLightbox'><li class='av-share-link av-social-link-facebook' ><a target=\"_blank\" aria-label=\"Compartir en Facebook\" href='https:\/\/www.facebook.com\/sharer.php?u=https:\/\/radiorevelacionfm.cl\/?p=4263&#038;t=Junta%20de%20Vecinos%20Poblaci%C3%B3n%20Esteros%20de%20Ays%C3%A9n%20inaugura%20eco%20punto%20e%20invitan%20a%20reciclar' aria-hidden='false' data-av_icon='\ue8f3' data-av_iconfont='entypo-fontello' title='' data-avia-related-tooltip='Compartir en Facebook' rel=\"noopener\"><span class='avia_hidden_link_text'>Compartir en Facebook<\/span><\/a><\/li><li class='av-share-link av-social-link-twitter' ><a target=\"_blank\" aria-label=\"Compartir en Twitter\" href='https:\/\/twitter.com\/share?text=Junta%20de%20Vecinos%20Poblaci%C3%B3n%20Esteros%20de%20Ays%C3%A9n%20inaugura%20eco%20punto%20e%20invitan%20a%20reciclar&#038;url=https:\/\/radiorevelacionfm.cl\/?p=4263' aria-hidden='false' data-av_icon='\ue8f1' data-av_iconfont='entypo-fontello' title='' data-avia-related-tooltip='Compartir en Twitter' rel=\"noopener\"><span class='avia_hidden_link_text'>Compartir en Twitter<\/span><\/a><\/li><li class='av-share-link av-social-link-whatsapp' ><a target=\"_blank\" aria-label=\"Compartir en Whatsapp\" href='https:\/\/api.whatsapp.com\/send?text=https:\/\/radiorevelacionfm.cl\/?p=4263' aria-hidden='false' data-av_icon='\uf232' data-av_iconfont='entypo-fontello' title='' data-avia-related-tooltip='Compartir en Whatsapp' rel=\"noopener\"><span class='avia_hidden_link_text'>Compartir en Whatsapp<\/span><\/a><\/li><li class='av-share-link av-social-link-linkedin' ><a target=\"_blank\" aria-label=\"Compartir en LinkedIn\" href='https:\/\/linkedin.com\/shareArticle?mini=true&#038;title=Junta%20de%20Vecinos%20Poblaci%C3%B3n%20Esteros%20de%20Ays%C3%A9n%20inaugura%20eco%20punto%20e%20invitan%20a%20reciclar&#038;url=https:\/\/radiorevelacionfm.cl\/?p=4263' aria-hidden='false' data-av_icon='\ue8fc' data-av_iconfont='entypo-fontello' title='' data-avia-related-tooltip='Compartir en LinkedIn' rel=\"noopener\"><span class='avia_hidden_link_text'>Compartir en LinkedIn<\/span><\/a><\/li><li class='av-share-link av-social-link-mail' ><a  aria-label=\"Compartir por correo\" href='mailto:?subject=Junta%20de%20Vecinos%20Poblaci%C3%B3n%20Esteros%20de%20Ays%C3%A9n%20inaugura%20eco%20punto%20e%20invitan%20a%20reciclar&#038;body=https:\/\/radiorevelacionfm.cl\/?p=4263' aria-hidden='false' data-av_icon='\ue805' data-av_iconfont='entypo-fontello' title='' data-avia-related-tooltip='Compartir por correo'><span class='avia_hidden_link_text'>Compartir por correo<\/span><\/a><\/li><\/ul><\/div><\/div>\n<div  style='height:50px' class='hr hr-invisible   avia-builder-el-8  el_after_av_social_share  el_before_av_comments_list '><span class='hr-inner ' ><span class='hr-inner-style'><\/span><\/span><\/div>\n<div  class='av-buildercomment  av-blog-meta-html-info-disabled av-blog-meta-tag-disabled  '><\/div>\n","protected":false},"excerpt":{"rendered":"","protected":false},"author":1,"featured_media":0,"comment_status":"open","ping_status":"open","sticky":false,"template":"","format":"standard","meta":{"footnotes":""},"categories":[39],"tags":[],"class_list":["post-4263","post","type-post","status-publish","format-standard","hentry","category-medio-ambiente"],"jetpack_featured_media_url":"","_links":{"self":[{"href":"https:\/\/radiorevelacionfm.cl\/index.php?rest_route=\/wp\/v2\/posts\/4263","targetHints":{"allow":["GET"]}}],"collection":[{"href":"https:\/\/radiorevelacionfm.cl\/index.php?rest_route=\/wp\/v2\/posts"}],"about":[{"href":"https:\/\/radiorevelacionfm.cl\/index.php?rest_route=\/wp\/v2\/types\/post"}],"author":[{"embeddable":true,"href":"https:\/\/radiorevelacionfm.cl\/index.php?rest_route=\/wp\/v2\/users\/1"}],"replies":[{"embeddable":true,"href":"https:\/\/radiorevelacionfm.cl\/index.php?rest_route=%2Fwp%2Fv2%2Fcomments&post=4263"}],"version-history":[{"count":1,"href":"https:\/\/radiorevelacionfm.cl\/index.php?rest_route=\/wp\/v2\/posts\/4263\/revisions"}],"predecessor-version":[{"id":4265,"href":"https:\/\/radiorevelacionfm.cl\/index.php?rest_route=\/wp\/v2\/posts\/4263\/revisions\/4265"}],"wp:attachment":[{"href":"https:\/\/radiorevelacionfm.cl\/index.php?rest_route=%2Fwp%2Fv2%2Fmedia&parent=4263"}],"wp:term":[{"taxonomy":"category","embeddable":true,"href":"https:\/\/radiorevelacionfm.cl\/index.php?rest_route=%2Fwp%2Fv2%2Fcategories&post=4263"},{"taxonomy":"post_tag","embeddable":true,"href":"https:\/\/radiorevelacionfm.cl\/index.php?rest_route=%2Fwp%2Fv2%2Ftags&post=4263"}],"curies":[{"name":"wp","href":"https:\/\/api.w.org\/{rel}","templated":true}]}}