{"id":42629,"date":"2024-05-29T20:58:57","date_gmt":"2024-05-29T23:58:57","guid":{"rendered":"https:\/\/radiorevelacionfm.cl\/?p=42629"},"modified":"2024-05-29T20:58:57","modified_gmt":"2024-05-29T23:58:57","slug":"cooperativas-en-aysen-gran-herramienta-para-la-dinamizacion-economica","status":"publish","type":"post","link":"https:\/\/radiorevelacionfm.cl\/?p=42629","title":{"rendered":"Cooperativas en Ays\u00e9n, gran herramienta para la dinamizaci\u00f3n econ\u00f3mica"},"content":{"rendered":"<div class=\"flex_column av_one_full  flex_column_div av-zero-column-padding first  avia-builder-el-0  el_before_av_one_full  avia-builder-el-first  \" style='border-radius:0px; '><div  class='avia-image-container  av-styling-    avia-builder-el-1  avia-builder-el-no-sibling  avia-align-center '  itemprop=\"image\" itemscope=\"itemscope\" itemtype=\"https:\/\/schema.org\/ImageObject\"  ><div class='avia-image-container-inner'><div class='avia-image-overlay-wrap'><img decoding=\"async\" class='wp-image-42630 avia-img-lazy-loading-not-42630 avia_image' src=\"https:\/\/radiorevelacionfm.cl\/wp-content\/uploads\/2024\/05\/daes-2-1_optimized-1.jpg\" alt='' title='daes-2-(1)_optimized (1)' height=\"600\" width=\"800\"  itemprop=\"thumbnailUrl\" srcset=\"https:\/\/radiorevelacionfm.cl\/wp-content\/uploads\/2024\/05\/daes-2-1_optimized-1.jpg 800w, https:\/\/radiorevelacionfm.cl\/wp-content\/uploads\/2024\/05\/daes-2-1_optimized-1-300x225.jpg 300w, https:\/\/radiorevelacionfm.cl\/wp-content\/uploads\/2024\/05\/daes-2-1_optimized-1-768x576.jpg 768w, https:\/\/radiorevelacionfm.cl\/wp-content\/uploads\/2024\/05\/daes-2-1_optimized-1-705x529.jpg 705w, https:\/\/radiorevelacionfm.cl\/wp-content\/uploads\/2024\/05\/daes-2-1_optimized-1-450x338.jpg 450w, https:\/\/radiorevelacionfm.cl\/wp-content\/uploads\/2024\/05\/daes-2-1_optimized-1-600x450.jpg 600w\" sizes=\"(max-width: 800px) 100vw, 800px\" \/><\/div><\/div><\/div><\/div><div class=\"flex_column av_one_full  flex_column_div av-zero-column-padding first  avia-builder-el-2  el_after_av_one_full  el_before_av_one_full  column-top-margin\" style='border-radius:0px; '><section class=\"av_textblock_section \"  itemscope=\"itemscope\" itemtype=\"https:\/\/schema.org\/BlogPosting\" itemprop=\"blogPost\" ><div class='avia_textblock  '   itemprop=\"text\" ><p style=\"text-align: center;\"><strong><span style=\"font-size: 18pt;\">\u00a0Cooperativas en Ays\u00e9n, gran herramienta para la dinamizaci\u00f3n econ\u00f3mica<\/span><\/strong><\/p>\n<div id=\"gtx-trans\" style=\"position: absolute; left: -50px; top: 4.31534px;\">\n<div class=\"gtx-trans-icon\"><\/div>\n<\/div>\n<\/div><\/section><\/div><div class=\"flex_column av_one_full  flex_column_div av-zero-column-padding first  avia-builder-el-4  el_after_av_one_full  el_before_av_hr  column-top-margin\" style='border-radius:0px; '><section class=\"av_textblock_section \"  itemscope=\"itemscope\" itemtype=\"https:\/\/schema.org\/BlogPosting\" itemprop=\"blogPost\" ><div class='avia_textblock  '   itemprop=\"text\" ><p style=\"text-align: justify;\">Con despliegue territorial finaliz\u00f3 la visita de DAES\u00a0 a la Regi\u00f3n de Ays\u00e9n, la que estuvo liderada por el jefe de la Divisi\u00f3n de Asociatividad y Cooperativas, Juan Jos\u00e9 Montes y que cont\u00f3 con el apoyo y coordinaci\u00f3n de la Seremi de Econom\u00eda, Fomento y Turismo, junto con Sercotec.<\/p>\n<p style=\"text-align: justify;\">La Divisi\u00f3n de Asociatividad y Cooperativas (DAES), es el \u00f3rgano encargado de levantar y administrar el registro de cooperativas existentes en el pa\u00eds en virtud de las exigencias que la Ley General de Cooperativas le impone. El objetivo de DAES, no s\u00f3lo es fiscalizar cooperativas, asociaciones gremiales y de consumidores, sino que tambi\u00e9n es organizar y gestionar iniciativas en favor de estas instituciones con miras a que estas entidades se incorporen plenamente al quehacer econ\u00f3mico del pa\u00eds.<\/p>\n<p style=\"text-align: justify;\">En ese contexto, arribaron a la regi\u00f3n parte del equipo de DAES del Ministerio de Econom\u00eda, liderados por Juan Jos\u00e9 Montes, jefe de la Divisi\u00f3n, junto a Valentina D\u00edaz profesional DAES, quienes en conjunto con el Seremi de Econom\u00eda Felipe Rojas Pizarro y la Directora Regional de Sercotec, Nelly Vargas Mansilla, desarrollaron una intensa agenda que incluy\u00f3 visitas a cooperativas en funcionamiento y algunas en etapa de conformaci\u00f3n, una intensa capacitaci\u00f3n a cooperados\/as y asociaciones gremiales y diversas reuniones intersectoriales, para robustecer el ecosistema de las cooperativas en nuestro territorio.<\/p>\n<p style=\"text-align: justify;\"><em>\u201cEn nuestra regi\u00f3n existen 38 cooperativas en funcionamiento, las que representan una gran herramienta para la dinamizaci\u00f3n econ\u00f3mica, desde la perspectiva de la asociatividad y el encadenamiento productivo. Estas cooperativas, funcionan desde diversas \u00e1reas de producci\u00f3n, pero todas poseen un denominador com\u00fan, querer sumar sus competencias para no competir entre pares, sino que buscar un objetivo en com\u00fan, aumentar sus ganancias y trabajar de modo colaborativo. Es por eso que la visita de DAES, es una potente se\u00f1al de nuestro Gobierno, en torno a continuar robusteciendo el cooperativismo en nuestra regi\u00f3n\u201d.<\/em> Se\u00f1al\u00f3 el Seremi de Econom\u00eda, Fomento y Turismo; Felipe Rojas Pizarro.<\/p>\n<p style=\"text-align: justify;\">Por su parte el Jefe de la Divisi\u00f3n de Asociatividad y Cooperativas, Juan Jos\u00e9 Montes relev\u00f3 que <em>\u201cesta regi\u00f3n cuenta con un importante ecosistema cooperativo, compuesto por tanto las autoridades locales y por los privados, que tiene mucho potencial. Por las caracter\u00edsticas que tiene la regi\u00f3n de Ays\u00e9n, estamos convencidos que la asociatividad resolver\u00e1 muchos de los problemas de acceso a bienes y servicios, ya que las cooperativas al surgir de los propios territorios conocen de primera mano lo que se requiere y entregan soluciones adecuadas para ello\u201d.<\/em><\/p>\n<p style=\"text-align: justify;\">Carolina G\u00f3mez Vargas, Presidenta de la AG de Turismo y Comercio de Villa Ma\u00f1ihuales, quienes fueron visitados por DAES, coment\u00f3 que: <em>\u201cHoy estamos en una etapa de transformaci\u00f3n hacia una nueva figura de trabajo asociativo, como son las cooperativas, gracias a fondos de Sercotec y Gore estamos formalizando 2 cooperativas; una de ellas enfocada al turismo sustentable y la otra al trabajo agroalimentario, con el objetivo de fortalecer y ampliar la oferta tur\u00edstica local y por otro lado, agregar valor a los insumos locales. La visita de DAES, con el Seremi de Econom\u00eda y la Directora Regional de Sercotec nos parece muy importante, porque nos permite mostrar que detr\u00e1s de todos estos proyectos y fondos hay rostros, trabajadores, hombres y mujeres que tenemos sue\u00f1os y mucha convicci\u00f3n, de que esta forma de trabajo colaborativa, es la que nos permitir\u00e1 acceder a nuestro m\u00e1ximo potencial.\u201d<\/em><\/p>\n<p style=\"text-align: justify;\">La Directora Regional de Sercotec; Nelly Vargas Mansilla, puso sobre relieve la importancia de esta visita desde el Ministerio de Econom\u00eda; <em>\u201cComo instituci\u00f3n quedamos con una sensaci\u00f3n muy positiva respecto a que pudieron conocer las realidades de nuestras cooperativas, convirti\u00e9ndose en una buena instancia de vinculaci\u00f3n para dar a conocer las realidades y brechas del territorio. Por tanto, fue una visita muy productiva, El taller, cont\u00f3 con muy buena asistencia tanto de cooperativas, como de asociaciones gremiales y para nosotros como Sercotec, es un desaf\u00edo trabajar el cooperativismo y la asociatividad, por eso son vitales estas instancias donde comunicamos e informamos la importancia del trabajo asociativo.\u201d<\/em><\/p>\n<p style=\"text-align: justify;\">Las actividades incluyeron tambi\u00e9n, la visita a cooperativas en funcionamiento como Espacio Dise\u00f1o Austral, quienes han desarrollado un consistente trabajo que las valida como una s\u00f3lida cooperativa de arte y dise\u00f1o. En el sector Picaflor, DAES visit\u00f3 a la Cooperativa Patagonia Verde, compuesta por 11 socios distribuidos desde Murta hasta Alto Ma\u00f1ihuales, quienes se dedican principalmente a la crianza de ganado y han diversificado hacia la venta de le\u00f1a e insumos para el agro. Tambi\u00e9n visitaron a la AG de Turismo de Ma\u00f1ihuales, quienes se encuentran en proceso de conformaci\u00f3n para convertirse en Cooperativa. Adem\u00e1s, se llevaron a cabo reuniones con Indap, FIC Uach y Difoi Gobierno Regional de Ays\u00e9n.<\/p>\n<\/div><\/section><\/div><div  style='height:50px' class='hr hr-invisible   avia-builder-el-6  el_after_av_one_full  el_before_av_social_share '><span class='hr-inner ' ><span class='hr-inner-style'><\/span><\/span><\/div><\/p>\n<div  class='av-social-sharing-box  avia-builder-el-7  el_after_av_hr  el_before_av_hr  '><div class='av-share-box'><h5 class='av-share-link-description av-no-toc '>Compartir esta noticia<\/h5><ul class='av-share-box-list noLightbox'><li class='av-share-link av-social-link-facebook' ><a target=\"_blank\" aria-label=\"Compartir en Facebook\" href='https:\/\/www.facebook.com\/sharer.php?u=https:\/\/radiorevelacionfm.cl\/?p=42629&#038;t=Cooperativas%20en%20Ays%C3%A9n%2C%20gran%20herramienta%20para%20la%20dinamizaci%C3%B3n%20econ%C3%B3mica' aria-hidden='false' data-av_icon='\ue8f3' data-av_iconfont='entypo-fontello' title='' data-avia-related-tooltip='Compartir en Facebook' rel=\"noopener\"><span class='avia_hidden_link_text'>Compartir en Facebook<\/span><\/a><\/li><li class='av-share-link av-social-link-twitter' ><a target=\"_blank\" aria-label=\"Compartir en Twitter\" href='https:\/\/twitter.com\/share?text=Cooperativas%20en%20Ays%C3%A9n%2C%20gran%20herramienta%20para%20la%20dinamizaci%C3%B3n%20econ%C3%B3mica&#038;url=https:\/\/radiorevelacionfm.cl\/?p=42629' aria-hidden='false' data-av_icon='\ue8f1' data-av_iconfont='entypo-fontello' title='' data-avia-related-tooltip='Compartir en Twitter' rel=\"noopener\"><span class='avia_hidden_link_text'>Compartir en Twitter<\/span><\/a><\/li><li class='av-share-link av-social-link-whatsapp' ><a target=\"_blank\" aria-label=\"Compartir en Whatsapp\" href='https:\/\/api.whatsapp.com\/send?text=https:\/\/radiorevelacionfm.cl\/?p=42629' aria-hidden='false' data-av_icon='\uf232' data-av_iconfont='entypo-fontello' title='' data-avia-related-tooltip='Compartir en Whatsapp' rel=\"noopener\"><span class='avia_hidden_link_text'>Compartir en Whatsapp<\/span><\/a><\/li><li class='av-share-link av-social-link-linkedin' ><a target=\"_blank\" aria-label=\"Compartir en LinkedIn\" href='https:\/\/linkedin.com\/shareArticle?mini=true&#038;title=Cooperativas%20en%20Ays%C3%A9n%2C%20gran%20herramienta%20para%20la%20dinamizaci%C3%B3n%20econ%C3%B3mica&#038;url=https:\/\/radiorevelacionfm.cl\/?p=42629' aria-hidden='false' data-av_icon='\ue8fc' data-av_iconfont='entypo-fontello' title='' data-avia-related-tooltip='Compartir en LinkedIn' rel=\"noopener\"><span class='avia_hidden_link_text'>Compartir en LinkedIn<\/span><\/a><\/li><li class='av-share-link av-social-link-mail' ><a  aria-label=\"Compartir por correo\" href='mailto:?subject=Cooperativas%20en%20Ays%C3%A9n%2C%20gran%20herramienta%20para%20la%20dinamizaci%C3%B3n%20econ%C3%B3mica&#038;body=https:\/\/radiorevelacionfm.cl\/?p=42629' aria-hidden='false' data-av_icon='\ue805' data-av_iconfont='entypo-fontello' title='' data-avia-related-tooltip='Compartir por correo'><span class='avia_hidden_link_text'>Compartir por correo<\/span><\/a><\/li><\/ul><\/div><\/div>\n<div  style='height:50px' class='hr hr-invisible   avia-builder-el-8  el_after_av_social_share  el_before_av_comments_list '><span class='hr-inner ' ><span class='hr-inner-style'><\/span><\/span><\/div>\n<div  class='av-buildercomment  av-blog-meta-html-info-disabled av-blog-meta-tag-disabled  '><\/div>\n","protected":false},"excerpt":{"rendered":"","protected":false},"author":1,"featured_media":42630,"comment_status":"open","ping_status":"open","sticky":false,"template":"","format":"standard","meta":{"footnotes":""},"categories":[38],"tags":[],"class_list":["post-42629","post","type-post","status-publish","format-standard","has-post-thumbnail","hentry","category-regional"],"jetpack_featured_media_url":"https:\/\/radiorevelacionfm.cl\/wp-content\/uploads\/2024\/05\/daes-2-1_optimized-1.jpg","_links":{"self":[{"href":"https:\/\/radiorevelacionfm.cl\/index.php?rest_route=\/wp\/v2\/posts\/42629","targetHints":{"allow":["GET"]}}],"collection":[{"href":"https:\/\/radiorevelacionfm.cl\/index.php?rest_route=\/wp\/v2\/posts"}],"about":[{"href":"https:\/\/radiorevelacionfm.cl\/index.php?rest_route=\/wp\/v2\/types\/post"}],"author":[{"embeddable":true,"href":"https:\/\/radiorevelacionfm.cl\/index.php?rest_route=\/wp\/v2\/users\/1"}],"replies":[{"embeddable":true,"href":"https:\/\/radiorevelacionfm.cl\/index.php?rest_route=%2Fwp%2Fv2%2Fcomments&post=42629"}],"version-history":[{"count":1,"href":"https:\/\/radiorevelacionfm.cl\/index.php?rest_route=\/wp\/v2\/posts\/42629\/revisions"}],"predecessor-version":[{"id":42631,"href":"https:\/\/radiorevelacionfm.cl\/index.php?rest_route=\/wp\/v2\/posts\/42629\/revisions\/42631"}],"wp:featuredmedia":[{"embeddable":true,"href":"https:\/\/radiorevelacionfm.cl\/index.php?rest_route=\/wp\/v2\/media\/42630"}],"wp:attachment":[{"href":"https:\/\/radiorevelacionfm.cl\/index.php?rest_route=%2Fwp%2Fv2%2Fmedia&parent=42629"}],"wp:term":[{"taxonomy":"category","embeddable":true,"href":"https:\/\/radiorevelacionfm.cl\/index.php?rest_route=%2Fwp%2Fv2%2Fcategories&post=42629"},{"taxonomy":"post_tag","embeddable":true,"href":"https:\/\/radiorevelacionfm.cl\/index.php?rest_route=%2Fwp%2Fv2%2Ftags&post=42629"}],"curies":[{"name":"wp","href":"https:\/\/api.w.org\/{rel}","templated":true}]}}