{"id":42626,"date":"2024-05-29T12:52:05","date_gmt":"2024-05-29T15:52:05","guid":{"rendered":"https:\/\/radiorevelacionfm.cl\/?p=42626"},"modified":"2024-05-29T12:52:05","modified_gmt":"2024-05-29T15:52:05","slug":"masiva-concurrencia-marca-el-dia-de-los-patrimonios-en-aysen","status":"publish","type":"post","link":"https:\/\/radiorevelacionfm.cl\/?p=42626","title":{"rendered":"Masiva concurrencia marca el D\u00eda de los Patrimonios en Ays\u00e9n"},"content":{"rendered":"<div class=\"flex_column av_one_full  flex_column_div av-zero-column-padding first  avia-builder-el-0  el_before_av_one_full  avia-builder-el-first  \" style='border-radius:0px; '><div  class='avia-image-container  av-styling-    avia-builder-el-1  avia-builder-el-no-sibling  avia-align-center '  itemprop=\"image\" itemscope=\"itemscope\" itemtype=\"https:\/\/schema.org\/ImageObject\"  ><div class='avia-image-container-inner'><div class='avia-image-overlay-wrap'><img decoding=\"async\" class='wp-image-42627 avia-img-lazy-loading-not-42627 avia_image' src=\"https:\/\/radiorevelacionfm.cl\/wp-content\/uploads\/2024\/05\/TABA7-1-1.jpg\" alt='' title='TABA7 (1) (1)' height=\"600\" width=\"900\"  itemprop=\"thumbnailUrl\" srcset=\"https:\/\/radiorevelacionfm.cl\/wp-content\/uploads\/2024\/05\/TABA7-1-1.jpg 900w, https:\/\/radiorevelacionfm.cl\/wp-content\/uploads\/2024\/05\/TABA7-1-1-300x200.jpg 300w, https:\/\/radiorevelacionfm.cl\/wp-content\/uploads\/2024\/05\/TABA7-1-1-768x512.jpg 768w, https:\/\/radiorevelacionfm.cl\/wp-content\/uploads\/2024\/05\/TABA7-1-1-705x470.jpg 705w, https:\/\/radiorevelacionfm.cl\/wp-content\/uploads\/2024\/05\/TABA7-1-1-450x300.jpg 450w, https:\/\/radiorevelacionfm.cl\/wp-content\/uploads\/2024\/05\/TABA7-1-1-600x400.jpg 600w\" sizes=\"(max-width: 900px) 100vw, 900px\" \/><\/div><\/div><\/div><\/div><div class=\"flex_column av_one_full  flex_column_div av-zero-column-padding first  avia-builder-el-2  el_after_av_one_full  el_before_av_one_full  column-top-margin\" style='border-radius:0px; '><section class=\"av_textblock_section \"  itemscope=\"itemscope\" itemtype=\"https:\/\/schema.org\/BlogPosting\" itemprop=\"blogPost\" ><div class='avia_textblock  '   itemprop=\"text\" ><p style=\"text-align: center;\"><span style=\"font-size: 18pt;\"><b>Masiva concurrencia marca el D\u00eda de los Patrimonios en Ays\u00e9n<\/b><\/span><\/p>\n<div id=\"gtx-trans\" style=\"position: absolute; left: -50px; top: 4.31534px;\">\n<div class=\"gtx-trans-icon\"><\/div>\n<\/div>\n<\/div><\/section><\/div><div class=\"flex_column av_one_full  flex_column_div av-zero-column-padding first  avia-builder-el-4  el_after_av_one_full  el_before_av_hr  column-top-margin\" style='border-radius:0px; '><section class=\"av_textblock_section \"  itemscope=\"itemscope\" itemtype=\"https:\/\/schema.org\/BlogPosting\" itemprop=\"blogPost\" ><div class='avia_textblock  '   itemprop=\"text\" ><p style=\"text-align: justify;\">Miles de habitantes de la Regi\u00f3n de Aysen se volcaron a sus localidades el pasado fin de semana para vivir en familia el D\u00eda de los Patrimonios, que este 2024 ofreci\u00f3 casi 90 panoramas diversos en las 10 comunas del territorio.<\/p>\n<p style=\"text-align: justify;\">Al menos 5000 personas participaron activamente en conversatorios, recorridos patrimoniales, muestras hist\u00f3ricas, apertura de inmuebles, exposiciones de diversas disciplinas, juegos y talleres creativos para toda la familia.<\/p>\n<p style=\"text-align: justify;\">Desde Villa O\u2019Higgins hasta el archipi\u00e9lago de las Guaitecas, vecinos y vecinas estuvieron festejando durante dos d\u00edas los 25 A\u00f1os de Historias del D\u00eda de los Patrimonios, llenando museos, salas museogr\u00e1ficas, centros culturales, propiedades cargadas de historias y edificios p\u00fablicos y privados que abrieron sus puertas s\u00e1bado y domingo.<\/p>\n<p style=\"text-align: justify;\">Para el seremi de Culturas Ays\u00e9n, Felipe Quiroz, se trat\u00f3 de \u201cun D\u00eda de los Patrimonios hist\u00f3rico, por varios motivos: cumplimos 25 a\u00f1os celebrando la fiesta cultural m\u00e1s importante del pa\u00eds, de modo masivo, con miles de personas viviendo el patrimonio en cada comuna de la Regi\u00f3n de Ays\u00e9n. Compartimos durante el fin de semana con muchas familias, alegres de poder empaparse de su propia identidad. Fue una jornada de descubrimiento, en muchos sentidos para muchos ciudadanos. Incluso, en lo personal, encontr\u00e9 documentos hist\u00f3ricos en el Registro Civil que aluden a antiguos familiares. Este tipo de sucesos m\u00e1gicos ocurren mucho en el D\u00eda de los Patrimonios, cuando las familias abrazan su historia y su identidad. Fueron casi 90 actividades y m\u00e1s de 3000 en todo Chile\u201d.<\/p>\n<p style=\"text-align: justify;\">El director (s) de Patrimonio Cultural en la Regi\u00f3n de Ays\u00e9n, Jos\u00e9 Mansilla, quiso agradecer a todos quienes colaboraron: \u201cA las organizaciones, los servicios p\u00fablicos, a las personas que han puesto su trabajo y que propusieron actividades que permitieron que en nuestra regi\u00f3n tuvi\u00e9ramos 87 panoramas. Sabemos que hubo otras que se realizaron antes y despu\u00e9s del D\u00eda de los Patrimonios. A todos ellos nuestro agradecimiento\u201d.<\/p>\n<p style=\"text-align: justify;\">El principal foco de actividades en la ciudad de Coyhaique estuvo en el Museo Regional de Ays\u00e9n, que adem\u00e1s de tener recorridos guiados y actividades creativas para toda la familia, nuevamente abrieron el acceso al subterr\u00e1neo y le mostraron a las familias los secretos que ah\u00ed se cobijan, como las piezas paleontol\u00f3gicas del chilesaurio y un herbario que est\u00e1 en pleno desarrollo. Solo el museo contabiliz\u00f3 casi 3000 visitas.<\/p>\n<p style=\"text-align: justify;\">Un emocionado Gustavo Saldivia, director del Museo Regional, manifest\u00f3 que \u201cestamos tremendamente felices por la tremenda respuesta de la ciudadan\u00eda a este D\u00eda de los Patrimonios del 2024. Hubo una gran diversidad de panoramas. Hablamos de Puerto Cristal, hablamos de la fotograf\u00eda de Puerto Ays\u00e9n, del nuevo herbario de la regi\u00f3n, tuvimos conciertos de la Camerata Estudiantil de Coyhaique, cerramos con la presentaci\u00f3n de un piano de primer nivel que adquiri\u00f3 el Gobierno Regional de Ays\u00e9n con una presentaci\u00f3n fant\u00e1stica. Tuvimos exposici\u00f3n de f\u00f3siles, muchos panoramas, y la gente respondi\u00f3 de maravillas. Eso nos deja muy motivados no solo para el pr\u00f3ximo D\u00eda del Patrimonio sino para estar haciendo m\u00e1s actividades adicionales a la programaci\u00f3n tradicional de nuestro Museo Regional de Ays\u00e9n\u201d.<\/p>\n<p style=\"text-align: justify;\">El payador y encargado de Cultura de la Municipalidad de O\u2019Higgins, Luciano Auad, resumi\u00f3 la jornada en la localidad: \u00abEl D\u00eda de los Patrimonios en la comuna de O\u2019Higgins se llev\u00f3 a cabo con tres actividades, las cuales tuvieron un gu\u00eda conductor que fue el contexto del D\u00eda de los Patrimonios; y comenz\u00f3 con un triatl\u00f3n durante la ma\u00f1ana. Posteriormente, en la jornada de la tarde, se llev\u00f3 a cabo un Villa Tour que fue un city tour, guiado por adultos mayores de la localidad. Y se culmin\u00f3 en el encuentro de payadores, que se llev\u00f3 a cabo en el centro de eventos. Llegaron m\u00e1s de 50 personas y fue una actividad superemocionante. La jornada fue organizada por el Departamento de Cultura y por la Oficina de Fomento Productivo y Turismo del municipio\u201d.<\/p>\n<p style=\"text-align: justify;\">En el resto del territorio destacaron la apertura de las casas mas\u00f3nicas de Coyhaique y Puerto Ays\u00e9n; recorridos patrimoniales en Cisnes y R\u00edo Ib\u00e1\u00f1ez y Guaitecas, adem\u00e1s de la Fiesta del Patrimonio en el archipi\u00e9lago. Cochrane vivi\u00f3 un conservatorio patrimonial con vecinas y vecinos; y en Tortel tuvo lugar una entretenida Remada patrimonial que recorri\u00f3 parte de la caleta.<\/p>\n<\/div><\/section><\/div><div  style='height:50px' class='hr hr-invisible   avia-builder-el-6  el_after_av_one_full  el_before_av_social_share '><span class='hr-inner ' ><span class='hr-inner-style'><\/span><\/span><\/div><\/p>\n<div  class='av-social-sharing-box  avia-builder-el-7  el_after_av_hr  el_before_av_hr  '><div class='av-share-box'><h5 class='av-share-link-description av-no-toc '>Compartir esta noticia<\/h5><ul class='av-share-box-list noLightbox'><li class='av-share-link av-social-link-facebook' ><a target=\"_blank\" aria-label=\"Compartir en Facebook\" href='https:\/\/www.facebook.com\/sharer.php?u=https:\/\/radiorevelacionfm.cl\/?p=42626&#038;t=Masiva%20concurrencia%20marca%20el%20D%C3%ADa%20de%20los%20Patrimonios%20en%20Ays%C3%A9n' aria-hidden='false' data-av_icon='\ue8f3' data-av_iconfont='entypo-fontello' title='' data-avia-related-tooltip='Compartir en Facebook' rel=\"noopener\"><span class='avia_hidden_link_text'>Compartir en Facebook<\/span><\/a><\/li><li class='av-share-link av-social-link-twitter' ><a target=\"_blank\" aria-label=\"Compartir en Twitter\" href='https:\/\/twitter.com\/share?text=Masiva%20concurrencia%20marca%20el%20D%C3%ADa%20de%20los%20Patrimonios%20en%20Ays%C3%A9n&#038;url=https:\/\/radiorevelacionfm.cl\/?p=42626' aria-hidden='false' data-av_icon='\ue8f1' data-av_iconfont='entypo-fontello' title='' data-avia-related-tooltip='Compartir en Twitter' rel=\"noopener\"><span class='avia_hidden_link_text'>Compartir en Twitter<\/span><\/a><\/li><li class='av-share-link av-social-link-whatsapp' ><a target=\"_blank\" aria-label=\"Compartir en Whatsapp\" href='https:\/\/api.whatsapp.com\/send?text=https:\/\/radiorevelacionfm.cl\/?p=42626' aria-hidden='false' data-av_icon='\uf232' data-av_iconfont='entypo-fontello' title='' data-avia-related-tooltip='Compartir en Whatsapp' rel=\"noopener\"><span class='avia_hidden_link_text'>Compartir en Whatsapp<\/span><\/a><\/li><li class='av-share-link av-social-link-linkedin' ><a target=\"_blank\" aria-label=\"Compartir en LinkedIn\" href='https:\/\/linkedin.com\/shareArticle?mini=true&#038;title=Masiva%20concurrencia%20marca%20el%20D%C3%ADa%20de%20los%20Patrimonios%20en%20Ays%C3%A9n&#038;url=https:\/\/radiorevelacionfm.cl\/?p=42626' aria-hidden='false' data-av_icon='\ue8fc' data-av_iconfont='entypo-fontello' title='' data-avia-related-tooltip='Compartir en LinkedIn' rel=\"noopener\"><span class='avia_hidden_link_text'>Compartir en LinkedIn<\/span><\/a><\/li><li class='av-share-link av-social-link-mail' ><a  aria-label=\"Compartir por correo\" href='mailto:?subject=Masiva%20concurrencia%20marca%20el%20D%C3%ADa%20de%20los%20Patrimonios%20en%20Ays%C3%A9n&#038;body=https:\/\/radiorevelacionfm.cl\/?p=42626' aria-hidden='false' data-av_icon='\ue805' data-av_iconfont='entypo-fontello' title='' data-avia-related-tooltip='Compartir por correo'><span class='avia_hidden_link_text'>Compartir por correo<\/span><\/a><\/li><\/ul><\/div><\/div>\n<div  style='height:50px' class='hr hr-invisible   avia-builder-el-8  el_after_av_social_share  el_before_av_comments_list '><span class='hr-inner ' ><span class='hr-inner-style'><\/span><\/span><\/div>\n<div  class='av-buildercomment  av-blog-meta-html-info-disabled av-blog-meta-tag-disabled  '><\/div>\n","protected":false},"excerpt":{"rendered":"","protected":false},"author":1,"featured_media":42627,"comment_status":"open","ping_status":"open","sticky":false,"template":"","format":"standard","meta":{"footnotes":""},"categories":[52],"tags":[],"class_list":["post-42626","post","type-post","status-publish","format-standard","has-post-thumbnail","hentry","category-cultura"],"jetpack_featured_media_url":"https:\/\/radiorevelacionfm.cl\/wp-content\/uploads\/2024\/05\/TABA7-1-1.jpg","_links":{"self":[{"href":"https:\/\/radiorevelacionfm.cl\/index.php?rest_route=\/wp\/v2\/posts\/42626","targetHints":{"allow":["GET"]}}],"collection":[{"href":"https:\/\/radiorevelacionfm.cl\/index.php?rest_route=\/wp\/v2\/posts"}],"about":[{"href":"https:\/\/radiorevelacionfm.cl\/index.php?rest_route=\/wp\/v2\/types\/post"}],"author":[{"embeddable":true,"href":"https:\/\/radiorevelacionfm.cl\/index.php?rest_route=\/wp\/v2\/users\/1"}],"replies":[{"embeddable":true,"href":"https:\/\/radiorevelacionfm.cl\/index.php?rest_route=%2Fwp%2Fv2%2Fcomments&post=42626"}],"version-history":[{"count":1,"href":"https:\/\/radiorevelacionfm.cl\/index.php?rest_route=\/wp\/v2\/posts\/42626\/revisions"}],"predecessor-version":[{"id":42628,"href":"https:\/\/radiorevelacionfm.cl\/index.php?rest_route=\/wp\/v2\/posts\/42626\/revisions\/42628"}],"wp:featuredmedia":[{"embeddable":true,"href":"https:\/\/radiorevelacionfm.cl\/index.php?rest_route=\/wp\/v2\/media\/42627"}],"wp:attachment":[{"href":"https:\/\/radiorevelacionfm.cl\/index.php?rest_route=%2Fwp%2Fv2%2Fmedia&parent=42626"}],"wp:term":[{"taxonomy":"category","embeddable":true,"href":"https:\/\/radiorevelacionfm.cl\/index.php?rest_route=%2Fwp%2Fv2%2Fcategories&post=42626"},{"taxonomy":"post_tag","embeddable":true,"href":"https:\/\/radiorevelacionfm.cl\/index.php?rest_route=%2Fwp%2Fv2%2Ftags&post=42626"}],"curies":[{"name":"wp","href":"https:\/\/api.w.org\/{rel}","templated":true}]}}