{"id":42618,"date":"2024-05-29T00:30:36","date_gmt":"2024-05-29T03:30:36","guid":{"rendered":"https:\/\/radiorevelacionfm.cl\/?p=42618"},"modified":"2024-05-29T00:30:36","modified_gmt":"2024-05-29T03:30:36","slug":"empresa-electrica-activa-plan-de-contingencia-ante-rafagas-de-viento-pronosticadas-para-la-zona","status":"publish","type":"post","link":"https:\/\/radiorevelacionfm.cl\/?p=42618","title":{"rendered":"Empresa El\u00e9ctrica activa plan de contingencia ante r\u00e1fagas de viento pronosticadas para la zona"},"content":{"rendered":"<div class=\"flex_column av_one_full  flex_column_div av-zero-column-padding first  avia-builder-el-0  el_before_av_one_full  avia-builder-el-first  \" style='border-radius:0px; '><div  class='avia-image-container  av-styling-    avia-builder-el-1  avia-builder-el-no-sibling  avia-align-center '  itemprop=\"image\" itemscope=\"itemscope\" itemtype=\"https:\/\/schema.org\/ImageObject\"  ><div class='avia-image-container-inner'><div class='avia-image-overlay-wrap'><img decoding=\"async\" class='wp-image-42619 avia-img-lazy-loading-not-42619 avia_image' src=\"https:\/\/radiorevelacionfm.cl\/wp-content\/uploads\/2024\/05\/640680ac6d705_890x533-1_optimized-1.jpg\" alt='' title='640680ac6d705_890x533-(1)_optimized (1)' height=\"600\" width=\"1002\"  itemprop=\"thumbnailUrl\" srcset=\"https:\/\/radiorevelacionfm.cl\/wp-content\/uploads\/2024\/05\/640680ac6d705_890x533-1_optimized-1.jpg 1002w, https:\/\/radiorevelacionfm.cl\/wp-content\/uploads\/2024\/05\/640680ac6d705_890x533-1_optimized-1-300x180.jpg 300w, https:\/\/radiorevelacionfm.cl\/wp-content\/uploads\/2024\/05\/640680ac6d705_890x533-1_optimized-1-768x460.jpg 768w, https:\/\/radiorevelacionfm.cl\/wp-content\/uploads\/2024\/05\/640680ac6d705_890x533-1_optimized-1-705x422.jpg 705w, https:\/\/radiorevelacionfm.cl\/wp-content\/uploads\/2024\/05\/640680ac6d705_890x533-1_optimized-1-450x269.jpg 450w, https:\/\/radiorevelacionfm.cl\/wp-content\/uploads\/2024\/05\/640680ac6d705_890x533-1_optimized-1-600x359.jpg 600w\" sizes=\"(max-width: 1002px) 100vw, 1002px\" \/><\/div><\/div><\/div><\/div><div class=\"flex_column av_one_full  flex_column_div av-zero-column-padding first  avia-builder-el-2  el_after_av_one_full  el_before_av_one_full  column-top-margin\" style='border-radius:0px; '><section class=\"av_textblock_section \"  itemscope=\"itemscope\" itemtype=\"https:\/\/schema.org\/BlogPosting\" itemprop=\"blogPost\" ><div class='avia_textblock  '   itemprop=\"text\" ><p style=\"text-align: center;\"><strong><span style=\"font-size: 18pt;\">Empresa El\u00e9ctrica activa plan de contingencia ante r\u00e1fagas de viento pronosticadas para la zona<\/span><\/strong><\/p>\n<div id=\"gtx-trans\" style=\"position: absolute; left: -50px; top: 4.31534px;\">\n<div class=\"gtx-trans-icon\"><\/div>\n<\/div>\n<\/div><\/section><\/div><div class=\"flex_column av_one_full  flex_column_div av-zero-column-padding first  avia-builder-el-4  el_after_av_one_full  el_before_av_hr  column-top-margin\" style='border-radius:0px; '><section class=\"av_textblock_section \"  itemscope=\"itemscope\" itemtype=\"https:\/\/schema.org\/BlogPosting\" itemprop=\"blogPost\" ><div class='avia_textblock  '   itemprop=\"text\" ><p style=\"text-align: justify;\">Tras la alerta preventiva emitida por la Direcci\u00f3n Meteorol\u00f3gica de Chile y Senapred para la regi\u00f3n de Los Lagos y Ays\u00e9n por vientos que podr\u00edan superar los 100 km\/h durante la tarde de este martes 28 de mayo, debido al paso de un sistema frontal fr\u00edo, Edelaysen activ\u00f3 su plan de contingencia clim\u00e1tica para atender de manera eficiente los requerimientos de vecinos ante posibles contingencias del suministro el\u00e9ctrico que pudieran ocasionarse producto de este evento clim\u00e1tico.<\/p>\n<p style=\"text-align: justify;\">Este plan contempla el refuerzo de personal de terreno, log\u00edstico y de atenci\u00f3n en contact center y redes sociales, indic\u00f3 el jefe Servicio al Cliente Patricio Raimilla: \u201cAnte posible falta de suministro es muy importante que nuestros clientes nos avisen a trav\u00e9s de nuestros canales digitales de contacto para acudir al sector, reparar las instalaciones y reanudar el servicio lo antes posible. Entre m\u00e1s pronto nos avisen, m\u00e1s pronto podremos dar la atenci\u00f3n que necesitan\u201d, enfatiz\u00f3 el ejecutivo.<\/p>\n<p style=\"text-align: justify;\">Como parte de este plan de contingencia, el ejecutivo record\u00f3 utilizar el bot\u00f3n estoy sin luz, en la p\u00e1gina web y en la app de Saesa, o en las redes sociales X (Twitter) y Facebook.<\/p>\n<p style=\"text-align: justify;\">\u201cNuestras brigadas, personal t\u00e9cnico y de atenci\u00f3n de canales de contacto estar\u00e1n trabajando con turnos reforzados para poder atender los eventuales requerimientos de nuestros clientes producto de este sistema frontal\u201d, finaliz\u00f3 Patricio Raimilla.<\/p>\n<p style=\"text-align: justify;\"><strong>Canales de atenci\u00f3n<\/strong><\/p>\n<ul>\n<li style=\"text-align: justify;\">Bot\u00f3n \u201cEstoy sin luz\u201d en web y app<\/li>\n<li style=\"text-align: justify;\">Fanpage de Facebook @Edelaysen<\/li>\n<li style=\"text-align: justify;\">L\u00ednea gratuita 800 600 803<\/li>\n<li style=\"text-align: justify;\"><a href=\"http:\/\/www.edelaysen.cl\">www.edelaysen.cl<\/a><\/li>\n<\/ul>\n<\/div><\/section><\/div><div  style='height:50px' class='hr hr-invisible   avia-builder-el-6  el_after_av_one_full  el_before_av_social_share '><span class='hr-inner ' ><span class='hr-inner-style'><\/span><\/span><\/div><\/p>\n<div  class='av-social-sharing-box  avia-builder-el-7  el_after_av_hr  el_before_av_hr  '><div class='av-share-box'><h5 class='av-share-link-description av-no-toc '>Compartir esta noticia<\/h5><ul class='av-share-box-list noLightbox'><li class='av-share-link av-social-link-facebook' ><a target=\"_blank\" aria-label=\"Compartir en Facebook\" href='https:\/\/www.facebook.com\/sharer.php?u=https:\/\/radiorevelacionfm.cl\/?p=42618&#038;t=Empresa%20El%C3%A9ctrica%20activa%20plan%20de%20contingencia%20ante%20r%C3%A1fagas%20de%20viento%20pronosticadas%20para%20la%20zona' aria-hidden='false' data-av_icon='\ue8f3' data-av_iconfont='entypo-fontello' title='' data-avia-related-tooltip='Compartir en Facebook' rel=\"noopener\"><span class='avia_hidden_link_text'>Compartir en Facebook<\/span><\/a><\/li><li class='av-share-link av-social-link-twitter' ><a target=\"_blank\" aria-label=\"Compartir en Twitter\" href='https:\/\/twitter.com\/share?text=Empresa%20El%C3%A9ctrica%20activa%20plan%20de%20contingencia%20ante%20r%C3%A1fagas%20de%20viento%20pronosticadas%20para%20la%20zona&#038;url=https:\/\/radiorevelacionfm.cl\/?p=42618' aria-hidden='false' data-av_icon='\ue8f1' data-av_iconfont='entypo-fontello' title='' data-avia-related-tooltip='Compartir en Twitter' rel=\"noopener\"><span class='avia_hidden_link_text'>Compartir en Twitter<\/span><\/a><\/li><li class='av-share-link av-social-link-whatsapp' ><a target=\"_blank\" aria-label=\"Compartir en Whatsapp\" href='https:\/\/api.whatsapp.com\/send?text=https:\/\/radiorevelacionfm.cl\/?p=42618' aria-hidden='false' data-av_icon='\uf232' data-av_iconfont='entypo-fontello' title='' data-avia-related-tooltip='Compartir en Whatsapp' rel=\"noopener\"><span class='avia_hidden_link_text'>Compartir en Whatsapp<\/span><\/a><\/li><li class='av-share-link av-social-link-linkedin' ><a target=\"_blank\" aria-label=\"Compartir en LinkedIn\" href='https:\/\/linkedin.com\/shareArticle?mini=true&#038;title=Empresa%20El%C3%A9ctrica%20activa%20plan%20de%20contingencia%20ante%20r%C3%A1fagas%20de%20viento%20pronosticadas%20para%20la%20zona&#038;url=https:\/\/radiorevelacionfm.cl\/?p=42618' aria-hidden='false' data-av_icon='\ue8fc' data-av_iconfont='entypo-fontello' title='' data-avia-related-tooltip='Compartir en LinkedIn' rel=\"noopener\"><span class='avia_hidden_link_text'>Compartir en LinkedIn<\/span><\/a><\/li><li class='av-share-link av-social-link-mail' ><a  aria-label=\"Compartir por correo\" href='mailto:?subject=Empresa%20El%C3%A9ctrica%20activa%20plan%20de%20contingencia%20ante%20r%C3%A1fagas%20de%20viento%20pronosticadas%20para%20la%20zona&#038;body=https:\/\/radiorevelacionfm.cl\/?p=42618' aria-hidden='false' data-av_icon='\ue805' data-av_iconfont='entypo-fontello' title='' data-avia-related-tooltip='Compartir por correo'><span class='avia_hidden_link_text'>Compartir por correo<\/span><\/a><\/li><\/ul><\/div><\/div>\n<div  style='height:50px' class='hr hr-invisible   avia-builder-el-8  el_after_av_social_share  el_before_av_comments_list '><span class='hr-inner ' ><span class='hr-inner-style'><\/span><\/span><\/div>\n<div  class='av-buildercomment  av-blog-meta-html-info-disabled av-blog-meta-tag-disabled  '><\/div>\n","protected":false},"excerpt":{"rendered":"","protected":false},"author":1,"featured_media":42619,"comment_status":"open","ping_status":"open","sticky":false,"template":"","format":"standard","meta":{"footnotes":""},"categories":[38],"tags":[],"class_list":["post-42618","post","type-post","status-publish","format-standard","has-post-thumbnail","hentry","category-regional"],"jetpack_featured_media_url":"https:\/\/radiorevelacionfm.cl\/wp-content\/uploads\/2024\/05\/640680ac6d705_890x533-1_optimized-1.jpg","_links":{"self":[{"href":"https:\/\/radiorevelacionfm.cl\/index.php?rest_route=\/wp\/v2\/posts\/42618","targetHints":{"allow":["GET"]}}],"collection":[{"href":"https:\/\/radiorevelacionfm.cl\/index.php?rest_route=\/wp\/v2\/posts"}],"about":[{"href":"https:\/\/radiorevelacionfm.cl\/index.php?rest_route=\/wp\/v2\/types\/post"}],"author":[{"embeddable":true,"href":"https:\/\/radiorevelacionfm.cl\/index.php?rest_route=\/wp\/v2\/users\/1"}],"replies":[{"embeddable":true,"href":"https:\/\/radiorevelacionfm.cl\/index.php?rest_route=%2Fwp%2Fv2%2Fcomments&post=42618"}],"version-history":[{"count":1,"href":"https:\/\/radiorevelacionfm.cl\/index.php?rest_route=\/wp\/v2\/posts\/42618\/revisions"}],"predecessor-version":[{"id":42620,"href":"https:\/\/radiorevelacionfm.cl\/index.php?rest_route=\/wp\/v2\/posts\/42618\/revisions\/42620"}],"wp:featuredmedia":[{"embeddable":true,"href":"https:\/\/radiorevelacionfm.cl\/index.php?rest_route=\/wp\/v2\/media\/42619"}],"wp:attachment":[{"href":"https:\/\/radiorevelacionfm.cl\/index.php?rest_route=%2Fwp%2Fv2%2Fmedia&parent=42618"}],"wp:term":[{"taxonomy":"category","embeddable":true,"href":"https:\/\/radiorevelacionfm.cl\/index.php?rest_route=%2Fwp%2Fv2%2Fcategories&post=42618"},{"taxonomy":"post_tag","embeddable":true,"href":"https:\/\/radiorevelacionfm.cl\/index.php?rest_route=%2Fwp%2Fv2%2Ftags&post=42618"}],"curies":[{"name":"wp","href":"https:\/\/api.w.org\/{rel}","templated":true}]}}