{"id":42613,"date":"2024-05-29T11:31:04","date_gmt":"2024-05-29T14:31:04","guid":{"rendered":"https:\/\/radiorevelacionfm.cl\/?p=42613"},"modified":"2024-05-29T11:31:04","modified_gmt":"2024-05-29T14:31:04","slug":"con-gran-participacion-e-importantes-anuncios-se-desarrollo-cuenta-publica-del-sector-vivienda","status":"publish","type":"post","link":"https:\/\/radiorevelacionfm.cl\/?p=42613","title":{"rendered":"Con gran participaci\u00f3n e importantes anuncios se desarroll\u00f3 Cuenta P\u00fablica del sector Vivienda"},"content":{"rendered":"<div class=\"flex_column av_one_full  flex_column_div av-zero-column-padding first  avia-builder-el-0  el_before_av_one_full  avia-builder-el-first  \" style='border-radius:0px; '><div  class='avia-image-container  av-styling-    avia-builder-el-1  avia-builder-el-no-sibling  avia-align-center '  itemprop=\"image\" itemscope=\"itemscope\" itemtype=\"https:\/\/schema.org\/ImageObject\"  ><div class='avia-image-container-inner'><div class='avia-image-overlay-wrap'><img decoding=\"async\" class='wp-image-42616 avia-img-lazy-loading-not-42616 avia_image' src=\"https:\/\/radiorevelacionfm.cl\/wp-content\/uploads\/2024\/05\/mesas-de-participacion-en-cuenta-publica-minvu-2024-1_optimized.jpg\" alt='' title='mesas-de-participaci\u00f3n-en-cuenta-p\u00fablica-minvu-2024-(1)_optimized' height=\"600\" width=\"978\"  itemprop=\"thumbnailUrl\" srcset=\"https:\/\/radiorevelacionfm.cl\/wp-content\/uploads\/2024\/05\/mesas-de-participacion-en-cuenta-publica-minvu-2024-1_optimized.jpg 978w, https:\/\/radiorevelacionfm.cl\/wp-content\/uploads\/2024\/05\/mesas-de-participacion-en-cuenta-publica-minvu-2024-1_optimized-300x184.jpg 300w, https:\/\/radiorevelacionfm.cl\/wp-content\/uploads\/2024\/05\/mesas-de-participacion-en-cuenta-publica-minvu-2024-1_optimized-768x471.jpg 768w, https:\/\/radiorevelacionfm.cl\/wp-content\/uploads\/2024\/05\/mesas-de-participacion-en-cuenta-publica-minvu-2024-1_optimized-705x433.jpg 705w, https:\/\/radiorevelacionfm.cl\/wp-content\/uploads\/2024\/05\/mesas-de-participacion-en-cuenta-publica-minvu-2024-1_optimized-450x276.jpg 450w, https:\/\/radiorevelacionfm.cl\/wp-content\/uploads\/2024\/05\/mesas-de-participacion-en-cuenta-publica-minvu-2024-1_optimized-600x368.jpg 600w\" sizes=\"(max-width: 978px) 100vw, 978px\" \/><\/div><\/div><\/div><\/div><div class=\"flex_column av_one_full  flex_column_div av-zero-column-padding first  avia-builder-el-2  el_after_av_one_full  el_before_av_one_full  column-top-margin\" style='border-radius:0px; '><section class=\"av_textblock_section \"  itemscope=\"itemscope\" itemtype=\"https:\/\/schema.org\/BlogPosting\" itemprop=\"blogPost\" ><div class='avia_textblock  '   itemprop=\"text\" ><p style=\"text-align: center;\"><span style=\"font-size: 18pt;\"><strong>Con gran participaci\u00f3n e importantes anuncios se desarroll\u00f3 Cuenta P\u00fablica del sector Vivienda<\/strong><\/span><\/p>\n<div id=\"gtx-trans\" style=\"position: absolute; left: -50px; top: 4.31534px;\">\n<div class=\"gtx-trans-icon\"><\/div>\n<\/div>\n<\/div><\/section><\/div><div class=\"flex_column av_one_full  flex_column_div av-zero-column-padding first  avia-builder-el-4  el_after_av_one_full  el_before_av_hr  column-top-margin\" style='border-radius:0px; '><section class=\"av_textblock_section \"  itemscope=\"itemscope\" itemtype=\"https:\/\/schema.org\/BlogPosting\" itemprop=\"blogPost\" ><div class='avia_textblock  '   itemprop=\"text\" ><p style=\"text-align: justify;\">M\u00e1s de un centenar de personas de diferentes comunas, entre autoridades, dirigentes y vecinos, participaron este s\u00e1bado en la ceremonia en que la Seremi de Vivienda, Paulina Ruz y el Director del Serviu, V\u00edctor Contreras, dieron cuenta p\u00fablica de la gesti\u00f3n regional desarrollada por el Ministerio de Vivienda y Urbanismo (Minvu) en 2023 y las proyecciones para el presente a\u00f1o.<\/p>\n<p style=\"text-align: justify;\">En su alocuci\u00f3n las autoridades indicaron que el gasto en 2023 alcanz\u00f3 los 72 mil millones de pesos, lo que se tradujo en la entrega de 494 viviendas y 381 certificados de subsidio habitacional. Se mencion\u00f3 en forma especial m\u00e1s de 32 mil millones de pesos en subsidios para los cuatro primeros comit\u00e9s que este a\u00f1o empezar\u00e1n a construir sus viviendas en terrenos de la Chacra G de Coyhaique, donde adem\u00e1s se invertir\u00e1n cerca de 19 mil millones de pesos en obras de macro infraestructura, incluyendo aportes del Gobierno Regional. Se trata del proyecto m\u00e1s grande en la historia de la regi\u00f3n, donde se espera materializar m\u00e1s de mil 200 soluciones, entre casas y departamentos.<\/p>\n<p style=\"text-align: justify;\">Sobre las proyecciones, inform\u00f3 la Seremi Paulina Ruz que el presupuesto 2024 bordea los 83 mil 500 millones de pesos, lo que permitir\u00e1 contar con m\u00e1s de 3 mil 500 subsidios para familias de toda la regi\u00f3n. A la reciente inauguraci\u00f3n de 80 viviendas en Puerto Ays\u00e9n se sumar\u00e1 en los pr\u00f3ximos meses la entrega de 16 viviendas en Puerto Ib\u00e1\u00f1ez, 13 en Bah\u00eda Murta y m\u00e1s adelante 96 en Balmaceda. Tambi\u00e9n se retom\u00f3 la construcci\u00f3n de 192 departamentos del proyecto \u201cLomas de Coyhaique II\u201d, que abre opciones para familias de sectores vulnerables y medios.<\/p>\n<p style=\"text-align: justify;\">Entre las obras que se iniciar\u00e1n en los pr\u00f3ximos meses destacan la construcci\u00f3n de 16 viviendas en Villa Ma\u00f1ihuales; 207 en Puerto Ays\u00e9n, 43 en Puerto Puyuhuapi, 32 en La Junta y 16 en Puerto Cisnes. Otro positivo anuncio fue que este a\u00f1o se logr\u00f3 adquirir los terrenos de la \u201cChacra 40 B\u201d de Coyhaique, espacio de 9,8 hect\u00e1reas que abre grandes proyecciones en materia habitacional y urbana para la capital regional.<\/p>\n<p style=\"text-align: justify;\">En cuanto a obras urbanas, este a\u00f1o el Minvu iniciar\u00e1 la ejecuci\u00f3n del Parque \u201cLos Glaciares\u201d de Coyhaique, a lo que suman obras de conservaci\u00f3n en el Parque Costanera R\u00edo Simpson y en el Espacio P\u00fablico \u201cPlaza Baquedano\u201d. En Cochrane se empezar\u00e1 con la construcci\u00f3n de un nuevo Parque Urbano y en Puerto Ays\u00e9n se concretar\u00e1 el mejoramiento de rutas peatonales en avenida Pangal. \u00a0Otras obras que se vienen son el mejoramiento de las plazas de Villa Nirehuao, Puerto Cisnes, Mall\u00edn Grande, La Junta y Puerto Puyuhuapi, esta \u00faltima con aportes del Gobierno Regional.<\/p>\n<p style=\"text-align: justify;\">Un proyecto emblem\u00e1tico que se entregar\u00e1 este a\u00f1o es el primer \u201cCentro Comunitario de Cuidados y Protecci\u00f3n\u201d de la regi\u00f3n, el cual se construye en Puerto Ays\u00e9n y viene a materializar una de las principales medidas del Gobierno del Presidente Gabriel Boric, priorizando el enfoque de G\u00e9nero y del Territorio de los Cuidados. A ello se suman numerosas obras de pavimentaci\u00f3n y proyectos de los programas de Peque\u00f1as Localidades y Quiero mi Barrio, los cuales siguen aumentando su cobertura en las diferentes comunas.<\/p>\n<p style=\"text-align: justify;\">Al finalizar la ceremonia, la Seremi de Vivienda, Paulina Ruz, destac\u00f3 la alta convocatoria y la entusiasta participaci\u00f3n de los asistentes. \u201cFue una jornada exitosa, donde pudimos dar cuenta de nuestra gesti\u00f3n en 2023 y las proyecciones para el 2024, y sobre todo trazar una hoja de ruta no solo en el Plan de Emergencia Habitacional, sino que tambi\u00e9n en el Plan Ciudades Justas, que se refiere a las obras urbanas. Relevamos los hitos m\u00e1s importantes y por supuesto reafirmamos nuestro compromiso con la ciudadan\u00eda. Este es el mes de la ciudadan\u00eda y el hecho de que estamos presentes en todos los territorios qued\u00f3 reflejado con m\u00e1s de un centenar de personas que vinieron a nuestra cuenta p\u00fablica\u201d, se\u00f1al\u00f3.<\/p>\n<p style=\"text-align: justify;\">Por su parte, la dirigenta Paola Romero, quien viaj\u00f3 desde Puyuhuapi, se mostr\u00f3 agradecida por la invitaci\u00f3n y el trabajo realizado con su comunidad. \u201cEstamos muy contentos, siempre hemos dicho que tenemos un tremendo apoyo de la Seremi, porque ha sido bien constante con nosotros, ha ido harto a terreno, y es as\u00ed como este a\u00f1o, si Dios quiere, ya se podr\u00eda empezar a ejecutar nuestro proyecto, que es el anhelo de muchas familias\u201d, manifest\u00f3.<\/p>\n<p style=\"text-align: justify;\">De igual forma el Director del Serviu, V\u00edctor Contreras, valor\u00f3 el inter\u00e9s de la comunidad en la gesti\u00f3n del sector, lo que es una gran motivaci\u00f3n para enfocar el trabajo que viene. \u201cDa gusto que la gente se interese en nuestros temas y que pueda llegar a participar. Respecto a los desaf\u00edos, creo que fue una cuenta precisa, maciza en cuanto a los resultados, a lo que se ha estado avanzando y que creo que tambi\u00e9n plantea interesantes desaf\u00edos para este a\u00f1o y los que quedan del per\u00edodo\u201d, afirm\u00f3.<\/p>\n<p style=\"text-align: justify;\">La Cuenta P\u00fablica del Minvu Ays\u00e9n finaliz\u00f3 con mesas de trabajo, donde se puso \u00e9nfasis en la participaci\u00f3n ciudadana respecto a la definici\u00f3n de los desaf\u00edos presentes y la planificaci\u00f3n del trabajo futuro.<\/p>\n<\/div><\/section><\/div><div  style='height:50px' class='hr hr-invisible   avia-builder-el-6  el_after_av_one_full  el_before_av_social_share '><span class='hr-inner ' ><span class='hr-inner-style'><\/span><\/span><\/div><\/p>\n<div  class='av-social-sharing-box  avia-builder-el-7  el_after_av_hr  el_before_av_hr  '><div class='av-share-box'><h5 class='av-share-link-description av-no-toc '>Compartir esta noticia<\/h5><ul class='av-share-box-list noLightbox'><li class='av-share-link av-social-link-facebook' ><a target=\"_blank\" aria-label=\"Compartir en Facebook\" href='https:\/\/www.facebook.com\/sharer.php?u=https:\/\/radiorevelacionfm.cl\/?p=42613&#038;t=Con%20gran%20participaci%C3%B3n%20e%20importantes%20anuncios%20se%20desarroll%C3%B3%20Cuenta%20P%C3%BAblica%20del%20sector%20Vivienda' aria-hidden='false' data-av_icon='\ue8f3' data-av_iconfont='entypo-fontello' title='' data-avia-related-tooltip='Compartir en Facebook' rel=\"noopener\"><span class='avia_hidden_link_text'>Compartir en Facebook<\/span><\/a><\/li><li class='av-share-link av-social-link-twitter' ><a target=\"_blank\" aria-label=\"Compartir en Twitter\" href='https:\/\/twitter.com\/share?text=Con%20gran%20participaci%C3%B3n%20e%20importantes%20anuncios%20se%20desarroll%C3%B3%20Cuenta%20P%C3%BAblica%20del%20sector%20Vivienda&#038;url=https:\/\/radiorevelacionfm.cl\/?p=42613' aria-hidden='false' data-av_icon='\ue8f1' data-av_iconfont='entypo-fontello' title='' data-avia-related-tooltip='Compartir en Twitter' rel=\"noopener\"><span class='avia_hidden_link_text'>Compartir en Twitter<\/span><\/a><\/li><li class='av-share-link av-social-link-whatsapp' ><a target=\"_blank\" aria-label=\"Compartir en Whatsapp\" href='https:\/\/api.whatsapp.com\/send?text=https:\/\/radiorevelacionfm.cl\/?p=42613' aria-hidden='false' data-av_icon='\uf232' data-av_iconfont='entypo-fontello' title='' data-avia-related-tooltip='Compartir en Whatsapp' rel=\"noopener\"><span class='avia_hidden_link_text'>Compartir en Whatsapp<\/span><\/a><\/li><li class='av-share-link av-social-link-linkedin' ><a target=\"_blank\" aria-label=\"Compartir en LinkedIn\" href='https:\/\/linkedin.com\/shareArticle?mini=true&#038;title=Con%20gran%20participaci%C3%B3n%20e%20importantes%20anuncios%20se%20desarroll%C3%B3%20Cuenta%20P%C3%BAblica%20del%20sector%20Vivienda&#038;url=https:\/\/radiorevelacionfm.cl\/?p=42613' aria-hidden='false' data-av_icon='\ue8fc' data-av_iconfont='entypo-fontello' title='' data-avia-related-tooltip='Compartir en LinkedIn' rel=\"noopener\"><span class='avia_hidden_link_text'>Compartir en LinkedIn<\/span><\/a><\/li><li class='av-share-link av-social-link-mail' ><a  aria-label=\"Compartir por correo\" href='mailto:?subject=Con%20gran%20participaci%C3%B3n%20e%20importantes%20anuncios%20se%20desarroll%C3%B3%20Cuenta%20P%C3%BAblica%20del%20sector%20Vivienda&#038;body=https:\/\/radiorevelacionfm.cl\/?p=42613' aria-hidden='false' data-av_icon='\ue805' data-av_iconfont='entypo-fontello' title='' data-avia-related-tooltip='Compartir por correo'><span class='avia_hidden_link_text'>Compartir por correo<\/span><\/a><\/li><\/ul><\/div><\/div>\n<div  style='height:50px' class='hr hr-invisible   avia-builder-el-8  el_after_av_social_share  el_before_av_comments_list '><span class='hr-inner ' ><span class='hr-inner-style'><\/span><\/span><\/div>\n<div  class='av-buildercomment  av-blog-meta-html-info-disabled av-blog-meta-tag-disabled  '><\/div>\n","protected":false},"excerpt":{"rendered":"","protected":false},"author":1,"featured_media":42616,"comment_status":"open","ping_status":"open","sticky":false,"template":"","format":"standard","meta":{"footnotes":""},"categories":[57],"tags":[],"class_list":["post-42613","post","type-post","status-publish","format-standard","has-post-thumbnail","hentry","category-vivienda"],"jetpack_featured_media_url":"https:\/\/radiorevelacionfm.cl\/wp-content\/uploads\/2024\/05\/mesas-de-participacion-en-cuenta-publica-minvu-2024-1_optimized.jpg","_links":{"self":[{"href":"https:\/\/radiorevelacionfm.cl\/index.php?rest_route=\/wp\/v2\/posts\/42613","targetHints":{"allow":["GET"]}}],"collection":[{"href":"https:\/\/radiorevelacionfm.cl\/index.php?rest_route=\/wp\/v2\/posts"}],"about":[{"href":"https:\/\/radiorevelacionfm.cl\/index.php?rest_route=\/wp\/v2\/types\/post"}],"author":[{"embeddable":true,"href":"https:\/\/radiorevelacionfm.cl\/index.php?rest_route=\/wp\/v2\/users\/1"}],"replies":[{"embeddable":true,"href":"https:\/\/radiorevelacionfm.cl\/index.php?rest_route=%2Fwp%2Fv2%2Fcomments&post=42613"}],"version-history":[{"count":1,"href":"https:\/\/radiorevelacionfm.cl\/index.php?rest_route=\/wp\/v2\/posts\/42613\/revisions"}],"predecessor-version":[{"id":42617,"href":"https:\/\/radiorevelacionfm.cl\/index.php?rest_route=\/wp\/v2\/posts\/42613\/revisions\/42617"}],"wp:featuredmedia":[{"embeddable":true,"href":"https:\/\/radiorevelacionfm.cl\/index.php?rest_route=\/wp\/v2\/media\/42616"}],"wp:attachment":[{"href":"https:\/\/radiorevelacionfm.cl\/index.php?rest_route=%2Fwp%2Fv2%2Fmedia&parent=42613"}],"wp:term":[{"taxonomy":"category","embeddable":true,"href":"https:\/\/radiorevelacionfm.cl\/index.php?rest_route=%2Fwp%2Fv2%2Fcategories&post=42613"},{"taxonomy":"post_tag","embeddable":true,"href":"https:\/\/radiorevelacionfm.cl\/index.php?rest_route=%2Fwp%2Fv2%2Ftags&post=42613"}],"curies":[{"name":"wp","href":"https:\/\/api.w.org\/{rel}","templated":true}]}}