{"id":42610,"date":"2024-05-28T23:43:16","date_gmt":"2024-05-29T02:43:16","guid":{"rendered":"https:\/\/radiorevelacionfm.cl\/?p=42610"},"modified":"2024-05-28T23:43:16","modified_gmt":"2024-05-29T02:43:16","slug":"cchc-convoca-a-medio-centenar-de-alcaldes-para-abordar-crisis-de-seguridad","status":"publish","type":"post","link":"https:\/\/radiorevelacionfm.cl\/?p=42610","title":{"rendered":"CChC convoca a medio centenar de alcaldes para abordar crisis de seguridad"},"content":{"rendered":"<div class=\"flex_column av_one_full  flex_column_div av-zero-column-padding first  avia-builder-el-0  el_before_av_one_full  avia-builder-el-first  \" style='border-radius:0px; '><div  class='avia-image-container  av-styling-    avia-builder-el-1  avia-builder-el-no-sibling  avia-align-center '  itemprop=\"image\" itemscope=\"itemscope\" itemtype=\"https:\/\/schema.org\/ImageObject\"  ><div class='avia-image-container-inner'><div class='avia-image-overlay-wrap'><img decoding=\"async\" class='wp-image-42611 avia-img-lazy-loading-not-42611 avia_image' src=\"https:\/\/radiorevelacionfm.cl\/wp-content\/uploads\/2024\/05\/foto-1-50-1_optimized.jpg\" alt='' title='foto-1-(50)-(1)_optimized' height=\"600\" width=\"800\"  itemprop=\"thumbnailUrl\" srcset=\"https:\/\/radiorevelacionfm.cl\/wp-content\/uploads\/2024\/05\/foto-1-50-1_optimized.jpg 800w, https:\/\/radiorevelacionfm.cl\/wp-content\/uploads\/2024\/05\/foto-1-50-1_optimized-300x225.jpg 300w, https:\/\/radiorevelacionfm.cl\/wp-content\/uploads\/2024\/05\/foto-1-50-1_optimized-768x576.jpg 768w, https:\/\/radiorevelacionfm.cl\/wp-content\/uploads\/2024\/05\/foto-1-50-1_optimized-705x529.jpg 705w, https:\/\/radiorevelacionfm.cl\/wp-content\/uploads\/2024\/05\/foto-1-50-1_optimized-450x338.jpg 450w, https:\/\/radiorevelacionfm.cl\/wp-content\/uploads\/2024\/05\/foto-1-50-1_optimized-600x450.jpg 600w\" sizes=\"(max-width: 800px) 100vw, 800px\" \/><\/div><\/div><\/div><\/div><div class=\"flex_column av_one_full  flex_column_div av-zero-column-padding first  avia-builder-el-2  el_after_av_one_full  el_before_av_one_full  column-top-margin\" style='border-radius:0px; '><section class=\"av_textblock_section \"  itemscope=\"itemscope\" itemtype=\"https:\/\/schema.org\/BlogPosting\" itemprop=\"blogPost\" ><div class='avia_textblock  '   itemprop=\"text\" ><p style=\"text-align: center;\"><span style=\"font-size: 18pt;\"><strong>CChC convoca a medio centenar de alcaldes para abordar crisis de seguridad<\/strong><\/span><\/p>\n<div id=\"gtx-trans\" style=\"position: absolute; left: -50px; top: 4.31534px;\">\n<div class=\"gtx-trans-icon\"><\/div>\n<\/div>\n<\/div><\/section><\/div><div class=\"flex_column av_one_full  flex_column_div av-zero-column-padding first  avia-builder-el-4  el_after_av_one_full  el_before_av_hr  column-top-margin\" style='border-radius:0px; '><section class=\"av_textblock_section \"  itemscope=\"itemscope\" itemtype=\"https:\/\/schema.org\/BlogPosting\" itemprop=\"blogPost\" ><div class='avia_textblock  '   itemprop=\"text\" ><p style=\"text-align: justify;\"><em>A nivel regional la invitaci\u00f3n se extendi\u00f3 a los diez municipios, de los cuales acogi\u00f3 el llamado la comuna de Cisnes, quienes evaluaron positivamente la instancia de di\u00e1logo.<\/em><\/p>\n<p style=\"text-align: justify;\">Hasta la ciudad de Santiago se trasladaron alcaldes y equipos municipales de todo el pa\u00eds para participar del primer \u201cEncuentro de alcaldes por la seguridad: construyamos barrios seguros\u201d, actividad realizada en el marco de la Semana de la Construcci\u00f3n, y que a nivel local cont\u00f3 con la representaci\u00f3n del municipio de Cisnes.<\/p>\n<p style=\"text-align: justify;\">El objeto de la instancia fue debatir propuestas para mejorar la seguridad ciudadana, para lo cual, se contempl\u00f3 una exposici\u00f3n del ex alcalde de Medell\u00edn, ex gobernador de Antioquia y candidato presidencial en Colombia en 2018, Sergio Fajardo Valderrama, quien comparti\u00f3 su experiencia liderando pol\u00edticas para incentivar el desarrollo de su pa\u00eds.<\/p>\n<p style=\"text-align: justify;\">A nivel local hubo representaci\u00f3n de la presidenta de la C\u00e1mara Chilena de la Construcci\u00f3n de Coyhaique y el municipio de Cisnes, quienes participaron de la conferencia de Fajardo y de los grupos de trabajo que se conformaron, con el objeto de obtener ideas de c\u00f3mo avanzar en superar la crisis de seguridad que afecta a todas las comunas del pa\u00eds.<\/p>\n<p style=\"text-align: justify;\">Alejandra Alert valor\u00f3 que el municipio de Cisnes acogiera el llamado de la CChC ya que \u201cinvitamos a los diez alcaldes de la regi\u00f3n a esta instancia, que cont\u00f3 con el respaldo de la Asociaci\u00f3n Chilena de Municipalidades. El llamado fue acogido por el municipio de Cisnes, quienes participaron activamente del trabajo desarrollado, que busca encontrarnos a trav\u00e9s del di\u00e1logo, para solucionar un problema que nos afecta a todos, la seguridad en nuestros barrios\u201d, explic\u00f3 la dirigente gremial.<\/p>\n<p style=\"text-align: justify;\">El alcalde de Cisnes agradeci\u00f3 la invitaci\u00f3n, indicando que \u201cEs muy relevante que nuestro territorio est\u00e9 representado, para poder instalar las tem\u00e1ticas que nos preocupan\u201d, lo que profundiz\u00f3 se\u00f1alando que su comuna es puerta de entrada a la regi\u00f3n y que existen debilidades estrat\u00e9gicas por ejemplo en temas relacionado al comercio ilegal de drogas, por ello \u201ces relevante lo que ha hecho la C\u00e1mara de la Construcci\u00f3n, para convocarnos y dar nuestras opiniones\u201d, se\u00f1al\u00f3 Francisco Roncagliolo.<\/p>\n<p style=\"text-align: justify;\">En el encuentro, que adem\u00e1s cont\u00f3 con la presencia de la presidenta de la Asociaci\u00f3n Chilena de Municipalidades, la alcaldesa de Pe\u00f1alol\u00e9n Carolina Leitao, los jefes comunales participaron de taller dise\u00f1ado por Paz Ciudadana y Tenemos que Hablar de Chile, en el que se busc\u00f3 diagnosticar la situaci\u00f3n de seguridad en sus comunas y plantear soluciones que puedan convertirse en pol\u00edticas p\u00fablicas.<\/p>\n<\/div><\/section><\/div><div  style='height:50px' class='hr hr-invisible   avia-builder-el-6  el_after_av_one_full  el_before_av_social_share '><span class='hr-inner ' ><span class='hr-inner-style'><\/span><\/span><\/div><\/p>\n<div  class='av-social-sharing-box  avia-builder-el-7  el_after_av_hr  el_before_av_hr  '><div class='av-share-box'><h5 class='av-share-link-description av-no-toc '>Compartir esta noticia<\/h5><ul class='av-share-box-list noLightbox'><li class='av-share-link av-social-link-facebook' ><a target=\"_blank\" aria-label=\"Compartir en Facebook\" href='https:\/\/www.facebook.com\/sharer.php?u=https:\/\/radiorevelacionfm.cl\/?p=42610&#038;t=CChC%20convoca%20a%20medio%20centenar%20de%20alcaldes%20para%20abordar%20crisis%20de%20seguridad' aria-hidden='false' data-av_icon='\ue8f3' data-av_iconfont='entypo-fontello' title='' data-avia-related-tooltip='Compartir en Facebook' rel=\"noopener\"><span class='avia_hidden_link_text'>Compartir en Facebook<\/span><\/a><\/li><li class='av-share-link av-social-link-twitter' ><a target=\"_blank\" aria-label=\"Compartir en Twitter\" href='https:\/\/twitter.com\/share?text=CChC%20convoca%20a%20medio%20centenar%20de%20alcaldes%20para%20abordar%20crisis%20de%20seguridad&#038;url=https:\/\/radiorevelacionfm.cl\/?p=42610' aria-hidden='false' data-av_icon='\ue8f1' data-av_iconfont='entypo-fontello' title='' data-avia-related-tooltip='Compartir en Twitter' rel=\"noopener\"><span class='avia_hidden_link_text'>Compartir en Twitter<\/span><\/a><\/li><li class='av-share-link av-social-link-whatsapp' ><a target=\"_blank\" aria-label=\"Compartir en Whatsapp\" href='https:\/\/api.whatsapp.com\/send?text=https:\/\/radiorevelacionfm.cl\/?p=42610' aria-hidden='false' data-av_icon='\uf232' data-av_iconfont='entypo-fontello' title='' data-avia-related-tooltip='Compartir en Whatsapp' rel=\"noopener\"><span class='avia_hidden_link_text'>Compartir en Whatsapp<\/span><\/a><\/li><li class='av-share-link av-social-link-linkedin' ><a target=\"_blank\" aria-label=\"Compartir en LinkedIn\" href='https:\/\/linkedin.com\/shareArticle?mini=true&#038;title=CChC%20convoca%20a%20medio%20centenar%20de%20alcaldes%20para%20abordar%20crisis%20de%20seguridad&#038;url=https:\/\/radiorevelacionfm.cl\/?p=42610' aria-hidden='false' data-av_icon='\ue8fc' data-av_iconfont='entypo-fontello' title='' data-avia-related-tooltip='Compartir en LinkedIn' rel=\"noopener\"><span class='avia_hidden_link_text'>Compartir en LinkedIn<\/span><\/a><\/li><li class='av-share-link av-social-link-mail' ><a  aria-label=\"Compartir por correo\" href='mailto:?subject=CChC%20convoca%20a%20medio%20centenar%20de%20alcaldes%20para%20abordar%20crisis%20de%20seguridad&#038;body=https:\/\/radiorevelacionfm.cl\/?p=42610' aria-hidden='false' data-av_icon='\ue805' data-av_iconfont='entypo-fontello' title='' data-avia-related-tooltip='Compartir por correo'><span class='avia_hidden_link_text'>Compartir por correo<\/span><\/a><\/li><\/ul><\/div><\/div>\n<div  style='height:50px' class='hr hr-invisible   avia-builder-el-8  el_after_av_social_share  el_before_av_comments_list '><span class='hr-inner ' ><span class='hr-inner-style'><\/span><\/span><\/div>\n<div  class='av-buildercomment  av-blog-meta-html-info-disabled av-blog-meta-tag-disabled  '><\/div>\n","protected":false},"excerpt":{"rendered":"","protected":false},"author":1,"featured_media":42611,"comment_status":"open","ping_status":"open","sticky":false,"template":"","format":"standard","meta":{"footnotes":""},"categories":[61],"tags":[],"class_list":["post-42610","post","type-post","status-publish","format-standard","has-post-thumbnail","hentry","category-nacional"],"jetpack_featured_media_url":"https:\/\/radiorevelacionfm.cl\/wp-content\/uploads\/2024\/05\/foto-1-50-1_optimized.jpg","_links":{"self":[{"href":"https:\/\/radiorevelacionfm.cl\/index.php?rest_route=\/wp\/v2\/posts\/42610","targetHints":{"allow":["GET"]}}],"collection":[{"href":"https:\/\/radiorevelacionfm.cl\/index.php?rest_route=\/wp\/v2\/posts"}],"about":[{"href":"https:\/\/radiorevelacionfm.cl\/index.php?rest_route=\/wp\/v2\/types\/post"}],"author":[{"embeddable":true,"href":"https:\/\/radiorevelacionfm.cl\/index.php?rest_route=\/wp\/v2\/users\/1"}],"replies":[{"embeddable":true,"href":"https:\/\/radiorevelacionfm.cl\/index.php?rest_route=%2Fwp%2Fv2%2Fcomments&post=42610"}],"version-history":[{"count":1,"href":"https:\/\/radiorevelacionfm.cl\/index.php?rest_route=\/wp\/v2\/posts\/42610\/revisions"}],"predecessor-version":[{"id":42612,"href":"https:\/\/radiorevelacionfm.cl\/index.php?rest_route=\/wp\/v2\/posts\/42610\/revisions\/42612"}],"wp:featuredmedia":[{"embeddable":true,"href":"https:\/\/radiorevelacionfm.cl\/index.php?rest_route=\/wp\/v2\/media\/42611"}],"wp:attachment":[{"href":"https:\/\/radiorevelacionfm.cl\/index.php?rest_route=%2Fwp%2Fv2%2Fmedia&parent=42610"}],"wp:term":[{"taxonomy":"category","embeddable":true,"href":"https:\/\/radiorevelacionfm.cl\/index.php?rest_route=%2Fwp%2Fv2%2Fcategories&post=42610"},{"taxonomy":"post_tag","embeddable":true,"href":"https:\/\/radiorevelacionfm.cl\/index.php?rest_route=%2Fwp%2Fv2%2Ftags&post=42610"}],"curies":[{"name":"wp","href":"https:\/\/api.w.org\/{rel}","templated":true}]}}