{"id":42601,"date":"2024-05-29T15:09:55","date_gmt":"2024-05-29T18:09:55","guid":{"rendered":"https:\/\/radiorevelacionfm.cl\/?p=42601"},"modified":"2024-05-29T15:09:55","modified_gmt":"2024-05-29T18:09:55","slug":"bienestar-docente-en-coyhaique-prevencion-y-mitigacion-del-sindrome-de-burnout","status":"publish","type":"post","link":"https:\/\/radiorevelacionfm.cl\/?p=42601","title":{"rendered":"Bienestar Docente en Coyhaique: Prevenci\u00f3n y mitigaci\u00f3n del S\u00edndrome de Burnout"},"content":{"rendered":"<div class=\"flex_column av_one_full  flex_column_div av-zero-column-padding first  avia-builder-el-0  el_before_av_one_full  avia-builder-el-first  \" style='border-radius:0px; '><div  class='avia-image-container  av-styling-    avia-builder-el-1  avia-builder-el-no-sibling  avia-align-center '  itemprop=\"image\" itemscope=\"itemscope\" itemtype=\"https:\/\/schema.org\/ImageObject\"  ><div class='avia-image-container-inner'><div class='avia-image-overlay-wrap'><img decoding=\"async\" class='wp-image-42602 avia-img-lazy-loading-not-42602 avia_image' src=\"https:\/\/radiorevelacionfm.cl\/wp-content\/uploads\/2024\/05\/WhatsApp-Image-2024-05-28-at-18.29.12-1-1-1.jpeg\" alt='' title='WhatsApp Image 2024-05-28 at 18.29.12 (1) (1) (1)' height=\"600\" width=\"907\"  itemprop=\"thumbnailUrl\" srcset=\"https:\/\/radiorevelacionfm.cl\/wp-content\/uploads\/2024\/05\/WhatsApp-Image-2024-05-28-at-18.29.12-1-1-1.jpeg 907w, https:\/\/radiorevelacionfm.cl\/wp-content\/uploads\/2024\/05\/WhatsApp-Image-2024-05-28-at-18.29.12-1-1-1-300x198.jpeg 300w, https:\/\/radiorevelacionfm.cl\/wp-content\/uploads\/2024\/05\/WhatsApp-Image-2024-05-28-at-18.29.12-1-1-1-768x508.jpeg 768w, https:\/\/radiorevelacionfm.cl\/wp-content\/uploads\/2024\/05\/WhatsApp-Image-2024-05-28-at-18.29.12-1-1-1-705x466.jpeg 705w, https:\/\/radiorevelacionfm.cl\/wp-content\/uploads\/2024\/05\/WhatsApp-Image-2024-05-28-at-18.29.12-1-1-1-450x298.jpeg 450w, https:\/\/radiorevelacionfm.cl\/wp-content\/uploads\/2024\/05\/WhatsApp-Image-2024-05-28-at-18.29.12-1-1-1-600x397.jpeg 600w\" sizes=\"(max-width: 907px) 100vw, 907px\" \/><\/div><\/div><\/div><\/div><div class=\"flex_column av_one_full  flex_column_div av-zero-column-padding first  avia-builder-el-2  el_after_av_one_full  el_before_av_one_full  column-top-margin\" style='border-radius:0px; '><section class=\"av_textblock_section \"  itemscope=\"itemscope\" itemtype=\"https:\/\/schema.org\/BlogPosting\" itemprop=\"blogPost\" ><div class='avia_textblock  '   itemprop=\"text\" ><p style=\"text-align: center;\"><span style=\"font-size: 18pt;\"><strong>Bienestar Docente en Coyhaique: Prevenci\u00f3n y mitigaci\u00f3n del S\u00edndrome de Burnout<\/strong><\/span><\/p>\n<div id=\"gtx-trans\" style=\"position: absolute; left: -50px; top: 4.31534px;\">\n<div class=\"gtx-trans-icon\"><\/div>\n<\/div>\n<\/div><\/section><\/div><div class=\"flex_column av_one_full  flex_column_div av-zero-column-padding first  avia-builder-el-4  el_after_av_one_full  el_before_av_hr  column-top-margin\" style='border-radius:0px; '><section class=\"av_textblock_section \"  itemscope=\"itemscope\" itemtype=\"https:\/\/schema.org\/BlogPosting\" itemprop=\"blogPost\" ><div class='avia_textblock  '   itemprop=\"text\" ><p style=\"text-align: justify;\">En los \u00faltimos a\u00f1os, ha habido una creciente preocupaci\u00f3n por el bienestar de los\/as docentes, quienes enfrentan una serie de desaf\u00edos en su labor diaria. Uno de los problemas m\u00e1s graves que afecta a los educadores\/as es el S\u00edndrome de Burnout. t\u00e9rmino que fue propuesto por Christina Maslach, quien a mediados de los setenta acu\u00f1\u00f3 el t\u00e9rmino \u201cburnout\u201d para describir las relaciones adversas que se produc\u00edan en el \u00e1mbito laboral.<\/p>\n<p style=\"text-align: justify;\">En el 2019 la Organizaci\u00f3n Mundial de la Salud, tras su ratificaci\u00f3n en la Clasificaci\u00f3n Estad\u00edstica Internacional de Enfermedades (CIE-11), reconoce el s\u00edndrome de burnout como una enfermedad, el cual entr\u00f3 en vigencia el 1 de enero de 2022. Anteriormente solo era considerada un factor de riesgo laboral.<\/p>\n<p style=\"text-align: justify;\"><strong>\u00bfQu\u00e9 es el s\u00edndrome de Burnout?<\/strong><\/p>\n<p style=\"text-align: justify;\">El burnout es un estado de agotamiento f\u00edsico, emocional y mental causado por el estr\u00e9s cr\u00f3nico en el trabajo y se puede manifestar de varias formas. Los\/as docentes que lo padecen suelen sentirse constantemente fatigados\/as y desmotivados\/as, experimentan una p\u00e9rdida de inter\u00e9s en su trabajo y en sus estudiantes, y desarrollan una sensaci\u00f3n de incompetencia profesional. Esta condici\u00f3n no solo afecta la salud de los\/as profesores\/as, sino que tambi\u00e9n puede tener un impacto negativo en la calidad de la educaci\u00f3n que reciben los\/as estudiantes.<\/p>\n<p style=\"text-align: justify;\"><strong>Factores de riesgo<\/strong><\/p>\n<p style=\"text-align: justify;\">Este puede manifestarse desde actitudes y sentimientos negativos hacia las personas con las que se trabaja, as\u00ed como hacia el propio rol profesional. Esto incluye agotamiento emocional, despersonalizaci\u00f3n y baja realizaci\u00f3n personal. Entre los factores de riesgo que se encuentran en los docentes se incluyen problemas de salud f\u00edsica, psicol\u00f3gica y social, dificultades para relajarse, insomnio, mala alimentaci\u00f3n, trastorno de ansiedad, depresi\u00f3n, irritabilidad y disminuci\u00f3n de actividades de ocio. En un nivel organizacional, el Burnout afecta la eficacia profesional, baja motivaci\u00f3n, bajo rendimiento, frustraci\u00f3n, falta de empat\u00eda con los\/as estudiantes y baja satisfacci\u00f3n laboral.<\/p>\n<p style=\"text-align: justify;\"><strong>Factores protectores<\/strong><\/p>\n<p style=\"text-align: justify;\">Diversas investigaciones han analizado el papel de los recursos laborales y personales en la mitigaci\u00f3n del Burnout en los\/as docentes. En el \u00e1mbito laboral, se ha identificado que el apoyo social, el liderazgo participativo, el clima laboral positivo, la formaci\u00f3n del docente y la disponibilidad de materiales y recursos adecuados en el centro educativo son factores protectores. Potenciar estos recursos no solo mejora la satisfacci\u00f3n del\/a docente, sino que tambi\u00e9n reduce el estr\u00e9s y malestar experimentado.<\/p>\n<p style=\"text-align: justify;\"><strong>Buenas pr\u00e1cticas en el ambiente laboral <\/strong><\/p>\n<p style=\"text-align: justify;\">Los colegios pueden desempe\u00f1ar un papel crucial en la prevenci\u00f3n y mitigaci\u00f3n del Burnout entre los\/as docentes. Algunas buenas pr\u00e1cticas incluyen:<\/p>\n<ul style=\"text-align: justify;\">\n<li>Fomentar un ambiente de trabajo donde los\/as docentes se sientan apoyados y valorados, creando espacios para compartir experiencias y recibir apoyo emocional y profesional.<\/li>\n<li>Asegurar que los\/as docentes tengan acceso a los materiales y recursos necesarios para realizar su trabajo de manera efectiva, lo que reduce el estr\u00e9s y mejora la calidad de la ense\u00f1anza.<\/li>\n<li>Proveer oportunidades de formaci\u00f3n continua para que los\/as docentes puedan mejorar sus habilidades y mantenerse actualizados con las mejores pr\u00e1cticas educativas.<\/li>\n<li>Fomentar h\u00e1bitos de vida saludables, como una buena alimentaci\u00f3n, ejercicio regular y t\u00e9cnicas de manejo del estr\u00e9s. Ofrecer talleres y charlas sobre autocuidado puede ser muy beneficioso.<\/li>\n<li>Asegurar que los logros y esfuerzos de los\/as docentes sean reconocidos y valorados a trav\u00e9s de premios, menciones especiales o palabras de agradecimiento.<\/li>\n<\/ul>\n<p style=\"text-align: justify;\"><strong>Asociaci\u00f3n con el Colegio de Profesores\/as de Coyhaique y Universidad de Ays\u00e9n<\/strong><strong>.<\/strong><\/p>\n<p style=\"text-align: justify;\">En este contexto, el Colegio de Profesores comunal Coyhaique y la Universidad de Ays\u00e9n han anunciado una colaboraci\u00f3n innovadora para llevar a cabo una investigaci\u00f3n exhaustiva sobre el s\u00edndrome de burnout en los docentes de la comuna de Coyhaique. Esta iniciativa se enmarca en un esfuerzo conjunto por abordar los desaf\u00edos de salud mental que enfrentan los educadores en la comuna de Coyhaique.<\/p>\n<p style=\"text-align: justify;\">El estudio estar\u00e1 liderado por Yinnia Uribe y Christopher Aliaga, estudiantes de la carrera Psicolog\u00eda de la Universidad de Ays\u00e9n, bajo la supervisi\u00f3n del acad\u00e9mico Miguel \u00c1ngel Rojas especializado en salud mental y educaci\u00f3n. La investigaci\u00f3n buscar\u00e1 identificar los factores desencadenantes del Burnout entre los docentes, evaluar su prevalencia y proponer estrategias efectivas para su prevenci\u00f3n y manejo.<\/p>\n<p style=\"text-align: justify;\">El presidente del Colegio de Profesores de Coyhaique, Harlan Rivas, expres\u00f3 su entusiasmo por esta colaboraci\u00f3n: <em>\u00abLa salud mental de nuestros docentes es una prioridad. Esta investigaci\u00f3n nos permitir\u00e1 comprender mejor las causas del burnout y trabajar en soluciones que beneficien a nuestros educadores y, en consecuencia, a nuestros estudiantes.\u00bb<\/em><\/p>\n<p style=\"text-align: justify;\">Por su parte, El docente tutor de la Universidad de Ays\u00e9n, Miguel \u00c1ngel Rojas, destac\u00f3 la importancia de este tipo de iniciativas para la formaci\u00f3n de los estudiantes: <em>\u00abNuestros futuros psic\u00f3logos (a) tendr\u00e1n la oportunidad de aplicar sus conocimientos en un contexto real, contribuyendo al bienestar de la comunidad educativa de Coyhaique.\u00bb<\/em><\/p>\n<p style=\"text-align: justify;\">El proyecto de investigaci\u00f3n se realizar\u00e1 en el mes de junio y se espera que los primeros resultados est\u00e9n disponibles a finales de julio. La colaboraci\u00f3n tambi\u00e9n incluir\u00e1 talleres y capacitaciones para docentes, enfocados en t\u00e9cnicas de manejo del estr\u00e9s y promoci\u00f3n de la salud mental.<\/p>\n<p style=\"text-align: justify;\">El s\u00edndrome de Burnout es un desaf\u00edo significativo para los\/as docentes, pero con las estrategias adecuadas, es posible prevenirlo y manejarlo eficazmente. Al fomentar un ambiente laboral positivo y apoyar a los\/as educadores, los colegios pueden ayudar a garantizar que los docentes se sientan satisfechos\/as y comprometidos con su trabajo, beneficiando as\u00ed a toda la comunidad educativa.<\/p>\n<\/div><\/section><\/div><div  style='height:50px' class='hr hr-invisible   avia-builder-el-6  el_after_av_one_full  el_before_av_social_share '><span class='hr-inner ' ><span class='hr-inner-style'><\/span><\/span><\/div><\/p>\n<div  class='av-social-sharing-box  avia-builder-el-7  el_after_av_hr  el_before_av_hr  '><div class='av-share-box'><h5 class='av-share-link-description av-no-toc '>Compartir esta noticia<\/h5><ul class='av-share-box-list noLightbox'><li class='av-share-link av-social-link-facebook' ><a target=\"_blank\" aria-label=\"Compartir en Facebook\" href='https:\/\/www.facebook.com\/sharer.php?u=https:\/\/radiorevelacionfm.cl\/?p=42601&#038;t=Bienestar%20Docente%20en%20Coyhaique%3A%20Prevenci%C3%B3n%20y%20mitigaci%C3%B3n%20del%20S%C3%ADndrome%20de%20Burnout' aria-hidden='false' data-av_icon='\ue8f3' data-av_iconfont='entypo-fontello' title='' data-avia-related-tooltip='Compartir en Facebook' rel=\"noopener\"><span class='avia_hidden_link_text'>Compartir en Facebook<\/span><\/a><\/li><li class='av-share-link av-social-link-twitter' ><a target=\"_blank\" aria-label=\"Compartir en Twitter\" href='https:\/\/twitter.com\/share?text=Bienestar%20Docente%20en%20Coyhaique%3A%20Prevenci%C3%B3n%20y%20mitigaci%C3%B3n%20del%20S%C3%ADndrome%20de%20Burnout&#038;url=https:\/\/radiorevelacionfm.cl\/?p=42601' aria-hidden='false' data-av_icon='\ue8f1' data-av_iconfont='entypo-fontello' title='' data-avia-related-tooltip='Compartir en Twitter' rel=\"noopener\"><span class='avia_hidden_link_text'>Compartir en Twitter<\/span><\/a><\/li><li class='av-share-link av-social-link-whatsapp' ><a target=\"_blank\" aria-label=\"Compartir en Whatsapp\" href='https:\/\/api.whatsapp.com\/send?text=https:\/\/radiorevelacionfm.cl\/?p=42601' aria-hidden='false' data-av_icon='\uf232' data-av_iconfont='entypo-fontello' title='' data-avia-related-tooltip='Compartir en Whatsapp' rel=\"noopener\"><span class='avia_hidden_link_text'>Compartir en Whatsapp<\/span><\/a><\/li><li class='av-share-link av-social-link-linkedin' ><a target=\"_blank\" aria-label=\"Compartir en LinkedIn\" href='https:\/\/linkedin.com\/shareArticle?mini=true&#038;title=Bienestar%20Docente%20en%20Coyhaique%3A%20Prevenci%C3%B3n%20y%20mitigaci%C3%B3n%20del%20S%C3%ADndrome%20de%20Burnout&#038;url=https:\/\/radiorevelacionfm.cl\/?p=42601' aria-hidden='false' data-av_icon='\ue8fc' data-av_iconfont='entypo-fontello' title='' data-avia-related-tooltip='Compartir en LinkedIn' rel=\"noopener\"><span class='avia_hidden_link_text'>Compartir en LinkedIn<\/span><\/a><\/li><li class='av-share-link av-social-link-mail' ><a  aria-label=\"Compartir por correo\" href='mailto:?subject=Bienestar%20Docente%20en%20Coyhaique%3A%20Prevenci%C3%B3n%20y%20mitigaci%C3%B3n%20del%20S%C3%ADndrome%20de%20Burnout&#038;body=https:\/\/radiorevelacionfm.cl\/?p=42601' aria-hidden='false' data-av_icon='\ue805' data-av_iconfont='entypo-fontello' title='' data-avia-related-tooltip='Compartir por correo'><span class='avia_hidden_link_text'>Compartir por correo<\/span><\/a><\/li><\/ul><\/div><\/div>\n<div  style='height:50px' class='hr hr-invisible   avia-builder-el-8  el_after_av_social_share  el_before_av_comments_list '><span class='hr-inner ' ><span class='hr-inner-style'><\/span><\/span><\/div>\n<div  class='av-buildercomment  av-blog-meta-html-info-disabled av-blog-meta-tag-disabled  '><\/div>\n","protected":false},"excerpt":{"rendered":"","protected":false},"author":1,"featured_media":42602,"comment_status":"open","ping_status":"open","sticky":false,"template":"","format":"standard","meta":{"footnotes":""},"categories":[49],"tags":[],"class_list":["post-42601","post","type-post","status-publish","format-standard","has-post-thumbnail","hentry","category-educacion"],"jetpack_featured_media_url":"https:\/\/radiorevelacionfm.cl\/wp-content\/uploads\/2024\/05\/WhatsApp-Image-2024-05-28-at-18.29.12-1-1-1.jpeg","_links":{"self":[{"href":"https:\/\/radiorevelacionfm.cl\/index.php?rest_route=\/wp\/v2\/posts\/42601","targetHints":{"allow":["GET"]}}],"collection":[{"href":"https:\/\/radiorevelacionfm.cl\/index.php?rest_route=\/wp\/v2\/posts"}],"about":[{"href":"https:\/\/radiorevelacionfm.cl\/index.php?rest_route=\/wp\/v2\/types\/post"}],"author":[{"embeddable":true,"href":"https:\/\/radiorevelacionfm.cl\/index.php?rest_route=\/wp\/v2\/users\/1"}],"replies":[{"embeddable":true,"href":"https:\/\/radiorevelacionfm.cl\/index.php?rest_route=%2Fwp%2Fv2%2Fcomments&post=42601"}],"version-history":[{"count":1,"href":"https:\/\/radiorevelacionfm.cl\/index.php?rest_route=\/wp\/v2\/posts\/42601\/revisions"}],"predecessor-version":[{"id":42603,"href":"https:\/\/radiorevelacionfm.cl\/index.php?rest_route=\/wp\/v2\/posts\/42601\/revisions\/42603"}],"wp:featuredmedia":[{"embeddable":true,"href":"https:\/\/radiorevelacionfm.cl\/index.php?rest_route=\/wp\/v2\/media\/42602"}],"wp:attachment":[{"href":"https:\/\/radiorevelacionfm.cl\/index.php?rest_route=%2Fwp%2Fv2%2Fmedia&parent=42601"}],"wp:term":[{"taxonomy":"category","embeddable":true,"href":"https:\/\/radiorevelacionfm.cl\/index.php?rest_route=%2Fwp%2Fv2%2Fcategories&post=42601"},{"taxonomy":"post_tag","embeddable":true,"href":"https:\/\/radiorevelacionfm.cl\/index.php?rest_route=%2Fwp%2Fv2%2Ftags&post=42601"}],"curies":[{"name":"wp","href":"https:\/\/api.w.org\/{rel}","templated":true}]}}