{"id":42598,"date":"2024-05-29T00:09:52","date_gmt":"2024-05-29T03:09:52","guid":{"rendered":"https:\/\/radiorevelacionfm.cl\/?p=42598"},"modified":"2024-05-29T00:09:53","modified_gmt":"2024-05-29T03:09:53","slug":"en-el-marco-de-la-ley-karin-el-31-de-mayo-se-publicara-circular-definitiva-que-entrega-medidas-preventivas","status":"publish","type":"post","link":"https:\/\/radiorevelacionfm.cl\/?p=42598","title":{"rendered":"En el marco de la \u201cLey Karin\u201d: el 31 de mayo se publicar\u00e1 circular definitiva que entrega medidas preventivas"},"content":{"rendered":"<div class=\"flex_column av_one_full  flex_column_div av-zero-column-padding first  avia-builder-el-0  el_before_av_one_full  avia-builder-el-first  \" style='border-radius:0px; '><div  class='avia-image-container  av-styling-    avia-builder-el-1  avia-builder-el-no-sibling  avia-align-center '  itemprop=\"image\" itemscope=\"itemscope\" itemtype=\"https:\/\/schema.org\/ImageObject\"  ><div class='avia-image-container-inner'><div class='avia-image-overlay-wrap'><img decoding=\"async\" class='wp-image-42599 avia-img-lazy-loading-not-42599 avia_image' src=\"https:\/\/radiorevelacionfm.cl\/wp-content\/uploads\/2024\/05\/fotos-seremis-1_optimized.jpg\" alt='' title='fotos-seremis-(1)_optimized' height=\"600\" width=\"871\"  itemprop=\"thumbnailUrl\" srcset=\"https:\/\/radiorevelacionfm.cl\/wp-content\/uploads\/2024\/05\/fotos-seremis-1_optimized.jpg 871w, https:\/\/radiorevelacionfm.cl\/wp-content\/uploads\/2024\/05\/fotos-seremis-1_optimized-300x207.jpg 300w, https:\/\/radiorevelacionfm.cl\/wp-content\/uploads\/2024\/05\/fotos-seremis-1_optimized-768x529.jpg 768w, https:\/\/radiorevelacionfm.cl\/wp-content\/uploads\/2024\/05\/fotos-seremis-1_optimized-705x486.jpg 705w, https:\/\/radiorevelacionfm.cl\/wp-content\/uploads\/2024\/05\/fotos-seremis-1_optimized-450x310.jpg 450w, https:\/\/radiorevelacionfm.cl\/wp-content\/uploads\/2024\/05\/fotos-seremis-1_optimized-600x413.jpg 600w\" sizes=\"(max-width: 871px) 100vw, 871px\" \/><\/div><\/div><\/div><\/div><div class=\"flex_column av_one_full  flex_column_div av-zero-column-padding first  avia-builder-el-2  el_after_av_one_full  el_before_av_one_full  column-top-margin\" style='border-radius:0px; '><section class=\"av_textblock_section \"  itemscope=\"itemscope\" itemtype=\"https:\/\/schema.org\/BlogPosting\" itemprop=\"blogPost\" ><div class='avia_textblock  '   itemprop=\"text\" ><p style=\"text-align: center;\"><strong><span style=\"font-size: 18pt;\">En el marco de la \u201cLey Karin\u201d: el 31 de mayo se publicar\u00e1 circular definitiva que entrega medidas preventivas<\/span><\/strong><\/p>\n<div id=\"gtx-trans\" style=\"position: absolute; left: -50px; top: 4.31534px;\">\n<div class=\"gtx-trans-icon\"><\/div>\n<\/div>\n<\/div><\/section><\/div><div class=\"flex_column av_one_full  flex_column_div av-zero-column-padding first  avia-builder-el-4  el_after_av_one_full  el_before_av_hr  column-top-margin\" style='border-radius:0px; '><section class=\"av_textblock_section \"  itemscope=\"itemscope\" itemtype=\"https:\/\/schema.org\/BlogPosting\" itemprop=\"blogPost\" ><div class='avia_textblock  '   itemprop=\"text\" ><p style=\"text-align: justify;\">La norma, que comienza a regir el 1 de agosto de 2024, contempla la publicaci\u00f3n de la circular que entrega instrucciones a las mutualidades de empleadores e ISL sobre las medidas de prevenci\u00f3n sobre el acoso sexual, laboral y violencia en el trabajo.<\/p>\n<p style=\"text-align: justify;\">La Superintendencia de Seguridad Social (Suseso) public\u00f3 este mes la propuesta de circular que imparte instrucciones a los organismos administradores del seguro de accidentes del trabajo y enfermedades profesionales (ACHS, MUSEG, IST e ISL), sobre la asistencia t\u00e9cnica que deber\u00e1n entregar a las empresas e instituciones p\u00fablicas, para la elaboraci\u00f3n e implementaci\u00f3n del Protocolo de Prevenci\u00f3n del acoso laboral, sexual o\/y violencia en el trabajo, que contempla la Ley N\u00b0 21.643, m\u00e1s conocida como Ley Karin.<\/p>\n<p style=\"text-align: justify;\">\u201cNos interesa que se sepa que, de acuerdo con la Ley Karin, que entrar\u00e1 en vigencia el 1 de agosto, los empleadores deber\u00e1n contar con un Protocolo de Prevenci\u00f3n del acoso laboral, sexual y la violencia en el trabajo. En este sentido, la circular de la Suseso en consulta, entrega un modelo de este protocolo con los elementos m\u00ednimos que deber\u00eda contener, las definiciones legales de acoso sexual, laboral y violencia en el trabajo, y se\u00f1ala algunos ejemplos de las conductas que podr\u00edan constituir acoso o violencia, indicando que siempre debe considerarse el contexto y cada caso particular. En la propuesta presentada por la Suseso, se contemplan las acciones a considerar por parte de los empleadores para prevenir la ocurrencia de estos hechos. Por ejemplo, identificar los peligros y evaluar los riesgos psicosociales asociados con el acoso sexual, laboral y violencia en el trabajo, con perspectiva de g\u00e9nero y capacitar a las personas trabajadoras sobre los riesgos identificados\u201d, se\u00f1al\u00f3 Rodrigo D\u00edaz Cordaro, seremi del Trabajo y Previsi\u00f3n Social de Ays\u00e9n.<\/p>\n<p style=\"text-align: justify;\">Tras el cierre de la consulta p\u00fablica, que se realiz\u00f3 entre el 14 y el 26 de mayo en el sitio web\u00a0<a href=\"http:\/\/www.suseso.cl\/\">www.suseso.cl<\/a>\u00a0, este viernes 31 de mayo se publicar\u00e1 la circular definitiva. Asimismo, el Ministerio del Trabajo y Previsi\u00f3n Social se encuentra trabajando en el reglamento de la Ley que ser\u00e1 enviado pr\u00f3ximamente a la Contralor\u00eda General de la Rep\u00fablica.<\/p>\n<p style=\"text-align: justify;\">\u201cComo Gobierno del presidente Gabriel Boric, nos interesa la participaci\u00f3n ciudadana de todas y todos los ciudadanos y lo que se ha hecho a trav\u00e9s de esta consulta p\u00fablica de la Suseso, donde pudieron participar todas las personas y entidades interesadas, tiene un foco preventivo con el objetivo de que en los lugares de trabajo exista control de los riesgos asociados a las conductas de acoso sexual, laboral y violencia en el trabajo, entregando las directrices necesarias para erradicar dichos comportamientos de la cultura organizacional de cualquier empresa\u201d, indic\u00f3 Tom\u00e1s Laibe S\u00e1ez, seremi (s) de Gobierno de Ays\u00e9n.<\/p>\n<p style=\"text-align: justify;\">Cabe se\u00f1alar, que en la propuesta presentada por la Suseso se contemplan las acciones a considerar por parte de los empleadores para prevenir la ocurrencia de estos hechos, algunas de estas son:<\/p>\n<ul style=\"text-align: justify;\">\n<li>Identificar los peligros y evaluar los riesgos psicosociales asociados con el acoso sexual, laboral y violencia en el trabajo, con perspectiva de g\u00e9nero.<\/li>\n<li>Medir para prevenir y gestionar tales riesgos, con objetivos medibles, para controlar la eficacia de dichas medidas y velar por su mejoramiento y correcci\u00f3n continua.<\/li>\n<li>Capacitar a las personas trabajadoras sobre los riesgos identificados y evaluados, as\u00ed como las medidas de prevenci\u00f3n y protecci\u00f3n que deban adoptarse, con inclusi\u00f3n de los derechos y responsabilidades de las personas trabajadoras y los de la empresa.<\/li>\n<li>Contar con medidas de resguardo de la privacidad y la honra de todos los involucrados en los procedimientos de investigaci\u00f3n de acoso sexual o laboral, y las medidas frente a denuncias inconsistentes en estas materias.<\/li>\n<\/ul>\n<p style=\"text-align: justify;\">Finalmente, el documento indica que las empresas deben informar a las y los trabajadores los canales de denuncias en caso de incumplimiento relativos a la prevenci\u00f3n, investigaci\u00f3n y sanci\u00f3n del acoso laboral, sexual o violencia en el trabajo y cualquier otro incumplimiento de la normativa laboral y proporcionar a la persona afectada por un evento de acoso o violencia en el trabajo, atenci\u00f3n psicol\u00f3gica temprana. Para ambas acciones las empresas podr\u00e1n contar con la asesor\u00eda y apoyo de su respectiva mutualidad (ACHS, IST, MUSEG) o ISL.<\/p>\n<\/div><\/section><\/div><div  style='height:50px' class='hr hr-invisible   avia-builder-el-6  el_after_av_one_full  el_before_av_social_share '><span class='hr-inner ' ><span class='hr-inner-style'><\/span><\/span><\/div><\/p>\n<div  class='av-social-sharing-box  avia-builder-el-7  el_after_av_hr  el_before_av_hr  '><div class='av-share-box'><h5 class='av-share-link-description av-no-toc '>Compartir esta noticia<\/h5><ul class='av-share-box-list noLightbox'><li class='av-share-link av-social-link-facebook' ><a target=\"_blank\" aria-label=\"Compartir en Facebook\" href='https:\/\/www.facebook.com\/sharer.php?u=https:\/\/radiorevelacionfm.cl\/?p=42598&#038;t=En%20el%20marco%20de%20la%20%E2%80%9CLey%20Karin%E2%80%9D%3A%20el%2031%20de%20mayo%20se%20publicar%C3%A1%20circular%20definitiva%20que%20entrega%20medidas%20preventivas' aria-hidden='false' data-av_icon='\ue8f3' data-av_iconfont='entypo-fontello' title='' data-avia-related-tooltip='Compartir en Facebook' rel=\"noopener\"><span class='avia_hidden_link_text'>Compartir en Facebook<\/span><\/a><\/li><li class='av-share-link av-social-link-twitter' ><a target=\"_blank\" aria-label=\"Compartir en Twitter\" href='https:\/\/twitter.com\/share?text=En%20el%20marco%20de%20la%20%E2%80%9CLey%20Karin%E2%80%9D%3A%20el%2031%20de%20mayo%20se%20publicar%C3%A1%20circular%20definitiva%20que%20entrega%20medidas%20preventivas&#038;url=https:\/\/radiorevelacionfm.cl\/?p=42598' aria-hidden='false' data-av_icon='\ue8f1' data-av_iconfont='entypo-fontello' title='' data-avia-related-tooltip='Compartir en Twitter' rel=\"noopener\"><span class='avia_hidden_link_text'>Compartir en Twitter<\/span><\/a><\/li><li class='av-share-link av-social-link-whatsapp' ><a target=\"_blank\" aria-label=\"Compartir en Whatsapp\" href='https:\/\/api.whatsapp.com\/send?text=https:\/\/radiorevelacionfm.cl\/?p=42598' aria-hidden='false' data-av_icon='\uf232' data-av_iconfont='entypo-fontello' title='' data-avia-related-tooltip='Compartir en Whatsapp' rel=\"noopener\"><span class='avia_hidden_link_text'>Compartir en Whatsapp<\/span><\/a><\/li><li class='av-share-link av-social-link-linkedin' ><a target=\"_blank\" aria-label=\"Compartir en LinkedIn\" href='https:\/\/linkedin.com\/shareArticle?mini=true&#038;title=En%20el%20marco%20de%20la%20%E2%80%9CLey%20Karin%E2%80%9D%3A%20el%2031%20de%20mayo%20se%20publicar%C3%A1%20circular%20definitiva%20que%20entrega%20medidas%20preventivas&#038;url=https:\/\/radiorevelacionfm.cl\/?p=42598' aria-hidden='false' data-av_icon='\ue8fc' data-av_iconfont='entypo-fontello' title='' data-avia-related-tooltip='Compartir en LinkedIn' rel=\"noopener\"><span class='avia_hidden_link_text'>Compartir en LinkedIn<\/span><\/a><\/li><li class='av-share-link av-social-link-mail' ><a  aria-label=\"Compartir por correo\" href='mailto:?subject=En%20el%20marco%20de%20la%20%E2%80%9CLey%20Karin%E2%80%9D%3A%20el%2031%20de%20mayo%20se%20publicar%C3%A1%20circular%20definitiva%20que%20entrega%20medidas%20preventivas&#038;body=https:\/\/radiorevelacionfm.cl\/?p=42598' aria-hidden='false' data-av_icon='\ue805' data-av_iconfont='entypo-fontello' title='' data-avia-related-tooltip='Compartir por correo'><span class='avia_hidden_link_text'>Compartir por correo<\/span><\/a><\/li><\/ul><\/div><\/div>\n<div  style='height:50px' class='hr hr-invisible   avia-builder-el-8  el_after_av_social_share  el_before_av_comments_list '><span class='hr-inner ' ><span class='hr-inner-style'><\/span><\/span><\/div>\n<div  class='av-buildercomment  av-blog-meta-html-info-disabled av-blog-meta-tag-disabled  '><\/div>\n","protected":false},"excerpt":{"rendered":"","protected":false},"author":1,"featured_media":42599,"comment_status":"open","ping_status":"open","sticky":false,"template":"","format":"standard","meta":{"footnotes":""},"categories":[56],"tags":[],"class_list":["post-42598","post","type-post","status-publish","format-standard","has-post-thumbnail","hentry","category-trabajo"],"jetpack_featured_media_url":"https:\/\/radiorevelacionfm.cl\/wp-content\/uploads\/2024\/05\/fotos-seremis-1_optimized.jpg","_links":{"self":[{"href":"https:\/\/radiorevelacionfm.cl\/index.php?rest_route=\/wp\/v2\/posts\/42598","targetHints":{"allow":["GET"]}}],"collection":[{"href":"https:\/\/radiorevelacionfm.cl\/index.php?rest_route=\/wp\/v2\/posts"}],"about":[{"href":"https:\/\/radiorevelacionfm.cl\/index.php?rest_route=\/wp\/v2\/types\/post"}],"author":[{"embeddable":true,"href":"https:\/\/radiorevelacionfm.cl\/index.php?rest_route=\/wp\/v2\/users\/1"}],"replies":[{"embeddable":true,"href":"https:\/\/radiorevelacionfm.cl\/index.php?rest_route=%2Fwp%2Fv2%2Fcomments&post=42598"}],"version-history":[{"count":1,"href":"https:\/\/radiorevelacionfm.cl\/index.php?rest_route=\/wp\/v2\/posts\/42598\/revisions"}],"predecessor-version":[{"id":42600,"href":"https:\/\/radiorevelacionfm.cl\/index.php?rest_route=\/wp\/v2\/posts\/42598\/revisions\/42600"}],"wp:featuredmedia":[{"embeddable":true,"href":"https:\/\/radiorevelacionfm.cl\/index.php?rest_route=\/wp\/v2\/media\/42599"}],"wp:attachment":[{"href":"https:\/\/radiorevelacionfm.cl\/index.php?rest_route=%2Fwp%2Fv2%2Fmedia&parent=42598"}],"wp:term":[{"taxonomy":"category","embeddable":true,"href":"https:\/\/radiorevelacionfm.cl\/index.php?rest_route=%2Fwp%2Fv2%2Fcategories&post=42598"},{"taxonomy":"post_tag","embeddable":true,"href":"https:\/\/radiorevelacionfm.cl\/index.php?rest_route=%2Fwp%2Fv2%2Ftags&post=42598"}],"curies":[{"name":"wp","href":"https:\/\/api.w.org\/{rel}","templated":true}]}}