{"id":42593,"date":"2024-05-28T22:57:33","date_gmt":"2024-05-29T01:57:33","guid":{"rendered":"https:\/\/radiorevelacionfm.cl\/?p=42593"},"modified":"2024-05-28T22:57:33","modified_gmt":"2024-05-29T01:57:33","slug":"un-recorrido-por-la-historia-aysenina-exitosa-ruta-guiada-corona-el-dia-de-los-patrimonios-en-puerto-aysen","status":"publish","type":"post","link":"https:\/\/radiorevelacionfm.cl\/?p=42593","title":{"rendered":"Un recorrido por la historia aysenina: exitosa ruta guiada corona el d\u00eda de los patrimonios en Puerto Ays\u00e9n"},"content":{"rendered":"<div class=\"flex_column av_one_full  flex_column_div av-zero-column-padding first  avia-builder-el-0  el_before_av_one_full  avia-builder-el-first  \" style='border-radius:0px; '><div  class='avia-image-container  av-styling-    avia-builder-el-1  avia-builder-el-no-sibling  avia-align-center '  itemprop=\"image\" itemscope=\"itemscope\" itemtype=\"https:\/\/schema.org\/ImageObject\"  ><div class='avia-image-container-inner'><div class='avia-image-overlay-wrap'><img decoding=\"async\" class='wp-image-42594 avia-img-lazy-loading-not-42594 avia_image' src=\"https:\/\/radiorevelacionfm.cl\/wp-content\/uploads\/2024\/05\/20240525_163136-1_optimized-1.jpg\" alt='' title='20240525_163136-(1)_optimized (1)' height=\"600\" width=\"800\"  itemprop=\"thumbnailUrl\" srcset=\"https:\/\/radiorevelacionfm.cl\/wp-content\/uploads\/2024\/05\/20240525_163136-1_optimized-1.jpg 800w, https:\/\/radiorevelacionfm.cl\/wp-content\/uploads\/2024\/05\/20240525_163136-1_optimized-1-300x225.jpg 300w, https:\/\/radiorevelacionfm.cl\/wp-content\/uploads\/2024\/05\/20240525_163136-1_optimized-1-768x576.jpg 768w, https:\/\/radiorevelacionfm.cl\/wp-content\/uploads\/2024\/05\/20240525_163136-1_optimized-1-705x529.jpg 705w, https:\/\/radiorevelacionfm.cl\/wp-content\/uploads\/2024\/05\/20240525_163136-1_optimized-1-450x338.jpg 450w, https:\/\/radiorevelacionfm.cl\/wp-content\/uploads\/2024\/05\/20240525_163136-1_optimized-1-600x450.jpg 600w\" sizes=\"(max-width: 800px) 100vw, 800px\" \/><\/div><\/div><\/div><\/div><div class=\"flex_column av_one_full  flex_column_div av-zero-column-padding first  avia-builder-el-2  el_after_av_one_full  el_before_av_one_full  column-top-margin\" style='border-radius:0px; '><section class=\"av_textblock_section \"  itemscope=\"itemscope\" itemtype=\"https:\/\/schema.org\/BlogPosting\" itemprop=\"blogPost\" ><div class='avia_textblock  '   itemprop=\"text\" ><p style=\"text-align: center;\"><strong><span style=\"font-size: 18pt;\">Un recorrido por la historia aysenina: exitosa ruta guiada corona el d\u00eda de los patrimonios en Puerto Ays\u00e9n<\/span><\/strong><\/p>\n<div id=\"gtx-trans\" style=\"position: absolute; left: -50px; top: 4.31534px;\">\n<div class=\"gtx-trans-icon\"><\/div>\n<\/div>\n<\/div><\/section><\/div><div class=\"flex_column av_one_full  flex_column_div av-zero-column-padding first  avia-builder-el-4  el_after_av_one_full  el_before_av_hr  column-top-margin\" style='border-radius:0px; '><section class=\"av_textblock_section \"  itemscope=\"itemscope\" itemtype=\"https:\/\/schema.org\/BlogPosting\" itemprop=\"blogPost\" ><div class='avia_textblock  '   itemprop=\"text\" ><p style=\"text-align: justify;\"><em>La Unidad de Cultura, a trav\u00e9s de su oficina de Patrimonio Hist\u00f3rico festej\u00f3 el d\u00eda de los Patrimonios durante todo el mes de mayo. Se realizaron charlas en colegios, conversatorios con mateadas y un recorrido por el casco hist\u00f3rico de la ciudad, reconociendo los lugares y edificaciones que son los vestigios del puerto cuando era capital de la regi\u00f3n.<\/em><\/p>\n<p style=\"text-align: justify;\">El recorrido impartido por la encargada de Patrimonio Mar\u00eda Cristina Alvarado, comenz\u00f3 en la biblioteca, con una presentaci\u00f3n del grupo Aires de la Patagonia, para mostrar la cultura hist\u00f3rica con bailes t\u00edpicos de la zona.<\/p>\n<p style=\"text-align: justify;\">Despu\u00e9s el grupo se dirigi\u00f3 a la antigua oficina de \u201cTierras y Colonizaci\u00f3n\u201d, edificio que utiliza actualmente Carabineros de Chile y que fue declarado monumento nacional en 2009 por su antig\u00fcedad e importancia, ya que su construcci\u00f3n data del a\u00f1o 1930.<\/p>\n<p style=\"text-align: justify;\">Luego, el recorrido sigui\u00f3 por las calles Sargento Aldea, Almirante Simpson y Chacabuco, donde se rememor\u00f3 el tiempo en que la ciudad gozaba de su dote de puerto y era frecuente el embarque y desembarque de pasajeros.<\/p>\n<p style=\"text-align: justify;\">El fin de la ruta se realiz\u00f3 dando la vuelta por la calle Teniente Merino, la que alguna vez fue la avenida principal de Puerto Ays\u00e9n con el nombre Chile-Argentina. Los paseantes aprovecharon de pasar por el muelle de La Balsa, la Gobernaci\u00f3n Mar\u00edtima y el 2do cuartel de Carabineros, donde representantes de las fuerzas armadas mostraron el lugar e indicaron la historia patrimonial que tienen sus dependencias.<\/p>\n<p style=\"text-align: justify;\">La encargada de Patrimonio indic\u00f3 sobre este viaje que, \u201cfue muy provechoso, adem\u00e1s de muy din\u00e1mico, porque los vecinos iban consultando, preguntando con mucho inter\u00e9s. Pero adem\u00e1s, hubo aporte porque muchos de ellos guardaban ciertas vivencias, recuerdos, como fue el caso de la antigua bencinera que funcionaba en la plazuela Teniente Merino y en nuestro grupo que iba en la caminata estaba la hija de una de los personajes que recordamos que siempre estaba en esa encimera y era don Vicente Mu\u00f1oz, as\u00ed que ella nos cont\u00f3 an\u00e9cdotas del pap\u00e1\u201d.<\/p>\n<p style=\"text-align: justify;\">Marcela Cort\u00e9s, una de las participantes del recorrido coment\u00f3 que, \u201ces la primera vez que estoy en un recorrido patrimonial en Ays\u00e9n espec\u00edficamente y hasta ahora ha sido s\u00faper interesante, entretenido y llamativo poder conocer la historia que tiene\u201d.<\/p>\n<p style=\"text-align: justify;\">\u201cCreo firmemente en que al dar a conocer, podemos proteger. Entonces, qu\u00e9 bonito es poder hacer actividades para la comunidad en donde somos beneficiados nosotros, que cada vez que podemos aprender o conocer algo tambi\u00e9n estamos haciendo el llamado para poder proteger lo que tenemos, porque es nuestro patrimonio, algo que est\u00e1 quedando, algo que permanece en el tiempo\u201d, finaliz\u00f3.<\/p>\n<\/div><\/section><\/div><div  style='height:50px' class='hr hr-invisible   avia-builder-el-6  el_after_av_one_full  el_before_av_social_share '><span class='hr-inner ' ><span class='hr-inner-style'><\/span><\/span><\/div><\/p>\n<div  class='av-social-sharing-box  avia-builder-el-7  el_after_av_hr  el_before_av_hr  '><div class='av-share-box'><h5 class='av-share-link-description av-no-toc '>Compartir esta noticia<\/h5><ul class='av-share-box-list noLightbox'><li class='av-share-link av-social-link-facebook' ><a target=\"_blank\" aria-label=\"Compartir en Facebook\" href='https:\/\/www.facebook.com\/sharer.php?u=https:\/\/radiorevelacionfm.cl\/?p=42593&#038;t=Un%20recorrido%20por%20la%20historia%20aysenina%3A%20exitosa%20ruta%20guiada%20corona%20el%20d%C3%ADa%20de%20los%20patrimonios%20en%20Puerto%20Ays%C3%A9n' aria-hidden='false' data-av_icon='\ue8f3' data-av_iconfont='entypo-fontello' title='' data-avia-related-tooltip='Compartir en Facebook' rel=\"noopener\"><span class='avia_hidden_link_text'>Compartir en Facebook<\/span><\/a><\/li><li class='av-share-link av-social-link-twitter' ><a target=\"_blank\" aria-label=\"Compartir en Twitter\" href='https:\/\/twitter.com\/share?text=Un%20recorrido%20por%20la%20historia%20aysenina%3A%20exitosa%20ruta%20guiada%20corona%20el%20d%C3%ADa%20de%20los%20patrimonios%20en%20Puerto%20Ays%C3%A9n&#038;url=https:\/\/radiorevelacionfm.cl\/?p=42593' aria-hidden='false' data-av_icon='\ue8f1' data-av_iconfont='entypo-fontello' title='' data-avia-related-tooltip='Compartir en Twitter' rel=\"noopener\"><span class='avia_hidden_link_text'>Compartir en Twitter<\/span><\/a><\/li><li class='av-share-link av-social-link-whatsapp' ><a target=\"_blank\" aria-label=\"Compartir en Whatsapp\" href='https:\/\/api.whatsapp.com\/send?text=https:\/\/radiorevelacionfm.cl\/?p=42593' aria-hidden='false' data-av_icon='\uf232' data-av_iconfont='entypo-fontello' title='' data-avia-related-tooltip='Compartir en Whatsapp' rel=\"noopener\"><span class='avia_hidden_link_text'>Compartir en Whatsapp<\/span><\/a><\/li><li class='av-share-link av-social-link-linkedin' ><a target=\"_blank\" aria-label=\"Compartir en LinkedIn\" href='https:\/\/linkedin.com\/shareArticle?mini=true&#038;title=Un%20recorrido%20por%20la%20historia%20aysenina%3A%20exitosa%20ruta%20guiada%20corona%20el%20d%C3%ADa%20de%20los%20patrimonios%20en%20Puerto%20Ays%C3%A9n&#038;url=https:\/\/radiorevelacionfm.cl\/?p=42593' aria-hidden='false' data-av_icon='\ue8fc' data-av_iconfont='entypo-fontello' title='' data-avia-related-tooltip='Compartir en LinkedIn' rel=\"noopener\"><span class='avia_hidden_link_text'>Compartir en LinkedIn<\/span><\/a><\/li><li class='av-share-link av-social-link-mail' ><a  aria-label=\"Compartir por correo\" href='mailto:?subject=Un%20recorrido%20por%20la%20historia%20aysenina%3A%20exitosa%20ruta%20guiada%20corona%20el%20d%C3%ADa%20de%20los%20patrimonios%20en%20Puerto%20Ays%C3%A9n&#038;body=https:\/\/radiorevelacionfm.cl\/?p=42593' aria-hidden='false' data-av_icon='\ue805' data-av_iconfont='entypo-fontello' title='' data-avia-related-tooltip='Compartir por correo'><span class='avia_hidden_link_text'>Compartir por correo<\/span><\/a><\/li><\/ul><\/div><\/div>\n<div  style='height:50px' class='hr hr-invisible   avia-builder-el-8  el_after_av_social_share  el_before_av_comments_list '><span class='hr-inner ' ><span class='hr-inner-style'><\/span><\/span><\/div>\n<div  class='av-buildercomment  av-blog-meta-html-info-disabled av-blog-meta-tag-disabled  '><\/div>\n","protected":false},"excerpt":{"rendered":"","protected":false},"author":1,"featured_media":42594,"comment_status":"open","ping_status":"open","sticky":false,"template":"","format":"standard","meta":{"footnotes":""},"categories":[38],"tags":[],"class_list":["post-42593","post","type-post","status-publish","format-standard","has-post-thumbnail","hentry","category-regional"],"jetpack_featured_media_url":"https:\/\/radiorevelacionfm.cl\/wp-content\/uploads\/2024\/05\/20240525_163136-1_optimized-1.jpg","_links":{"self":[{"href":"https:\/\/radiorevelacionfm.cl\/index.php?rest_route=\/wp\/v2\/posts\/42593","targetHints":{"allow":["GET"]}}],"collection":[{"href":"https:\/\/radiorevelacionfm.cl\/index.php?rest_route=\/wp\/v2\/posts"}],"about":[{"href":"https:\/\/radiorevelacionfm.cl\/index.php?rest_route=\/wp\/v2\/types\/post"}],"author":[{"embeddable":true,"href":"https:\/\/radiorevelacionfm.cl\/index.php?rest_route=\/wp\/v2\/users\/1"}],"replies":[{"embeddable":true,"href":"https:\/\/radiorevelacionfm.cl\/index.php?rest_route=%2Fwp%2Fv2%2Fcomments&post=42593"}],"version-history":[{"count":1,"href":"https:\/\/radiorevelacionfm.cl\/index.php?rest_route=\/wp\/v2\/posts\/42593\/revisions"}],"predecessor-version":[{"id":42595,"href":"https:\/\/radiorevelacionfm.cl\/index.php?rest_route=\/wp\/v2\/posts\/42593\/revisions\/42595"}],"wp:featuredmedia":[{"embeddable":true,"href":"https:\/\/radiorevelacionfm.cl\/index.php?rest_route=\/wp\/v2\/media\/42594"}],"wp:attachment":[{"href":"https:\/\/radiorevelacionfm.cl\/index.php?rest_route=%2Fwp%2Fv2%2Fmedia&parent=42593"}],"wp:term":[{"taxonomy":"category","embeddable":true,"href":"https:\/\/radiorevelacionfm.cl\/index.php?rest_route=%2Fwp%2Fv2%2Fcategories&post=42593"},{"taxonomy":"post_tag","embeddable":true,"href":"https:\/\/radiorevelacionfm.cl\/index.php?rest_route=%2Fwp%2Fv2%2Ftags&post=42593"}],"curies":[{"name":"wp","href":"https:\/\/api.w.org\/{rel}","templated":true}]}}