{"id":42590,"date":"2024-05-28T22:38:58","date_gmt":"2024-05-29T01:38:58","guid":{"rendered":"https:\/\/radiorevelacionfm.cl\/?p=42590"},"modified":"2024-05-28T22:38:58","modified_gmt":"2024-05-29T01:38:58","slug":"carabineros-de-balmaceda-lamentan-triste-partida-del-can-detector-de-drogas-gulliver","status":"publish","type":"post","link":"https:\/\/radiorevelacionfm.cl\/?p=42590","title":{"rendered":"Carabineros de Balmaceda lamentan triste partida del can detector de drogas Gulliver"},"content":{"rendered":"<div class=\"flex_column av_one_full  flex_column_div av-zero-column-padding first  avia-builder-el-0  el_before_av_one_full  avia-builder-el-first  \" style='border-radius:0px; '><div  class='avia-image-container  av-styling-    avia-builder-el-1  avia-builder-el-no-sibling  avia-align-center '  itemprop=\"image\" itemscope=\"itemscope\" itemtype=\"https:\/\/schema.org\/ImageObject\"  ><div class='avia-image-container-inner'><div class='avia-image-overlay-wrap'><img decoding=\"async\" class='wp-image-42591 avia-img-lazy-loading-not-42591 avia_image' src=\"https:\/\/radiorevelacionfm.cl\/wp-content\/uploads\/2024\/05\/bdab8122-6686-41e2-9493-dddb021d2a5b-1-1.jpg\" alt='' title='bdab8122-6686-41e2-9493-dddb021d2a5b (1) (1)' height=\"600\" width=\"800\"  itemprop=\"thumbnailUrl\" srcset=\"https:\/\/radiorevelacionfm.cl\/wp-content\/uploads\/2024\/05\/bdab8122-6686-41e2-9493-dddb021d2a5b-1-1.jpg 800w, https:\/\/radiorevelacionfm.cl\/wp-content\/uploads\/2024\/05\/bdab8122-6686-41e2-9493-dddb021d2a5b-1-1-300x225.jpg 300w, https:\/\/radiorevelacionfm.cl\/wp-content\/uploads\/2024\/05\/bdab8122-6686-41e2-9493-dddb021d2a5b-1-1-768x576.jpg 768w, https:\/\/radiorevelacionfm.cl\/wp-content\/uploads\/2024\/05\/bdab8122-6686-41e2-9493-dddb021d2a5b-1-1-705x529.jpg 705w, https:\/\/radiorevelacionfm.cl\/wp-content\/uploads\/2024\/05\/bdab8122-6686-41e2-9493-dddb021d2a5b-1-1-450x338.jpg 450w, https:\/\/radiorevelacionfm.cl\/wp-content\/uploads\/2024\/05\/bdab8122-6686-41e2-9493-dddb021d2a5b-1-1-600x450.jpg 600w\" sizes=\"(max-width: 800px) 100vw, 800px\" \/><\/div><\/div><\/div><\/div><div class=\"flex_column av_one_full  flex_column_div av-zero-column-padding first  avia-builder-el-2  el_after_av_one_full  el_before_av_one_full  column-top-margin\" style='border-radius:0px; '><section class=\"av_textblock_section \"  itemscope=\"itemscope\" itemtype=\"https:\/\/schema.org\/BlogPosting\" itemprop=\"blogPost\" ><div class='avia_textblock  '   itemprop=\"text\" ><p style=\"text-align: center;\"><strong><span style=\"font-size: 18pt;\">Carabineros de Balmaceda lamentan triste partida del can detector de drogas Gulliver<\/span><\/strong><\/p>\n<div id=\"gtx-trans\" style=\"position: absolute; left: -50px; top: 4.31534px;\">\n<div class=\"gtx-trans-icon\"><\/div>\n<\/div>\n<\/div><\/section><\/div><div class=\"flex_column av_one_full  flex_column_div av-zero-column-padding first  avia-builder-el-4  el_after_av_one_full  el_before_av_hr  column-top-margin\" style='border-radius:0px; '><section class=\"av_textblock_section \"  itemscope=\"itemscope\" itemtype=\"https:\/\/schema.org\/BlogPosting\" itemprop=\"blogPost\" ><div class='avia_textblock  '   itemprop=\"text\" ><p class=\"v1gmail-MsoListParagraphCxSpFirst\" style=\"text-align: justify;\"><em><span lang=\"ES-MX\">De car\u00e1cter amigable, fue la cara visible junto a su gu\u00eda para las personas que ingresaban a la regi\u00f3n a trav\u00e9s del Aeropuerto Balmaceda o el paso internacional Huemules.<\/span><\/em><\/p>\n<p class=\"v1gmail-MsoListParagraphCxSpLast\" style=\"text-align: justify;\"><em><span lang=\"ES-MX\">El ejemplar hab\u00eda sido entregado para detectar siete tipos de drogas, participando en diversos procedimientos exitosos, cooperando en servicios de ronda y al OS-7 con la finalidad de brindar seguridad y detectar el ingreso de sustancias prohibidas al territorio.<\/span><\/em><\/p>\n<p class=\"v1MsoNormal\" style=\"text-align: justify;\"><span lang=\"ES-MX\">Luego de tres a\u00f1os de servicio, donde colabor\u00f3 en la revisi\u00f3n de cientos de equipajes tanto en el Aeropuerto Balmaceda, como en control y revisi\u00f3n de veh\u00edculos en el paso fronterizo Huemules -previendo el ingreso de drogas a la regi\u00f3n de Ays\u00e9n- el can detector de drogas de cargo de la Subcomisar\u00eda Balmaceda (F) Gulliver del Emblema Verde, falleci\u00f3 esta jornada en Santiago hasta donde fue trasladado de urgencia a bordo de una aeronave institucional.<\/span><\/p>\n<p class=\"v1MsoNormal\" style=\"text-align: justify;\"><span lang=\"ES-MX\">Para los carabineros de esta Subcomisar\u00eda fronteriza, se trataba no s\u00f3lo de un can, sino de un carabinero m\u00e1s que trabajaba a diario por la seguridad y por contribuir a detectar e impedir la internaci\u00f3n de sustancias prohibidas al territorio. El ejemplar -raza Labrador- hab\u00eda sido entrenado para detectar siete tipos de drogas, entre estas: cannabis sativa, clorhidrato de coca\u00edna y drogas de s\u00edntesis, entre otras variedades.<\/span><\/p>\n<p class=\"v1MsoNormal\" style=\"text-align: justify;\"><b><span lang=\"ES-MX\">Capacidades inigualables<\/span><\/b><\/p>\n<p class=\"v1MsoNormal\" style=\"text-align: justify;\"><span lang=\"ES-MX\">\u00abGulliver del Emblema Verde fue parte de nuestra Subcomisar\u00eda por m\u00e1s de tres a\u00f1os, en la que tuvo muchos procedimientos bastante exitosos con detecci\u00f3n de drogas, principalmente marihuana (&#8230;) Era tambi\u00e9n la primera cara visible acompa\u00f1ado siempre de su gu\u00eda en el Aeropuerto o en el paso fronterizo Huemules, con el que le d\u00e1bamos la bienvenida a la gente a nuestra regi\u00f3n, quien luego de dar una pelea con una enfermedad que ten\u00eda, lamentablemente hoy fue su deceso\u00bb, se\u00f1al\u00f3 con tristeza el Jefe de la Subcomisar\u00eda Balmaceda, Capit\u00e1n Mat\u00edas Maureira.<\/span><\/p>\n<p class=\"v1MsoNormal\" style=\"text-align: justify;\"><span lang=\"ES-MX\">El can ten\u00eda cinco a\u00f1os de edad, a los seis meses de vida fue entregado a su gu\u00eda, iniciando un proceso de entrenamiento para la detecci\u00f3n de diversos tipos de drogas en la Escuela de Adiestramiento Canino, tras lo cual fue destinado a la localidad de Balmaceda en la regi\u00f3n de Ays\u00e9n.<\/span><\/p>\n<p class=\"v1MsoNormal\" style=\"text-align: justify;\"><span lang=\"ES-MX\">\u00abTuvo tambi\u00e9n muchos procedimientos con la Secci\u00f3n OS-7, Gulliver cooper\u00f3 en muchas rondas (&#8230;) ten\u00edamos un compa\u00f1ero canino bastante multifac\u00e9tico y muy certero\u00bb, a\u00f1adi\u00f3.<\/span><\/p>\n<p class=\"v1MsoNormal\" style=\"text-align: justify;\"><span lang=\"ES-MX\">\u00abLas capacidades olfativas de los perros son inigualables, entonces su trabajo en la detecci\u00f3n de drogas la verdad es que es incomparable y aparte de su entrenamiento para combatir la delincuencia, tambi\u00e9n significaba una gran compa\u00f1\u00eda para nosotros, fue un carabinero m\u00e1s y as\u00ed tambi\u00e9n lo sent\u00eda la gente, porque Gulliver era un perrito muy amigable. Era muy satisfactorio cuando las personas ingresaban a la regi\u00f3n ve\u00edan a un carabinero brindando seguridad acompa\u00f1ado de nuestro Gulliver\u00bb, destac\u00f3 el Capit\u00e1n Maureira.<\/span><\/p>\n<p class=\"v1MsoNormal\" style=\"text-align: justify;\"><b><span lang=\"ES-MX\">Traslado a\u00e9reo\u00a0\u00a0<\/span><\/b><\/p>\n<p class=\"v1MsoNormal\" style=\"text-align: justify;\"><span lang=\"ES-MX\">Diariamente y previo a salir al servicio, el can junto a su gu\u00eda realizaba un entrenamiento para poner en pr\u00e1ctica las capacidades olfativas del ejemplar, siendo revisado su estado de salud y condici\u00f3n f\u00edsica, pudiendo detectar que presentaba un problema respiratorio, siendo trasladado de urgencia a una cl\u00ednica veterinaria en Coyhaique.<\/span><\/p>\n<p class=\"v1MsoNormal\" style=\"text-align: justify;\"><span lang=\"ES-MX\">Mientras ello ocurr\u00eda, una aeronave institucional con un equipo de m\u00e9dicos veterinarios arrib\u00f3 a la regi\u00f3n, siendo trasladado al Grupo de Adiestramiento canino donde fue intervenido de manera exitosa, encontr\u00e1ndose en proceso de recuperaci\u00f3n, sin embargo, en las \u00faltimas horas sufri\u00f3 un paro cardiorrespiratorio.<\/span><\/p>\n<p class=\"v1MsoNormal\" style=\"text-align: justify;\"><span lang=\"ES-MX\">Tras este triste desenlace, Carabineros realiz\u00f3 una ceremonia en la Escuela de Adiestramiento Canino donde descansar\u00e1n sus restos.<\/span><\/p>\n<p class=\"v1MsoNormal\" style=\"text-align: justify;\"><span lang=\"ES-MX\">Pr\u00f3ximamente Carabineros de la Subcomisar\u00eda Balmaceda (F) realizar\u00e1 una ceremonia interna, tras la temprana partida de este ejemplar que fue parte de esta dotaci\u00f3n. \u00abEra un profesional en lo que hac\u00eda y en su especialidad\u00bb, manifest\u00f3 el Capit\u00e1n Maureira.<\/span><\/p>\n<p class=\"v1MsoNormal\" style=\"text-align: justify;\"><span lang=\"ES-MX\">A lo largo de su trayectoria, Gulliver del Emblema Verde, fue evaluado en reiteradas ocasiones por comisiones provenientes de la ciudad de Santiago, obteniendo resultados sobresalientes dada su asertividad en su \u00e1rea profesional.<\/span><\/p>\n<\/div><\/section><\/div><div  style='height:50px' class='hr hr-invisible   avia-builder-el-6  el_after_av_one_full  el_before_av_social_share '><span class='hr-inner ' ><span class='hr-inner-style'><\/span><\/span><\/div><\/p>\n<div  class='av-social-sharing-box  avia-builder-el-7  el_after_av_hr  el_before_av_hr  '><div class='av-share-box'><h5 class='av-share-link-description av-no-toc '>Compartir esta noticia<\/h5><ul class='av-share-box-list noLightbox'><li class='av-share-link av-social-link-facebook' ><a target=\"_blank\" aria-label=\"Compartir en Facebook\" href='https:\/\/www.facebook.com\/sharer.php?u=https:\/\/radiorevelacionfm.cl\/?p=42590&#038;t=Carabineros%20de%20Balmaceda%20lamentan%20triste%20partida%20del%20can%20detector%20de%20drogas%20Gulliver' aria-hidden='false' data-av_icon='\ue8f3' data-av_iconfont='entypo-fontello' title='' data-avia-related-tooltip='Compartir en Facebook' rel=\"noopener\"><span class='avia_hidden_link_text'>Compartir en Facebook<\/span><\/a><\/li><li class='av-share-link av-social-link-twitter' ><a target=\"_blank\" aria-label=\"Compartir en Twitter\" href='https:\/\/twitter.com\/share?text=Carabineros%20de%20Balmaceda%20lamentan%20triste%20partida%20del%20can%20detector%20de%20drogas%20Gulliver&#038;url=https:\/\/radiorevelacionfm.cl\/?p=42590' aria-hidden='false' data-av_icon='\ue8f1' data-av_iconfont='entypo-fontello' title='' data-avia-related-tooltip='Compartir en Twitter' rel=\"noopener\"><span class='avia_hidden_link_text'>Compartir en Twitter<\/span><\/a><\/li><li class='av-share-link av-social-link-whatsapp' ><a target=\"_blank\" aria-label=\"Compartir en Whatsapp\" href='https:\/\/api.whatsapp.com\/send?text=https:\/\/radiorevelacionfm.cl\/?p=42590' aria-hidden='false' data-av_icon='\uf232' data-av_iconfont='entypo-fontello' title='' data-avia-related-tooltip='Compartir en Whatsapp' rel=\"noopener\"><span class='avia_hidden_link_text'>Compartir en Whatsapp<\/span><\/a><\/li><li class='av-share-link av-social-link-linkedin' ><a target=\"_blank\" aria-label=\"Compartir en LinkedIn\" href='https:\/\/linkedin.com\/shareArticle?mini=true&#038;title=Carabineros%20de%20Balmaceda%20lamentan%20triste%20partida%20del%20can%20detector%20de%20drogas%20Gulliver&#038;url=https:\/\/radiorevelacionfm.cl\/?p=42590' aria-hidden='false' data-av_icon='\ue8fc' data-av_iconfont='entypo-fontello' title='' data-avia-related-tooltip='Compartir en LinkedIn' rel=\"noopener\"><span class='avia_hidden_link_text'>Compartir en LinkedIn<\/span><\/a><\/li><li class='av-share-link av-social-link-mail' ><a  aria-label=\"Compartir por correo\" href='mailto:?subject=Carabineros%20de%20Balmaceda%20lamentan%20triste%20partida%20del%20can%20detector%20de%20drogas%20Gulliver&#038;body=https:\/\/radiorevelacionfm.cl\/?p=42590' aria-hidden='false' data-av_icon='\ue805' data-av_iconfont='entypo-fontello' title='' data-avia-related-tooltip='Compartir por correo'><span class='avia_hidden_link_text'>Compartir por correo<\/span><\/a><\/li><\/ul><\/div><\/div>\n<div  style='height:50px' class='hr hr-invisible   avia-builder-el-8  el_after_av_social_share  el_before_av_comments_list '><span class='hr-inner ' ><span class='hr-inner-style'><\/span><\/span><\/div>\n<div  class='av-buildercomment  av-blog-meta-html-info-disabled av-blog-meta-tag-disabled  '><\/div>\n","protected":false},"excerpt":{"rendered":"","protected":false},"author":1,"featured_media":42591,"comment_status":"open","ping_status":"open","sticky":false,"template":"","format":"standard","meta":{"footnotes":""},"categories":[36],"tags":[],"class_list":["post-42590","post","type-post","status-publish","format-standard","has-post-thumbnail","hentry","category-policial"],"jetpack_featured_media_url":"https:\/\/radiorevelacionfm.cl\/wp-content\/uploads\/2024\/05\/bdab8122-6686-41e2-9493-dddb021d2a5b-1-1.jpg","_links":{"self":[{"href":"https:\/\/radiorevelacionfm.cl\/index.php?rest_route=\/wp\/v2\/posts\/42590","targetHints":{"allow":["GET"]}}],"collection":[{"href":"https:\/\/radiorevelacionfm.cl\/index.php?rest_route=\/wp\/v2\/posts"}],"about":[{"href":"https:\/\/radiorevelacionfm.cl\/index.php?rest_route=\/wp\/v2\/types\/post"}],"author":[{"embeddable":true,"href":"https:\/\/radiorevelacionfm.cl\/index.php?rest_route=\/wp\/v2\/users\/1"}],"replies":[{"embeddable":true,"href":"https:\/\/radiorevelacionfm.cl\/index.php?rest_route=%2Fwp%2Fv2%2Fcomments&post=42590"}],"version-history":[{"count":1,"href":"https:\/\/radiorevelacionfm.cl\/index.php?rest_route=\/wp\/v2\/posts\/42590\/revisions"}],"predecessor-version":[{"id":42592,"href":"https:\/\/radiorevelacionfm.cl\/index.php?rest_route=\/wp\/v2\/posts\/42590\/revisions\/42592"}],"wp:featuredmedia":[{"embeddable":true,"href":"https:\/\/radiorevelacionfm.cl\/index.php?rest_route=\/wp\/v2\/media\/42591"}],"wp:attachment":[{"href":"https:\/\/radiorevelacionfm.cl\/index.php?rest_route=%2Fwp%2Fv2%2Fmedia&parent=42590"}],"wp:term":[{"taxonomy":"category","embeddable":true,"href":"https:\/\/radiorevelacionfm.cl\/index.php?rest_route=%2Fwp%2Fv2%2Fcategories&post=42590"},{"taxonomy":"post_tag","embeddable":true,"href":"https:\/\/radiorevelacionfm.cl\/index.php?rest_route=%2Fwp%2Fv2%2Ftags&post=42590"}],"curies":[{"name":"wp","href":"https:\/\/api.w.org\/{rel}","templated":true}]}}