{"id":4259,"date":"2021-05-18T17:55:44","date_gmt":"2021-05-18T20:55:44","guid":{"rendered":"https:\/\/radiorevelacionfm.cl\/?p=4259"},"modified":"2021-05-18T17:55:44","modified_gmt":"2021-05-18T20:55:44","slug":"alcalde-reelecto-nelson-opazo-agradece-respaldo-ciudadano-y-llama-a-concejales-a-trabajar-en-unidad","status":"publish","type":"post","link":"https:\/\/radiorevelacionfm.cl\/?p=4259","title":{"rendered":"Alcalde reelecto Nelson Opazo agradece respaldo ciudadano y llama a Concejales a trabajar en unidad"},"content":{"rendered":"<div class=\"flex_column av_one_full  flex_column_div av-zero-column-padding first  avia-builder-el-0  el_before_av_one_full  avia-builder-el-first  \" style='border-radius:0px; '><div  class='avia-image-container  av-styling-    avia-builder-el-1  avia-builder-el-no-sibling  avia-align-center '  itemprop=\"image\" itemscope=\"itemscope\" itemtype=\"https:\/\/schema.org\/ImageObject\"  ><div class='avia-image-container-inner'><div class='avia-image-overlay-wrap'><img decoding=\"async\" class='wp-image-0 avia-img-lazy-loading-not-0 avia_image' src=\"https:\/\/radiorevelacionfm.cl\/wp-content\/uploads\/2021\/05\/NELSON-OPAZO-1-1.jpg\" alt='' title=''   itemprop=\"thumbnailUrl\"  \/><\/div><\/div><\/div><\/div><div class=\"flex_column av_one_full  flex_column_div av-zero-column-padding first  avia-builder-el-2  el_after_av_one_full  el_before_av_one_full  column-top-margin\" style='border-radius:0px; '><section class=\"av_textblock_section \"  itemscope=\"itemscope\" itemtype=\"https:\/\/schema.org\/BlogPosting\" itemprop=\"blogPost\" ><div class='avia_textblock  '   itemprop=\"text\" ><p style=\"text-align: center;\"><strong><span style=\"font-size: 18pt;\">Alcalde reelecto Nelson Opazo agradece respaldo ciudadano y llama a Concejales a trabajar en unidad<\/span><\/strong><\/p>\n<div id=\"gtx-trans\" style=\"position: absolute; left: -50px; top: 4.31534px;\">\n<div class=\"gtx-trans-icon\"><\/div>\n<\/div>\n<\/div><\/section><\/div><div class=\"flex_column av_one_full  flex_column_div av-zero-column-padding first  avia-builder-el-4  el_after_av_one_full  el_before_av_hr  column-top-margin\" style='border-radius:0px; '><section class=\"av_textblock_section \"  itemscope=\"itemscope\" itemtype=\"https:\/\/schema.org\/BlogPosting\" itemprop=\"blogPost\" ><div class='avia_textblock  '   itemprop=\"text\" ><p style=\"text-align: justify;\">El Edil se comprometi\u00f3 a desarrollar esta nueva gesti\u00f3n ajustada al cumplimiento \u00edntegro del programa de trabajo, el que fue socializado en cada hogar de la comuna de Lago Verde.<\/p>\n<p style=\"text-align: justify;\">Contento y agradecido del respaldo ciudadano se mostr\u00f3 el Alcalde reelecto por la comuna de Lago Verde, Nelson Opazo L\u00f3pez, quien obtuvo el reconocimiento en las urnas, en una zona campesina y netamente tur\u00edstica que considera las localidades de Villa Amengual, Villa La Tapera y Lago Verde.<\/p>\n<p style=\"text-align: justify;\">El Alcalde UDI, se impuso por 71 votos a la candidata del bloque opositor, reafirmando as\u00ed un nuevo periodo edilicio, que en sus palabras agradeci\u00f3 a quienes lo apoyaron.<\/p>\n<p style=\"text-align: justify;\">\u201cHemos podido sentir el profundo cari\u00f1o de nuestra gente, el profundo reconocimiento a este tremendo trabajo que en conjunto con un gran equipo hemos logrado avanzar en diferentes temas para nuestros vecinos. Por ello, quiero expresar de manera muy directa y de todo coraz\u00f3n nuestro m\u00e1ximo agradecimiento a cada una de las familias, a cada uno de los vecinos que nos permitieron lograr este rotundo triunfo\u201d.<\/p>\n<p style=\"text-align: justify;\">Nelson Opazo, record\u00f3 que en su periodo que est\u00e1 por finalizar se han desarrollado una serie de iniciativas en beneficio de la comunidad, lo que se compromete a continuar en el nuevo mandato comunal que inicia el d\u00eda 28 de junio.<\/p>\n<p style=\"text-align: justify;\">\u201cEn estos a\u00f1os hemos generado innumerables iniciativas en las cuales hemos podido atender las necesidades de la comunidad, hoy abrazamos una nueva etapa que involucra un enorme compromiso de inversi\u00f3n y de trabajo. Pero estamos absolutamente convencidos de que ese compromiso lo podemos cumplir al cien por ciento y tal como la ciudadan\u00eda nos ha mandatado, la idea es seguir trabajando en los objetivos que no son otros que los que la comunidad tiene\u201d.<\/p>\n<p style=\"text-align: justify;\">El Alcalde reelecto en la comuna de Lago Verde, tambi\u00e9n hizo un llamado a los nuevos Concejales, para trabajar en unidad en bien los vecinos y vecinas de la zona.<\/p>\n<p style=\"text-align: justify;\">\u201cComo Alcalde electo y como familia, porque este es un proyecto de vida en que se incorpora la familia directamente, queremos expresar nuestro m\u00e1s profundo respeto y agradecimiento a todos. Tambi\u00e9n hacer una invitaci\u00f3n a seguir trabajando juntos, logrando mayor unidad, logrando mayor desarrollo en todo el territorio comunal. Felicitar expresamente a cada uno de los Concejales electos que nos van a acompa\u00f1ar en este periodo e invitarlos a trabajar en funci\u00f3n de la unidad\u201d.<\/p>\n<p style=\"text-align: justify;\">El Alcalde reelecto en Lago Verde, Nelson Opazo L\u00f3pez, reafirm\u00f3 su compromiso a seguir trabajo en proyectos que permitan el desarrollo integral de la comuna, mejore la conectividad, los espacios p\u00fablicos y seguir posicionando a Lago Verde en sitial importante, por ejemplo, en materia de agricultura, turismo e integraci\u00f3n binacional.<\/p>\n<p style=\"text-align: justify;\">El Edil se comprometi\u00f3 adem\u00e1s a desarrollar esta nueva gesti\u00f3n ajustada al cumplimiento \u00edntegro del programa de trabajo, el que fue socializado y entregado en cada hogar de la comuna de Lago Verde. Hoja de ruta que ser\u00e1 fundamental en los programas que ejecuta la Municipalidad y la inversi\u00f3n p\u00fablica que est\u00e1 se\u00f1alada en el documento.<\/p>\n<\/div><\/section><\/div><div  style='height:50px' class='hr hr-invisible   avia-builder-el-6  el_after_av_one_full  el_before_av_social_share '><span class='hr-inner ' ><span class='hr-inner-style'><\/span><\/span><\/div><\/p>\n<div  class='av-social-sharing-box  avia-builder-el-7  el_after_av_hr  el_before_av_hr  '><div class='av-share-box'><h5 class='av-share-link-description av-no-toc '>Compartir esta noticia<\/h5><ul class='av-share-box-list noLightbox'><li class='av-share-link av-social-link-facebook' ><a target=\"_blank\" aria-label=\"Compartir en Facebook\" href='https:\/\/www.facebook.com\/sharer.php?u=https:\/\/radiorevelacionfm.cl\/?p=4259&#038;t=Alcalde%20reelecto%20Nelson%20Opazo%20agradece%20respaldo%20ciudadano%20y%20llama%20a%20Concejales%20a%20trabajar%20en%20unidad' aria-hidden='false' data-av_icon='\ue8f3' data-av_iconfont='entypo-fontello' title='' data-avia-related-tooltip='Compartir en Facebook' rel=\"noopener\"><span class='avia_hidden_link_text'>Compartir en Facebook<\/span><\/a><\/li><li class='av-share-link av-social-link-twitter' ><a target=\"_blank\" aria-label=\"Compartir en Twitter\" href='https:\/\/twitter.com\/share?text=Alcalde%20reelecto%20Nelson%20Opazo%20agradece%20respaldo%20ciudadano%20y%20llama%20a%20Concejales%20a%20trabajar%20en%20unidad&#038;url=https:\/\/radiorevelacionfm.cl\/?p=4259' aria-hidden='false' data-av_icon='\ue8f1' data-av_iconfont='entypo-fontello' title='' data-avia-related-tooltip='Compartir en Twitter' rel=\"noopener\"><span class='avia_hidden_link_text'>Compartir en Twitter<\/span><\/a><\/li><li class='av-share-link av-social-link-whatsapp' ><a target=\"_blank\" aria-label=\"Compartir en Whatsapp\" href='https:\/\/api.whatsapp.com\/send?text=https:\/\/radiorevelacionfm.cl\/?p=4259' aria-hidden='false' data-av_icon='\uf232' data-av_iconfont='entypo-fontello' title='' data-avia-related-tooltip='Compartir en Whatsapp' rel=\"noopener\"><span class='avia_hidden_link_text'>Compartir en Whatsapp<\/span><\/a><\/li><li class='av-share-link av-social-link-linkedin' ><a target=\"_blank\" aria-label=\"Compartir en LinkedIn\" href='https:\/\/linkedin.com\/shareArticle?mini=true&#038;title=Alcalde%20reelecto%20Nelson%20Opazo%20agradece%20respaldo%20ciudadano%20y%20llama%20a%20Concejales%20a%20trabajar%20en%20unidad&#038;url=https:\/\/radiorevelacionfm.cl\/?p=4259' aria-hidden='false' data-av_icon='\ue8fc' data-av_iconfont='entypo-fontello' title='' data-avia-related-tooltip='Compartir en LinkedIn' rel=\"noopener\"><span class='avia_hidden_link_text'>Compartir en LinkedIn<\/span><\/a><\/li><li class='av-share-link av-social-link-mail' ><a  aria-label=\"Compartir por correo\" href='mailto:?subject=Alcalde%20reelecto%20Nelson%20Opazo%20agradece%20respaldo%20ciudadano%20y%20llama%20a%20Concejales%20a%20trabajar%20en%20unidad&#038;body=https:\/\/radiorevelacionfm.cl\/?p=4259' aria-hidden='false' data-av_icon='\ue805' data-av_iconfont='entypo-fontello' title='' data-avia-related-tooltip='Compartir por correo'><span class='avia_hidden_link_text'>Compartir por correo<\/span><\/a><\/li><\/ul><\/div><\/div>\n<div  style='height:50px' class='hr hr-invisible   avia-builder-el-8  el_after_av_social_share  el_before_av_comments_list '><span class='hr-inner ' ><span class='hr-inner-style'><\/span><\/span><\/div>\n<div  class='av-buildercomment  av-blog-meta-html-info-disabled av-blog-meta-tag-disabled  '><\/div>\n","protected":false},"excerpt":{"rendered":"","protected":false},"author":1,"featured_media":0,"comment_status":"open","ping_status":"open","sticky":false,"template":"","format":"standard","meta":{"footnotes":""},"categories":[35],"tags":[],"class_list":["post-4259","post","type-post","status-publish","format-standard","hentry","category-politica"],"jetpack_featured_media_url":"","_links":{"self":[{"href":"https:\/\/radiorevelacionfm.cl\/index.php?rest_route=\/wp\/v2\/posts\/4259","targetHints":{"allow":["GET"]}}],"collection":[{"href":"https:\/\/radiorevelacionfm.cl\/index.php?rest_route=\/wp\/v2\/posts"}],"about":[{"href":"https:\/\/radiorevelacionfm.cl\/index.php?rest_route=\/wp\/v2\/types\/post"}],"author":[{"embeddable":true,"href":"https:\/\/radiorevelacionfm.cl\/index.php?rest_route=\/wp\/v2\/users\/1"}],"replies":[{"embeddable":true,"href":"https:\/\/radiorevelacionfm.cl\/index.php?rest_route=%2Fwp%2Fv2%2Fcomments&post=4259"}],"version-history":[{"count":1,"href":"https:\/\/radiorevelacionfm.cl\/index.php?rest_route=\/wp\/v2\/posts\/4259\/revisions"}],"predecessor-version":[{"id":4261,"href":"https:\/\/radiorevelacionfm.cl\/index.php?rest_route=\/wp\/v2\/posts\/4259\/revisions\/4261"}],"wp:attachment":[{"href":"https:\/\/radiorevelacionfm.cl\/index.php?rest_route=%2Fwp%2Fv2%2Fmedia&parent=4259"}],"wp:term":[{"taxonomy":"category","embeddable":true,"href":"https:\/\/radiorevelacionfm.cl\/index.php?rest_route=%2Fwp%2Fv2%2Fcategories&post=4259"},{"taxonomy":"post_tag","embeddable":true,"href":"https:\/\/radiorevelacionfm.cl\/index.php?rest_route=%2Fwp%2Fv2%2Ftags&post=4259"}],"curies":[{"name":"wp","href":"https:\/\/api.w.org\/{rel}","templated":true}]}}