{"id":42587,"date":"2024-05-28T22:29:50","date_gmt":"2024-05-29T01:29:50","guid":{"rendered":"https:\/\/radiorevelacionfm.cl\/?p=42587"},"modified":"2024-05-28T22:29:50","modified_gmt":"2024-05-29T01:29:50","slug":"segun-lo-planificado-se-inicia-la-tercera-fase-del-censo-que-se-extendera-hasta-finales-de-junio-en-todo-el-pais","status":"publish","type":"post","link":"https:\/\/radiorevelacionfm.cl\/?p=42587","title":{"rendered":"Seg\u00fan lo planificado, se inicia la tercera fase del Censo que se extender\u00e1 hasta finales de junio en todo el pa\u00eds"},"content":{"rendered":"<div class=\"flex_column av_one_full  flex_column_div av-zero-column-padding first  avia-builder-el-0  el_before_av_one_full  avia-builder-el-first  \" style='border-radius:0px; '><div  class='avia-image-container  av-styling-    avia-builder-el-1  avia-builder-el-no-sibling  avia-align-center '  itemprop=\"image\" itemscope=\"itemscope\" itemtype=\"https:\/\/schema.org\/ImageObject\"  ><div class='avia-image-container-inner'><div class='avia-image-overlay-wrap'><img decoding=\"async\" class='wp-image-42588 avia-img-lazy-loading-not-42588 avia_image' src=\"https:\/\/radiorevelacionfm.cl\/wp-content\/uploads\/2024\/05\/20240528_150304-1-1.jpg\" alt='' title='20240528_150304 (1) (1)' height=\"600\" width=\"800\"  itemprop=\"thumbnailUrl\" srcset=\"https:\/\/radiorevelacionfm.cl\/wp-content\/uploads\/2024\/05\/20240528_150304-1-1.jpg 800w, https:\/\/radiorevelacionfm.cl\/wp-content\/uploads\/2024\/05\/20240528_150304-1-1-300x225.jpg 300w, https:\/\/radiorevelacionfm.cl\/wp-content\/uploads\/2024\/05\/20240528_150304-1-1-768x576.jpg 768w, https:\/\/radiorevelacionfm.cl\/wp-content\/uploads\/2024\/05\/20240528_150304-1-1-705x529.jpg 705w, https:\/\/radiorevelacionfm.cl\/wp-content\/uploads\/2024\/05\/20240528_150304-1-1-450x338.jpg 450w, https:\/\/radiorevelacionfm.cl\/wp-content\/uploads\/2024\/05\/20240528_150304-1-1-600x450.jpg 600w\" sizes=\"(max-width: 800px) 100vw, 800px\" \/><\/div><\/div><\/div><\/div><div class=\"flex_column av_one_full  flex_column_div av-zero-column-padding first  avia-builder-el-2  el_after_av_one_full  el_before_av_one_full  column-top-margin\" style='border-radius:0px; '><section class=\"av_textblock_section \"  itemscope=\"itemscope\" itemtype=\"https:\/\/schema.org\/BlogPosting\" itemprop=\"blogPost\" ><div class='avia_textblock  '   itemprop=\"text\" ><p style=\"text-align: center;\"><span style=\"font-size: 18pt;\"><strong>Seg\u00fan lo planificado, se inicia la tercera fase del Censo que se extender\u00e1 hasta finales de junio en todo el pa\u00eds<\/strong><\/span><\/p>\n<div id=\"gtx-trans\" style=\"position: absolute; left: -50px; top: 4.31534px;\">\n<div class=\"gtx-trans-icon\"><\/div>\n<\/div>\n<\/div><\/section><\/div><div class=\"flex_column av_one_full  flex_column_div av-zero-column-padding first  avia-builder-el-4  el_after_av_one_full  el_before_av_hr  column-top-margin\" style='border-radius:0px; '><section class=\"av_textblock_section \"  itemscope=\"itemscope\" itemtype=\"https:\/\/schema.org\/BlogPosting\" itemprop=\"blogPost\" ><div class='avia_textblock  '   itemprop=\"text\" ><ul>\n<li style=\"text-align: justify;\"><em>Con el inicio de esta fase, se activa una modalidad adicional para que las personas a\u00fan no censadas puedan llamar al Fono Censo 1525 para acceder al Censo en L\u00ednea.<\/em><\/li>\n<li style=\"text-align: justify;\"><em>Durante junio seguir\u00e1 el trabajo en terreno visitando las viviendas de las distintas regiones del pa\u00eds, en las que, por alguna raz\u00f3n, sus residentes no se han censado.\u00a0\u00a0<\/em><\/li>\n<\/ul>\n<p style=\"text-align: justify;\">Este lunes 27 de mayo se inicia la tercera fase del Censo 2024, en la que el llamado desde el Instituto Nacional de Estad\u00edsticas (INE) es a no quedarse fuera del operativo estad\u00edstico m\u00e1s grande e importante del pa\u00eds.<\/p>\n<p style=\"text-align: justify;\">Durante esta fase los equipos estar\u00e1n recorriendo comunas de manera presencial, pero tambi\u00e9n entregando accesos al Censo en L\u00ednea. Por ello, se invita a la poblaci\u00f3n que a\u00fan no ha respondido el cuestionario censal a que lo haga, ya sea de manera presencial o en l\u00ednea.<\/p>\n<p style=\"text-align: justify;\">En este sentido, el director del Instituto Nacional de Estad\u00edsticas, INE, Ays\u00e9n, Danilo Pavez, hace un llamado a todas las personas que recibieron la invitaci\u00f3n a contestar el Censo en L\u00ednea a trav\u00e9s de la p\u00e1gina <a href=\"http:\/\/www.censo2024.cl\">www.censo2024.cl<\/a>, y record\u00f3 que \u201ces importante registrar a todos los residentes habituales de su vivienda, incluyendo desde los reci\u00e9n nacidos hasta las personas mayores\u201d.<\/p>\n<p style=\"text-align: justify;\">A la fecha se han visitado m\u00e1s de 7 millones de viviendas, y durante las pr\u00f3ximas semanas se visitar\u00e1n nuevamente algunas de ellas.<\/p>\n<p style=\"text-align: justify;\">Aunque las y los censistas siguen recorriendo el territorio nacional y regional, y lo seguir\u00e1n haciendo hasta finales de junio, se invita a las personas no censadas a llamar al Fono Censo 1525, donde un equipo les dar\u00e1 acceso e instrucciones para responder el Censo en L\u00ednea.<\/p>\n<p style=\"text-align: justify;\">El medio oficial para acceder al Censo en L\u00ednea es a trav\u00e9s del Fono Censo 1525, o bien, ingresando con el c\u00f3digo de la carta de invitaci\u00f3n a Censo en L\u00ednea dejada por la o el censista al momento de la visita. El INE adem\u00e1s precis\u00f3 que no llamar\u00e1 ni enviar\u00e1 links de acceso al Censo en L\u00ednea v\u00eda WhatsApp o correo electr\u00f3nico.<\/p>\n<p style=\"text-align: justify;\">Las personas que responden el Censo en L\u00ednea reciben un Comprobante de Cuestionario como confirmaci\u00f3n de que su vivienda ha sido censada, el que podr\u00e1 ser exhibido como medio de verificaci\u00f3n en caso de ser visitados por los equipos de censistas. Este comprobante llega al correo asociado al Censo en L\u00ednea una vez completado el cuestionario.<\/p>\n<p style=\"text-align: justify;\">Tal como est\u00e1 planificado, el Censo 2024 continuar\u00e1 durante todo junio. A la fecha, ya existe un grupo de comunas que no seguir\u00e1 siendo visitada por censistas en terreno y solo tendr\u00e1n activa la modalidad de acceso a Censo en L\u00ednea. Para conocer estas comunas y las que se vayan sumando, se debe ingresar a la plataforma en\u00a0<a href=\"https:\/\/nam02.safelinks.protection.outlook.com\/?url=http%3A%2F%2Fwww.censo2024.cl%2F&amp;data=05%7C02%7Cacoliveran%40ine.gob.cl%7Cb00f89a1c26e499efa8a08dc7e5dd1f2%7C5baaaa0a1f94469bbbb9d1645dad5ac5%7C0%7C0%7C638524188720912379%7CUnknown%7CTWFpbGZsb3d8eyJWIjoiMC4wLjAwMDAiLCJQIjoiV2luMzIiLCJBTiI6Ik1haWwiLCJXVCI6Mn0%3D%7C0%7C%7C%7C&amp;sdata=C3QePQaIXoqoPvfFj0LXYbqiuPpo3tdaH3ymJMw0y5g%3D&amp;reserved=0\">www.censo2024.cl<\/a>.<\/p>\n<p style=\"text-align: justify;\">Es necesario hacer presente que la ley 17.374 que rige al INE establece que todos los habitantes del pa\u00eds deben proporcionar los datos que les sean requeridos para el operativo censal.\u00a0La misma ley establece el secreto estad\u00edstico, es decir, que los datos que recopila el INE son confidenciales y su uso es solo con fines estad\u00edsticos.<\/p>\n<\/div><\/section><\/div><div  style='height:50px' class='hr hr-invisible   avia-builder-el-6  el_after_av_one_full  el_before_av_social_share '><span class='hr-inner ' ><span class='hr-inner-style'><\/span><\/span><\/div><\/p>\n<div  class='av-social-sharing-box  avia-builder-el-7  el_after_av_hr  el_before_av_hr  '><div class='av-share-box'><h5 class='av-share-link-description av-no-toc '>Compartir esta noticia<\/h5><ul class='av-share-box-list noLightbox'><li class='av-share-link av-social-link-facebook' ><a target=\"_blank\" aria-label=\"Compartir en Facebook\" href='https:\/\/www.facebook.com\/sharer.php?u=https:\/\/radiorevelacionfm.cl\/?p=42587&#038;t=Seg%C3%BAn%20lo%20planificado%2C%20se%20inicia%20la%20tercera%20fase%20del%20Censo%20que%20se%20extender%C3%A1%20hasta%20finales%20de%20junio%20en%20todo%20el%20pa%C3%ADs' aria-hidden='false' data-av_icon='\ue8f3' data-av_iconfont='entypo-fontello' title='' data-avia-related-tooltip='Compartir en Facebook' rel=\"noopener\"><span class='avia_hidden_link_text'>Compartir en Facebook<\/span><\/a><\/li><li class='av-share-link av-social-link-twitter' ><a target=\"_blank\" aria-label=\"Compartir en Twitter\" href='https:\/\/twitter.com\/share?text=Seg%C3%BAn%20lo%20planificado%2C%20se%20inicia%20la%20tercera%20fase%20del%20Censo%20que%20se%20extender%C3%A1%20hasta%20finales%20de%20junio%20en%20todo%20el%20pa%C3%ADs&#038;url=https:\/\/radiorevelacionfm.cl\/?p=42587' aria-hidden='false' data-av_icon='\ue8f1' data-av_iconfont='entypo-fontello' title='' data-avia-related-tooltip='Compartir en Twitter' rel=\"noopener\"><span class='avia_hidden_link_text'>Compartir en Twitter<\/span><\/a><\/li><li class='av-share-link av-social-link-whatsapp' ><a target=\"_blank\" aria-label=\"Compartir en Whatsapp\" href='https:\/\/api.whatsapp.com\/send?text=https:\/\/radiorevelacionfm.cl\/?p=42587' aria-hidden='false' data-av_icon='\uf232' data-av_iconfont='entypo-fontello' title='' data-avia-related-tooltip='Compartir en Whatsapp' rel=\"noopener\"><span class='avia_hidden_link_text'>Compartir en Whatsapp<\/span><\/a><\/li><li class='av-share-link av-social-link-linkedin' ><a target=\"_blank\" aria-label=\"Compartir en LinkedIn\" href='https:\/\/linkedin.com\/shareArticle?mini=true&#038;title=Seg%C3%BAn%20lo%20planificado%2C%20se%20inicia%20la%20tercera%20fase%20del%20Censo%20que%20se%20extender%C3%A1%20hasta%20finales%20de%20junio%20en%20todo%20el%20pa%C3%ADs&#038;url=https:\/\/radiorevelacionfm.cl\/?p=42587' aria-hidden='false' data-av_icon='\ue8fc' data-av_iconfont='entypo-fontello' title='' data-avia-related-tooltip='Compartir en LinkedIn' rel=\"noopener\"><span class='avia_hidden_link_text'>Compartir en LinkedIn<\/span><\/a><\/li><li class='av-share-link av-social-link-mail' ><a  aria-label=\"Compartir por correo\" href='mailto:?subject=Seg%C3%BAn%20lo%20planificado%2C%20se%20inicia%20la%20tercera%20fase%20del%20Censo%20que%20se%20extender%C3%A1%20hasta%20finales%20de%20junio%20en%20todo%20el%20pa%C3%ADs&#038;body=https:\/\/radiorevelacionfm.cl\/?p=42587' aria-hidden='false' data-av_icon='\ue805' data-av_iconfont='entypo-fontello' title='' data-avia-related-tooltip='Compartir por correo'><span class='avia_hidden_link_text'>Compartir por correo<\/span><\/a><\/li><\/ul><\/div><\/div>\n<div  style='height:50px' class='hr hr-invisible   avia-builder-el-8  el_after_av_social_share  el_before_av_comments_list '><span class='hr-inner ' ><span class='hr-inner-style'><\/span><\/span><\/div>\n<div  class='av-buildercomment  av-blog-meta-html-info-disabled av-blog-meta-tag-disabled  '><\/div>\n","protected":false},"excerpt":{"rendered":"","protected":false},"author":1,"featured_media":42588,"comment_status":"open","ping_status":"open","sticky":false,"template":"","format":"standard","meta":{"footnotes":""},"categories":[38],"tags":[],"class_list":["post-42587","post","type-post","status-publish","format-standard","has-post-thumbnail","hentry","category-regional"],"jetpack_featured_media_url":"https:\/\/radiorevelacionfm.cl\/wp-content\/uploads\/2024\/05\/20240528_150304-1-1.jpg","_links":{"self":[{"href":"https:\/\/radiorevelacionfm.cl\/index.php?rest_route=\/wp\/v2\/posts\/42587","targetHints":{"allow":["GET"]}}],"collection":[{"href":"https:\/\/radiorevelacionfm.cl\/index.php?rest_route=\/wp\/v2\/posts"}],"about":[{"href":"https:\/\/radiorevelacionfm.cl\/index.php?rest_route=\/wp\/v2\/types\/post"}],"author":[{"embeddable":true,"href":"https:\/\/radiorevelacionfm.cl\/index.php?rest_route=\/wp\/v2\/users\/1"}],"replies":[{"embeddable":true,"href":"https:\/\/radiorevelacionfm.cl\/index.php?rest_route=%2Fwp%2Fv2%2Fcomments&post=42587"}],"version-history":[{"count":1,"href":"https:\/\/radiorevelacionfm.cl\/index.php?rest_route=\/wp\/v2\/posts\/42587\/revisions"}],"predecessor-version":[{"id":42589,"href":"https:\/\/radiorevelacionfm.cl\/index.php?rest_route=\/wp\/v2\/posts\/42587\/revisions\/42589"}],"wp:featuredmedia":[{"embeddable":true,"href":"https:\/\/radiorevelacionfm.cl\/index.php?rest_route=\/wp\/v2\/media\/42588"}],"wp:attachment":[{"href":"https:\/\/radiorevelacionfm.cl\/index.php?rest_route=%2Fwp%2Fv2%2Fmedia&parent=42587"}],"wp:term":[{"taxonomy":"category","embeddable":true,"href":"https:\/\/radiorevelacionfm.cl\/index.php?rest_route=%2Fwp%2Fv2%2Fcategories&post=42587"},{"taxonomy":"post_tag","embeddable":true,"href":"https:\/\/radiorevelacionfm.cl\/index.php?rest_route=%2Fwp%2Fv2%2Ftags&post=42587"}],"curies":[{"name":"wp","href":"https:\/\/api.w.org\/{rel}","templated":true}]}}