{"id":42584,"date":"2024-05-28T15:09:40","date_gmt":"2024-05-28T18:09:40","guid":{"rendered":"https:\/\/radiorevelacionfm.cl\/?p=42584"},"modified":"2024-05-28T15:09:40","modified_gmt":"2024-05-28T18:09:40","slug":"en-puerto-aysen-agrupacion-de-mujeres-campesinas-y-emprendedoras-potencian-su-produccion-y-comercializacion-con-el-fosis","status":"publish","type":"post","link":"https:\/\/radiorevelacionfm.cl\/?p=42584","title":{"rendered":"En Puerto Ays\u00e9n Agrupaci\u00f3n de Mujeres Campesinas y Emprendedoras potencian su producci\u00f3n y comercializaci\u00f3n con el FOSIS"},"content":{"rendered":"<div class=\"flex_column av_one_full  flex_column_div av-zero-column-padding first  avia-builder-el-0  el_before_av_one_full  avia-builder-el-first  \" style='border-radius:0px; '><div  class='avia-image-container  av-styling-    avia-builder-el-1  avia-builder-el-no-sibling  avia-align-center '  itemprop=\"image\" itemscope=\"itemscope\" itemtype=\"https:\/\/schema.org\/ImageObject\"  ><div class='avia-image-container-inner'><div class='avia-image-overlay-wrap'><img decoding=\"async\" class='wp-image-42585 avia-img-lazy-loading-not-42585 avia_image' src=\"https:\/\/radiorevelacionfm.cl\/wp-content\/uploads\/2024\/05\/1-71-1-1.jpeg\" alt='' title='1 (71) (1) (1)' height=\"600\" width=\"1067\"  itemprop=\"thumbnailUrl\" srcset=\"https:\/\/radiorevelacionfm.cl\/wp-content\/uploads\/2024\/05\/1-71-1-1.jpeg 1067w, https:\/\/radiorevelacionfm.cl\/wp-content\/uploads\/2024\/05\/1-71-1-1-300x169.jpeg 300w, https:\/\/radiorevelacionfm.cl\/wp-content\/uploads\/2024\/05\/1-71-1-1-1030x579.jpeg 1030w, https:\/\/radiorevelacionfm.cl\/wp-content\/uploads\/2024\/05\/1-71-1-1-768x432.jpeg 768w, https:\/\/radiorevelacionfm.cl\/wp-content\/uploads\/2024\/05\/1-71-1-1-705x396.jpeg 705w, https:\/\/radiorevelacionfm.cl\/wp-content\/uploads\/2024\/05\/1-71-1-1-450x253.jpeg 450w, https:\/\/radiorevelacionfm.cl\/wp-content\/uploads\/2024\/05\/1-71-1-1-600x337.jpeg 600w\" sizes=\"(max-width: 1067px) 100vw, 1067px\" \/><\/div><\/div><\/div><\/div><div class=\"flex_column av_one_full  flex_column_div av-zero-column-padding first  avia-builder-el-2  el_after_av_one_full  el_before_av_one_full  column-top-margin\" style='border-radius:0px; '><section class=\"av_textblock_section \"  itemscope=\"itemscope\" itemtype=\"https:\/\/schema.org\/BlogPosting\" itemprop=\"blogPost\" ><div class='avia_textblock  '   itemprop=\"text\" ><p style=\"text-align: center;\"><strong><span style=\"font-size: 18pt;\">En Puerto Ays\u00e9n Agrupaci\u00f3n de Mujeres Campesinas y Emprendedoras potencian su producci\u00f3n y comercializaci\u00f3n con el FOSIS<\/span><\/strong><\/p>\n<div id=\"gtx-trans\" style=\"position: absolute; left: -50px; top: 4.31534px;\">\n<div class=\"gtx-trans-icon\"><\/div>\n<\/div>\n<\/div><\/section><\/div><div class=\"flex_column av_one_full  flex_column_div av-zero-column-padding first  avia-builder-el-4  el_after_av_one_full  el_before_av_hr  column-top-margin\" style='border-radius:0px; '><section class=\"av_textblock_section \"  itemscope=\"itemscope\" itemtype=\"https:\/\/schema.org\/BlogPosting\" itemprop=\"blogPost\" ><div class='avia_textblock  '   itemprop=\"text\" ><p style=\"text-align: justify;\"><em>El programa Emprendamos Grupal Autogestionado permiti\u00f3 a esta organizaci\u00f3n productiva implementar mejoras en sus espacios de venta, fortalecer su imagen corporativa, adquirir insumos y capacitarse.<\/em><\/p>\n<p style=\"text-align: justify;\">El proyecto denominado \u201cMejorando nuestro espacio de producci\u00f3n y comercializaci\u00f3n\u201d, fue ejecutada por la Agrupaci\u00f3n de Mujeres Campesinas y Emprendedoras de Ays\u00e9n, financiada gracias al programa Emprendamos Grupal Autogestionado del Fondo de Solidaridad e Inversi\u00f3n Social, FOSIS.<\/p>\n<p style=\"text-align: justify;\">Hasta la Feria Campesina Las Maravillas, ubicada en Puerto Ays\u00e9n, lleg\u00f3 el Delegado Presidencial Provincial, Jorge D\u00edaz, acompa\u00f1ado de la Directora Regional del FOSIS, Fernanda Leiva, para compartir con las integrantes de esta organizaci\u00f3n productiva y conocer el aporte que signific\u00f3 la ejecuci\u00f3n de este proyecto autogestionado.<\/p>\n<p style=\"text-align: justify;\">Gracias a los recursos que entrega esta instancia program\u00e1tica se financi\u00f3 mobiliario para su espacio de venta, materiales de construcci\u00f3n y mantenci\u00f3n de invernaderos, insumos agr\u00edcolas, publicidad en medios locales, capacitaci\u00f3n en atenci\u00f3n al cliente, manejo y mantenci\u00f3n de invernadero y estrategias de comercializaci\u00f3n agr\u00edcola.<\/p>\n<p style=\"text-align: justify;\">Gladys Mardones, Presidenta de la Agrupaci\u00f3n de Mujeres Campesinas y Emprendedoras de Ays\u00e9n, destac\u00f3 que \u201cgracias a este proyecto adquirimos letreros, mesones, manteles, productos para las socias, las capacitaciones que fueron muy importantes igual. Hicimos una capacitaci\u00f3n de comercializaci\u00f3n, de atenci\u00f3n al cliente que es importante para nuestras ventas. Hicimos unos en vivo que fue genial, lleg\u00f3 m\u00e1s gente y nos sirve para que nos reconozcan que estamos todo el a\u00f1o ac\u00e1, todos los s\u00e1bados de 09:00 a 14:00 horas\u201d.<\/p>\n<p style=\"text-align: justify;\">El Delegado Presidencial Provincial de Ays\u00e9n, Jorge D\u00edaz, recalc\u00f3 que \u201ccomo Gobierno estamos muy contentos de que el FOSIS, a trav\u00e9s del Ministerio de Desarrollo Social y Familia, est\u00e9 apoyando a este grupo de emprendedoras vinculadas al rubro agr\u00edcola, aqu\u00ed se venden hortalizas, plantas, yerbas medicinales, mermeladas, entre otros. Son todos productos que elaboran ellas a escala humana y, por lo tanto, apoyar este tipo de iniciativas es muy importante para nosotros. Creemos que este proyecto puede seguir creciendo para que esto se transforme en una feria de mayor infraestructura\u201d.<\/p>\n<p style=\"text-align: justify;\">Fernanda Leiva, Directora Regional del FOSIS en Ays\u00e9n, asegur\u00f3 que \u201ces una agrupaci\u00f3n que tiene una historia muy bonita y que refleja todo el trabajo de cada una de estas emprendedoras a trav\u00e9s de la labor mancomunada que realizan como organizaci\u00f3n. Su imagen corporativa qued\u00f3 preciosa, es una agrupaci\u00f3n que tiene mucho potencial y estamos muy contentos de haber colaborado en su crecimiento, en mejorar su imagen, entr\u00e9gales conocimientos y herramientas para su mejor desempe\u00f1o en ventas y producci\u00f3n\u201d.<\/p>\n<p style=\"text-align: justify;\">El Programa Emprendamos Grupal Autogestionado permite a organizaciones productivas desarrollar actividades econ\u00f3micas y mejorar las condiciones de producci\u00f3n de sus negocios, fortaleciendo capacidades personales y de las organizaciones, lazos de asociatividad y acceso a redes; con el fin de aumentar sus ingresos y fomentar su autonom\u00eda econ\u00f3mica.<\/p>\n<\/div><\/section><\/div><div  style='height:50px' class='hr hr-invisible   avia-builder-el-6  el_after_av_one_full  el_before_av_social_share '><span class='hr-inner ' ><span class='hr-inner-style'><\/span><\/span><\/div><\/p>\n<div  class='av-social-sharing-box  avia-builder-el-7  el_after_av_hr  el_before_av_hr  '><div class='av-share-box'><h5 class='av-share-link-description av-no-toc '>Compartir esta noticia<\/h5><ul class='av-share-box-list noLightbox'><li class='av-share-link av-social-link-facebook' ><a target=\"_blank\" aria-label=\"Compartir en Facebook\" href='https:\/\/www.facebook.com\/sharer.php?u=https:\/\/radiorevelacionfm.cl\/?p=42584&#038;t=En%20Puerto%20Ays%C3%A9n%20Agrupaci%C3%B3n%20de%20Mujeres%20Campesinas%20y%20Emprendedoras%20potencian%20su%20producci%C3%B3n%20y%20comercializaci%C3%B3n%20con%20el%20FOSIS' aria-hidden='false' data-av_icon='\ue8f3' data-av_iconfont='entypo-fontello' title='' data-avia-related-tooltip='Compartir en Facebook' rel=\"noopener\"><span class='avia_hidden_link_text'>Compartir en Facebook<\/span><\/a><\/li><li class='av-share-link av-social-link-twitter' ><a target=\"_blank\" aria-label=\"Compartir en Twitter\" href='https:\/\/twitter.com\/share?text=En%20Puerto%20Ays%C3%A9n%20Agrupaci%C3%B3n%20de%20Mujeres%20Campesinas%20y%20Emprendedoras%20potencian%20su%20producci%C3%B3n%20y%20comercializaci%C3%B3n%20con%20el%20FOSIS&#038;url=https:\/\/radiorevelacionfm.cl\/?p=42584' aria-hidden='false' data-av_icon='\ue8f1' data-av_iconfont='entypo-fontello' title='' data-avia-related-tooltip='Compartir en Twitter' rel=\"noopener\"><span class='avia_hidden_link_text'>Compartir en Twitter<\/span><\/a><\/li><li class='av-share-link av-social-link-whatsapp' ><a target=\"_blank\" aria-label=\"Compartir en Whatsapp\" href='https:\/\/api.whatsapp.com\/send?text=https:\/\/radiorevelacionfm.cl\/?p=42584' aria-hidden='false' data-av_icon='\uf232' data-av_iconfont='entypo-fontello' title='' data-avia-related-tooltip='Compartir en Whatsapp' rel=\"noopener\"><span class='avia_hidden_link_text'>Compartir en Whatsapp<\/span><\/a><\/li><li class='av-share-link av-social-link-linkedin' ><a target=\"_blank\" aria-label=\"Compartir en LinkedIn\" href='https:\/\/linkedin.com\/shareArticle?mini=true&#038;title=En%20Puerto%20Ays%C3%A9n%20Agrupaci%C3%B3n%20de%20Mujeres%20Campesinas%20y%20Emprendedoras%20potencian%20su%20producci%C3%B3n%20y%20comercializaci%C3%B3n%20con%20el%20FOSIS&#038;url=https:\/\/radiorevelacionfm.cl\/?p=42584' aria-hidden='false' data-av_icon='\ue8fc' data-av_iconfont='entypo-fontello' title='' data-avia-related-tooltip='Compartir en LinkedIn' rel=\"noopener\"><span class='avia_hidden_link_text'>Compartir en LinkedIn<\/span><\/a><\/li><li class='av-share-link av-social-link-mail' ><a  aria-label=\"Compartir por correo\" href='mailto:?subject=En%20Puerto%20Ays%C3%A9n%20Agrupaci%C3%B3n%20de%20Mujeres%20Campesinas%20y%20Emprendedoras%20potencian%20su%20producci%C3%B3n%20y%20comercializaci%C3%B3n%20con%20el%20FOSIS&#038;body=https:\/\/radiorevelacionfm.cl\/?p=42584' aria-hidden='false' data-av_icon='\ue805' data-av_iconfont='entypo-fontello' title='' data-avia-related-tooltip='Compartir por correo'><span class='avia_hidden_link_text'>Compartir por correo<\/span><\/a><\/li><\/ul><\/div><\/div>\n<div  style='height:50px' class='hr hr-invisible   avia-builder-el-8  el_after_av_social_share  el_before_av_comments_list '><span class='hr-inner ' ><span class='hr-inner-style'><\/span><\/span><\/div>\n<div  class='av-buildercomment  av-blog-meta-html-info-disabled av-blog-meta-tag-disabled  '><\/div>\n","protected":false},"excerpt":{"rendered":"","protected":false},"author":1,"featured_media":42585,"comment_status":"open","ping_status":"open","sticky":false,"template":"","format":"standard","meta":{"footnotes":""},"categories":[38],"tags":[],"class_list":["post-42584","post","type-post","status-publish","format-standard","has-post-thumbnail","hentry","category-regional"],"jetpack_featured_media_url":"https:\/\/radiorevelacionfm.cl\/wp-content\/uploads\/2024\/05\/1-71-1-1.jpeg","_links":{"self":[{"href":"https:\/\/radiorevelacionfm.cl\/index.php?rest_route=\/wp\/v2\/posts\/42584","targetHints":{"allow":["GET"]}}],"collection":[{"href":"https:\/\/radiorevelacionfm.cl\/index.php?rest_route=\/wp\/v2\/posts"}],"about":[{"href":"https:\/\/radiorevelacionfm.cl\/index.php?rest_route=\/wp\/v2\/types\/post"}],"author":[{"embeddable":true,"href":"https:\/\/radiorevelacionfm.cl\/index.php?rest_route=\/wp\/v2\/users\/1"}],"replies":[{"embeddable":true,"href":"https:\/\/radiorevelacionfm.cl\/index.php?rest_route=%2Fwp%2Fv2%2Fcomments&post=42584"}],"version-history":[{"count":1,"href":"https:\/\/radiorevelacionfm.cl\/index.php?rest_route=\/wp\/v2\/posts\/42584\/revisions"}],"predecessor-version":[{"id":42586,"href":"https:\/\/radiorevelacionfm.cl\/index.php?rest_route=\/wp\/v2\/posts\/42584\/revisions\/42586"}],"wp:featuredmedia":[{"embeddable":true,"href":"https:\/\/radiorevelacionfm.cl\/index.php?rest_route=\/wp\/v2\/media\/42585"}],"wp:attachment":[{"href":"https:\/\/radiorevelacionfm.cl\/index.php?rest_route=%2Fwp%2Fv2%2Fmedia&parent=42584"}],"wp:term":[{"taxonomy":"category","embeddable":true,"href":"https:\/\/radiorevelacionfm.cl\/index.php?rest_route=%2Fwp%2Fv2%2Fcategories&post=42584"},{"taxonomy":"post_tag","embeddable":true,"href":"https:\/\/radiorevelacionfm.cl\/index.php?rest_route=%2Fwp%2Fv2%2Ftags&post=42584"}],"curies":[{"name":"wp","href":"https:\/\/api.w.org\/{rel}","templated":true}]}}