{"id":42582,"date":"2024-05-29T11:08:34","date_gmt":"2024-05-29T14:08:34","guid":{"rendered":"https:\/\/radiorevelacionfm.cl\/?p=42582"},"modified":"2024-05-29T11:08:34","modified_gmt":"2024-05-29T14:08:34","slug":"aysen-y-magallanes-se-preparan-para-los-juegos-binacionales-de-la-araucania-2024","status":"publish","type":"post","link":"https:\/\/radiorevelacionfm.cl\/?p=42582","title":{"rendered":"Ays\u00e9n y Magallanes se preparan para los Juegos Binacionales de la Araucan\u00eda 2024"},"content":{"rendered":"<div class=\"flex_column av_one_full  flex_column_div av-zero-column-padding first  avia-builder-el-0  el_before_av_one_full  avia-builder-el-first  \" style='border-radius:0px; '><div  class='avia-image-container  av-styling-    avia-builder-el-1  avia-builder-el-no-sibling  avia-align-center '  itemprop=\"image\" itemscope=\"itemscope\" itemtype=\"https:\/\/schema.org\/ImageObject\"  ><div class='avia-image-container-inner'><div class='avia-image-overlay-wrap'><img decoding=\"async\" class='wp-image-42621 avia-img-lazy-loading-not-42621 avia_image' src=\"https:\/\/radiorevelacionfm.cl\/wp-content\/uploads\/2024\/05\/img_9457-1_optimized.jpg\" alt='' title='img_9457-(1)_optimized' height=\"600\" width=\"900\"  itemprop=\"thumbnailUrl\" srcset=\"https:\/\/radiorevelacionfm.cl\/wp-content\/uploads\/2024\/05\/img_9457-1_optimized.jpg 900w, https:\/\/radiorevelacionfm.cl\/wp-content\/uploads\/2024\/05\/img_9457-1_optimized-300x200.jpg 300w, https:\/\/radiorevelacionfm.cl\/wp-content\/uploads\/2024\/05\/img_9457-1_optimized-768x512.jpg 768w, https:\/\/radiorevelacionfm.cl\/wp-content\/uploads\/2024\/05\/img_9457-1_optimized-705x470.jpg 705w, https:\/\/radiorevelacionfm.cl\/wp-content\/uploads\/2024\/05\/img_9457-1_optimized-450x300.jpg 450w, https:\/\/radiorevelacionfm.cl\/wp-content\/uploads\/2024\/05\/img_9457-1_optimized-600x400.jpg 600w\" sizes=\"(max-width: 900px) 100vw, 900px\" \/><\/div><\/div><\/div><\/div><div class=\"flex_column av_one_full  flex_column_div av-zero-column-padding first  avia-builder-el-2  el_after_av_one_full  el_before_av_one_full  column-top-margin\" style='border-radius:0px; '><section class=\"av_textblock_section \"  itemscope=\"itemscope\" itemtype=\"https:\/\/schema.org\/BlogPosting\" itemprop=\"blogPost\" ><div class='avia_textblock  '   itemprop=\"text\" ><p style=\"text-align: center;\"><span style=\"font-size: 18pt;\"><b>Ays\u00e9n y Magallanes se preparan para los Juegos Binacionales de la Araucan\u00eda 2024<\/b><\/span><\/p>\n<div id=\"gtx-trans\" style=\"position: absolute; left: -50px; top: 4.31534px;\">\n<div class=\"gtx-trans-icon\"><\/div>\n<\/div>\n<\/div><\/section><\/div><div class=\"flex_column av_one_full  flex_column_div av-zero-column-padding first  avia-builder-el-4  el_after_av_one_full  el_before_av_hr  column-top-margin\" style='border-radius:0px; '><section class=\"av_textblock_section \"  itemscope=\"itemscope\" itemtype=\"https:\/\/schema.org\/BlogPosting\" itemprop=\"blogPost\" ><div class='avia_textblock  '   itemprop=\"text\" ><p style=\"font-weight: 400; text-align: justify;\"><em>Los delegados presidenciales regionales, seremis del Deporte y directores de IND de ambas regiones, revisaron recintos deportivos y avances para este evento deportivo, que se desarrollar\u00e1 entre el 10 y 16 de noviembre pr\u00f3ximo.<\/em><\/p>\n<p style=\"font-weight: 400; text-align: justify;\">Con jornadas de trabajo conjunto en que participan los delegados presidenciales regionales, seremis del Deporte y directores del Instituto Nacional del Deporte (IND), el Gobierno avanza en la organizaci\u00f3n de los Juegos Binacionales Araucan\u00eda-Ays\u00e9n 2024, que se desarrollar\u00e1n entre el 10 y 16 de noviembre, en las comunas de Coyhaique y Ays\u00e9n, m\u00e1s una subsede en Punta Arenas.<\/p>\n<p style=\"font-weight: 400; text-align: justify;\">Los Juegos Binacionales de la Araucan\u00eda son un conjunto de competencias deportivas, que re\u00fanen a j\u00f3venes procedentes de las regiones del sur de Chile y de Argentina, desde el a\u00f1o 1992, cuya primera edici\u00f3n fue en la regi\u00f3n de La Araucan\u00eda, de lo cual se desprende su nombre.<\/p>\n<p style=\"font-weight: 400; text-align: justify;\">Este a\u00f1o congregar\u00e1 a m\u00e1s de 2.500 personas, entre deportistas, t\u00e9cnicos, \u00e1rbitros y delegados, representantes de las regiones de \u00d1uble, Biob\u00edo, La Araucan\u00eda, Los R\u00edos, Los Lagos, Ays\u00e9n y Magallanes; m\u00e1s las provincias de La Pampa, Neuqu\u00e9n, R\u00edo Negro, Chubut, Santa Cruz y Tierra del Fuego.<\/p>\n<p style=\"font-weight: 400; text-align: justify;\">El delegado Rodrigo Araya destac\u00f3 que es fundamental salvaguardar todos los aspectos vinculados a este evento, para que tanto las y los deportistas como tambi\u00e9n las comunidades anfitrionas puedan vivir y disfrutar a cabalidad esta fiesta deportiva.<\/p>\n<p style=\"font-weight: 400; text-align: justify;\">\u201cEstuvimos revisando todo lo relacionado con la subsede de los Juegos de la Araucan\u00eda para noviembre de este a\u00f1o. Hemos estado revisando todo lo log\u00edstico, como los establecimientos que vamos a usar. Todo est\u00e1 marchando perfecto, as\u00ed es que vamos a tener unos Juegos de la Araucan\u00eda maravillosos en Ays\u00e9n y Magallanes\u201d, subray\u00f3.<\/p>\n<p style=\"font-weight: 400; text-align: justify;\">Las disciplinas deportivas consideradas son b\u00e1squetbol, v\u00f3leibol, judo, atletismo y nataci\u00f3n se desarrollar\u00e1n en las subsedes de Coyhaique y Puerto Ays\u00e9n en la Regi\u00f3n de Ays\u00e9n, mientras que el f\u00fatbol y ciclismo se disputar\u00e1n en las subsedes de Punta Arenas, en la Regi\u00f3n de Magallanes.<\/p>\n<p style=\"font-weight: 400; text-align: justify;\">La seremi del Deporte de Ays\u00e9n Eugenia Dur\u00e1n junto al director regional de IND, Javier Medina, indicaron que junto a los recintos deportivos se evalu\u00f3 el avance que registran los servicios requeridos para la permanencia de las delegaciones en ambas regiones.<\/p>\n<p style=\"font-weight: 400; text-align: justify;\">\u201cEstamos proyectando el compromiso de Estado y del Gobierno del Presidente Gabriel Boric. Todo est\u00e1 todo marchando perfectamente bien, nuestras selecciones de Ays\u00e9n, de las dem\u00e1s regiones de Chile y de Argentina, van a tener un muy buen desarrollo de las disciplinas de ciclismo y f\u00fatbol, tanto en damos como varones, as\u00ed es que seguimos trabajando para que estos sean unos Juegos de la Araucan\u00eda 2024 de excelencia\u201d, puntualiz\u00f3.<\/p>\n<p style=\"font-weight: 400; text-align: justify;\">Su par de Mallanes, Alejandro Olate coincidi\u00f3 en valorar este evento del sur chileno argentino. \u201cEstamos agradecidos y acostumbramos a tener la capacidad de organizaci\u00f3n profesional que tienen nuestros funcionarios del IND, encargados de la organizaci\u00f3n de estos juegos hist\u00f3ricos, en que la regi\u00f3n de Magallanes y Ays\u00e9n, van a estar preparados para dar la mejor de las atenciones, con una calidad \u00fanica en estos juegos\u201d.<\/p>\n<p style=\"font-weight: 400; text-align: justify;\">El Comit\u00e9 de Honor de los Juegos Binacionales de la Araucan\u00eda es el \u00f3rgano encargado y facultado para salvaguardar, supervisar y colaborar en el desarrollo de las funciones primordiales en la organizaci\u00f3n de este trig\u00e9simo primer evento internacional, relacionando a las organizaciones del estado con los requerimientos t\u00e9cnicos del Comit\u00e9 Operativo Local (COL).<\/p>\n<\/div><\/section><\/div><\/p>\n<div  style='height:50px' class='hr hr-invisible   avia-builder-el-6  el_after_av_one_full  el_before_av_social_share '><span class='hr-inner ' ><span class='hr-inner-style'><\/span><\/span><\/div>\n<div  class='av-social-sharing-box  avia-builder-el-7  el_after_av_hr  el_before_av_hr  '><div class='av-share-box'><h5 class='av-share-link-description av-no-toc '>Compartir esta noticia<\/h5><ul class='av-share-box-list noLightbox'><li class='av-share-link av-social-link-facebook' ><a target=\"_blank\" aria-label=\"Compartir en Facebook\" href='https:\/\/www.facebook.com\/sharer.php?u=https:\/\/radiorevelacionfm.cl\/?p=42582&#038;t=Ays%C3%A9n%20y%20Magallanes%20se%20preparan%20para%20los%20Juegos%20Binacionales%20de%20la%20Araucan%C3%ADa%202024' aria-hidden='false' data-av_icon='\ue8f3' data-av_iconfont='entypo-fontello' title='' data-avia-related-tooltip='Compartir en Facebook' rel=\"noopener\"><span class='avia_hidden_link_text'>Compartir en Facebook<\/span><\/a><\/li><li class='av-share-link av-social-link-twitter' ><a target=\"_blank\" aria-label=\"Compartir en Twitter\" href='https:\/\/twitter.com\/share?text=Ays%C3%A9n%20y%20Magallanes%20se%20preparan%20para%20los%20Juegos%20Binacionales%20de%20la%20Araucan%C3%ADa%202024&#038;url=https:\/\/radiorevelacionfm.cl\/?p=42582' aria-hidden='false' data-av_icon='\ue8f1' data-av_iconfont='entypo-fontello' title='' data-avia-related-tooltip='Compartir en Twitter' rel=\"noopener\"><span class='avia_hidden_link_text'>Compartir en Twitter<\/span><\/a><\/li><li class='av-share-link av-social-link-whatsapp' ><a target=\"_blank\" aria-label=\"Compartir en Whatsapp\" href='https:\/\/api.whatsapp.com\/send?text=https:\/\/radiorevelacionfm.cl\/?p=42582' aria-hidden='false' data-av_icon='\uf232' data-av_iconfont='entypo-fontello' title='' data-avia-related-tooltip='Compartir en Whatsapp' rel=\"noopener\"><span class='avia_hidden_link_text'>Compartir en Whatsapp<\/span><\/a><\/li><li class='av-share-link av-social-link-linkedin' ><a target=\"_blank\" aria-label=\"Compartir en LinkedIn\" href='https:\/\/linkedin.com\/shareArticle?mini=true&#038;title=Ays%C3%A9n%20y%20Magallanes%20se%20preparan%20para%20los%20Juegos%20Binacionales%20de%20la%20Araucan%C3%ADa%202024&#038;url=https:\/\/radiorevelacionfm.cl\/?p=42582' aria-hidden='false' data-av_icon='\ue8fc' data-av_iconfont='entypo-fontello' title='' data-avia-related-tooltip='Compartir en LinkedIn' rel=\"noopener\"><span class='avia_hidden_link_text'>Compartir en LinkedIn<\/span><\/a><\/li><li class='av-share-link av-social-link-mail' ><a  aria-label=\"Compartir por correo\" href='mailto:?subject=Ays%C3%A9n%20y%20Magallanes%20se%20preparan%20para%20los%20Juegos%20Binacionales%20de%20la%20Araucan%C3%ADa%202024&#038;body=https:\/\/radiorevelacionfm.cl\/?p=42582' aria-hidden='false' data-av_icon='\ue805' data-av_iconfont='entypo-fontello' title='' data-avia-related-tooltip='Compartir por correo'><span class='avia_hidden_link_text'>Compartir por correo<\/span><\/a><\/li><\/ul><\/div><\/div>\n<div  style='height:50px' class='hr hr-invisible   avia-builder-el-8  el_after_av_social_share  el_before_av_comments_list '><span class='hr-inner ' ><span class='hr-inner-style'><\/span><\/span><\/div>\n<div  class='av-buildercomment  av-blog-meta-html-info-disabled av-blog-meta-tag-disabled  '><\/div>\n","protected":false},"excerpt":{"rendered":"","protected":false},"author":1,"featured_media":42621,"comment_status":"open","ping_status":"open","sticky":false,"template":"","format":"standard","meta":{"footnotes":""},"categories":[40],"tags":[],"class_list":["post-42582","post","type-post","status-publish","format-standard","has-post-thumbnail","hentry","category-deportes"],"jetpack_featured_media_url":"https:\/\/radiorevelacionfm.cl\/wp-content\/uploads\/2024\/05\/img_9457-1_optimized.jpg","_links":{"self":[{"href":"https:\/\/radiorevelacionfm.cl\/index.php?rest_route=\/wp\/v2\/posts\/42582","targetHints":{"allow":["GET"]}}],"collection":[{"href":"https:\/\/radiorevelacionfm.cl\/index.php?rest_route=\/wp\/v2\/posts"}],"about":[{"href":"https:\/\/radiorevelacionfm.cl\/index.php?rest_route=\/wp\/v2\/types\/post"}],"author":[{"embeddable":true,"href":"https:\/\/radiorevelacionfm.cl\/index.php?rest_route=\/wp\/v2\/users\/1"}],"replies":[{"embeddable":true,"href":"https:\/\/radiorevelacionfm.cl\/index.php?rest_route=%2Fwp%2Fv2%2Fcomments&post=42582"}],"version-history":[{"count":2,"href":"https:\/\/radiorevelacionfm.cl\/index.php?rest_route=\/wp\/v2\/posts\/42582\/revisions"}],"predecessor-version":[{"id":42622,"href":"https:\/\/radiorevelacionfm.cl\/index.php?rest_route=\/wp\/v2\/posts\/42582\/revisions\/42622"}],"wp:featuredmedia":[{"embeddable":true,"href":"https:\/\/radiorevelacionfm.cl\/index.php?rest_route=\/wp\/v2\/media\/42621"}],"wp:attachment":[{"href":"https:\/\/radiorevelacionfm.cl\/index.php?rest_route=%2Fwp%2Fv2%2Fmedia&parent=42582"}],"wp:term":[{"taxonomy":"category","embeddable":true,"href":"https:\/\/radiorevelacionfm.cl\/index.php?rest_route=%2Fwp%2Fv2%2Fcategories&post=42582"},{"taxonomy":"post_tag","embeddable":true,"href":"https:\/\/radiorevelacionfm.cl\/index.php?rest_route=%2Fwp%2Fv2%2Ftags&post=42582"}],"curies":[{"name":"wp","href":"https:\/\/api.w.org\/{rel}","templated":true}]}}