{"id":42579,"date":"2024-05-28T13:00:26","date_gmt":"2024-05-28T16:00:26","guid":{"rendered":"https:\/\/radiorevelacionfm.cl\/?p=42579"},"modified":"2024-05-28T13:00:26","modified_gmt":"2024-05-28T16:00:26","slug":"ninos-y-ninas-protagonizan-foro-infantil-en-jardin-infantil-kau-kalem-de-coyhaique","status":"publish","type":"post","link":"https:\/\/radiorevelacionfm.cl\/?p=42579","title":{"rendered":"Ni\u00f1os y ni\u00f1as protagonizan foro infantil en Jard\u00edn Infantil Kau-Kalem de Coyhaique"},"content":{"rendered":"<div class=\"flex_column av_one_full  flex_column_div av-zero-column-padding first  avia-builder-el-0  el_before_av_one_full  avia-builder-el-first  \" style='border-radius:0px; '><div  class='avia-image-container  av-styling-    avia-builder-el-1  avia-builder-el-no-sibling  avia-align-center '  itemprop=\"image\" itemscope=\"itemscope\" itemtype=\"https:\/\/schema.org\/ImageObject\"  ><div class='avia-image-container-inner'><div class='avia-image-overlay-wrap'><img decoding=\"async\" class='wp-image-42580 avia-img-lazy-loading-not-42580 avia_image' src=\"https:\/\/radiorevelacionfm.cl\/wp-content\/uploads\/2024\/05\/img_2467-1_optimized.jpg\" alt='' title='img_2467-(1)_optimized' height=\"600\" width=\"1067\"  itemprop=\"thumbnailUrl\" srcset=\"https:\/\/radiorevelacionfm.cl\/wp-content\/uploads\/2024\/05\/img_2467-1_optimized.jpg 1067w, https:\/\/radiorevelacionfm.cl\/wp-content\/uploads\/2024\/05\/img_2467-1_optimized-300x169.jpg 300w, https:\/\/radiorevelacionfm.cl\/wp-content\/uploads\/2024\/05\/img_2467-1_optimized-1030x579.jpg 1030w, https:\/\/radiorevelacionfm.cl\/wp-content\/uploads\/2024\/05\/img_2467-1_optimized-768x432.jpg 768w, https:\/\/radiorevelacionfm.cl\/wp-content\/uploads\/2024\/05\/img_2467-1_optimized-705x396.jpg 705w, https:\/\/radiorevelacionfm.cl\/wp-content\/uploads\/2024\/05\/img_2467-1_optimized-450x253.jpg 450w, https:\/\/radiorevelacionfm.cl\/wp-content\/uploads\/2024\/05\/img_2467-1_optimized-600x337.jpg 600w\" sizes=\"(max-width: 1067px) 100vw, 1067px\" \/><\/div><\/div><\/div><\/div><div class=\"flex_column av_one_full  flex_column_div av-zero-column-padding first  avia-builder-el-2  el_after_av_one_full  el_before_av_one_full  column-top-margin\" style='border-radius:0px; '><section class=\"av_textblock_section \"  itemscope=\"itemscope\" itemtype=\"https:\/\/schema.org\/BlogPosting\" itemprop=\"blogPost\" ><div class='avia_textblock  '   itemprop=\"text\" ><p style=\"text-align: center;\"><strong><span style=\"font-size: 18pt;\">Ni\u00f1os y ni\u00f1as protagonizan foro infantil en Jard\u00edn Infantil Kau-Kalem de Coyhaique <\/span><\/strong><\/p>\n<div id=\"gtx-trans\" style=\"position: absolute; left: -50px; top: 4.31534px;\">\n<div class=\"gtx-trans-icon\"><\/div>\n<\/div>\n<\/div><\/section><\/div><div class=\"flex_column av_one_full  flex_column_div av-zero-column-padding first  avia-builder-el-4  el_after_av_one_full  el_before_av_hr  column-top-margin\" style='border-radius:0px; '><section class=\"av_textblock_section \"  itemscope=\"itemscope\" itemtype=\"https:\/\/schema.org\/BlogPosting\" itemprop=\"blogPost\" ><div class='avia_textblock  '   itemprop=\"text\" ><p style=\"text-align: justify;\"><em>Dentro del marco del d\u00eda internacional de la familia, la comunidad educativa, junto a todos los jardines infantiles de la comuna, se reunieron para dialogar en conjunto.<\/em><\/p>\n<p style=\"text-align: justify;\">Con un objetivo claro, escuchar la opini\u00f3n de ni\u00f1os y ni\u00f1as, y que estos sean protagonistas de sus aprendizajes, se realiz\u00f3 en compa\u00f1\u00eda de todos los jardines infantiles Junji de Coyhaique, el primer Foro Infantil de este 2024, en el jard\u00edn infantil Kau-Kalem.<\/p>\n<p style=\"text-align: justify;\">Las comunidades educativas de Mi Peque\u00f1a Estancia, Arco\u00edris, Gabriela Mistral, Mart\u00edn Pescador y Kau-Kalem, se reunieron en el foro infantil titulado; \u201cMi Familia\u201d, donde pudieron hablar respecto de las actividades que hacen en conjunto, qui\u00e9nes son, y qu\u00e9 significa para ellos y ellas cada uno de sus integrantes.<\/p>\n<p style=\"text-align: justify;\">\u201cEs sumamente importante para nosotros poder generar estos foros infantiles donde ni\u00f1os y ni\u00f1as, se pueden expresar, pueden comunicar, relacionarse con otros y otras, porque no solamente de un mismo jard\u00edn, sino que, de distintos jardines infantiles, eso les permite convivir, compartir, aprender y generar estancias de aprendizajes colaborativos. Esta sinergia y articulaci\u00f3n entre nuestros jardines infantiles, para que no solamente compartir experiencias, sino ir generando estrategias en conjunto\u201d dijo el director regional de Junji, Juan Eduardo Lorca Valdivia.<\/p>\n<p style=\"text-align: justify;\">Un foro infantil brinda a ni\u00f1os y ni\u00f1as, la oportunidad de expresar sus ideas, opiniones y pensamientos. Esto les ayuda a desarrollar habilidades de comunicaci\u00f3n y les da confianza para expresarse en un entorno seguro y respetuoso.<\/p>\n<p style=\"text-align: justify;\">Javiera Avenda\u00f1o, educadora de JI Kau-Kalem, se\u00f1al\u00f3 que esta iniciativa surge porque \u201cparte por la celebraci\u00f3n de d\u00eda de las familias y dado que, como comunidad educativa potenciamos a las familias como primeros educadores de sus hijos e hijas, involucr\u00e1ndolas en todas las actividades\u201d.<\/p>\n<p style=\"text-align: justify;\">A trav\u00e9s practicas pedag\u00f3gicas como \u00e9sta, ni\u00f1os y ni\u00f1as aprenden desde la primera infancia, sobre el respeto y la empat\u00eda hacia los dem\u00e1s. Pueden aprender a escuchar y valorar las opiniones de los dem\u00e1s, incluso si difieren de las suyas. Esto promueve la tolerancia y la comprensi\u00f3n mutua.<\/p>\n<p style=\"text-align: justify;\">Esta actividad es parte tambi\u00e9n del trabajo que est\u00e1 realizando la Mesa de G\u00e9nero de la instituci\u00f3n en la regi\u00f3n. Gustavo Montiel, encargado de G\u00e9nero e Inclusi\u00f3n regional, dijo: \u201clo importante es que como Junji tenemos la iniciativa de promover actividades que busquen disminuir las brechas de g\u00e9nero, tambi\u00e9n entendiendo la aceptaci\u00f3n de la diversidad individual y familiar que tienen ni\u00f1os y ni\u00f1as. Es importante que reflexionemos sobre los roles que hay dentro de la familia, reconoci\u00e9ndoles, para que en el futuro ellos puedas ser personas m\u00e1s tolerantes a la diversidad.<\/p>\n<p style=\"text-align: justify;\">En este mismo sentido, un foro infantil fomenta el aprendizaje colaborativo: el interactuar con sus compa\u00f1eros y compa\u00f1eras, pueden discutir ideas, compartir conocimientos y aprender unos de otros. Esto promueve el aprendizaje colaborativo y les ense\u00f1a a trabajar en equipo.<\/p>\n<p style=\"text-align: justify;\">Esta invitaci\u00f3n fue extendida por el Jard\u00edn Infantil Kau-Kalem a todas las comunidades educativas de Coyhaique \u201cImportante foro, que bonito escuchar a los ni\u00f1os y las ni\u00f1as, como se van relacionando sus familias con los diferentes roles. Y vemos como se acortan las brechas, pap\u00e1s cocinando, pap\u00e1s y mam\u00e1s paseando junto a sus hijos e hijas. Vimos la diversidad de familias y tu ves como los ni\u00f1os se expresan y lo hacen parte de su vida, coment\u00f3 Mar\u00eda Francisca Rojas Covarrubias, directora del Jard\u00edn infantil \u201cGabriela Mistral\u201d.<\/p>\n<p style=\"text-align: justify;\">Para finalizar \u201cEsta oportunidad que le brindan a ni\u00f1os y ni\u00f1as de poder manifestarse, expresar, responder y conversar; es muy relevante para el desarrollo de ellos y ellas. Agradecer el equipo del jard\u00edn infantil Kau-Kalem por la invitaci\u00f3n, por la confianza. Que estas actividades se sigan repitiendo y masificando para que as\u00ed nuestros ni\u00f1os y ni\u00f1as puedan seguir entreg\u00e1ndonos su opini\u00f3n que es fundamental para el desarrollo de nuestra sociedad\u201d<\/p>\n<\/div><\/section><\/div><div  style='height:50px' class='hr hr-invisible   avia-builder-el-6  el_after_av_one_full  el_before_av_social_share '><span class='hr-inner ' ><span class='hr-inner-style'><\/span><\/span><\/div><\/p>\n<div  class='av-social-sharing-box  avia-builder-el-7  el_after_av_hr  el_before_av_hr  '><div class='av-share-box'><h5 class='av-share-link-description av-no-toc '>Compartir esta noticia<\/h5><ul class='av-share-box-list noLightbox'><li class='av-share-link av-social-link-facebook' ><a target=\"_blank\" aria-label=\"Compartir en Facebook\" href='https:\/\/www.facebook.com\/sharer.php?u=https:\/\/radiorevelacionfm.cl\/?p=42579&#038;t=Ni%C3%B1os%20y%20ni%C3%B1as%20protagonizan%20foro%20infantil%20en%20Jard%C3%ADn%20Infantil%20Kau-Kalem%20de%20Coyhaique' aria-hidden='false' data-av_icon='\ue8f3' data-av_iconfont='entypo-fontello' title='' data-avia-related-tooltip='Compartir en Facebook' rel=\"noopener\"><span class='avia_hidden_link_text'>Compartir en Facebook<\/span><\/a><\/li><li class='av-share-link av-social-link-twitter' ><a target=\"_blank\" aria-label=\"Compartir en Twitter\" href='https:\/\/twitter.com\/share?text=Ni%C3%B1os%20y%20ni%C3%B1as%20protagonizan%20foro%20infantil%20en%20Jard%C3%ADn%20Infantil%20Kau-Kalem%20de%20Coyhaique&#038;url=https:\/\/radiorevelacionfm.cl\/?p=42579' aria-hidden='false' data-av_icon='\ue8f1' data-av_iconfont='entypo-fontello' title='' data-avia-related-tooltip='Compartir en Twitter' rel=\"noopener\"><span class='avia_hidden_link_text'>Compartir en Twitter<\/span><\/a><\/li><li class='av-share-link av-social-link-whatsapp' ><a target=\"_blank\" aria-label=\"Compartir en Whatsapp\" href='https:\/\/api.whatsapp.com\/send?text=https:\/\/radiorevelacionfm.cl\/?p=42579' aria-hidden='false' data-av_icon='\uf232' data-av_iconfont='entypo-fontello' title='' data-avia-related-tooltip='Compartir en Whatsapp' rel=\"noopener\"><span class='avia_hidden_link_text'>Compartir en Whatsapp<\/span><\/a><\/li><li class='av-share-link av-social-link-linkedin' ><a target=\"_blank\" aria-label=\"Compartir en LinkedIn\" href='https:\/\/linkedin.com\/shareArticle?mini=true&#038;title=Ni%C3%B1os%20y%20ni%C3%B1as%20protagonizan%20foro%20infantil%20en%20Jard%C3%ADn%20Infantil%20Kau-Kalem%20de%20Coyhaique&#038;url=https:\/\/radiorevelacionfm.cl\/?p=42579' aria-hidden='false' data-av_icon='\ue8fc' data-av_iconfont='entypo-fontello' title='' data-avia-related-tooltip='Compartir en LinkedIn' rel=\"noopener\"><span class='avia_hidden_link_text'>Compartir en LinkedIn<\/span><\/a><\/li><li class='av-share-link av-social-link-mail' ><a  aria-label=\"Compartir por correo\" href='mailto:?subject=Ni%C3%B1os%20y%20ni%C3%B1as%20protagonizan%20foro%20infantil%20en%20Jard%C3%ADn%20Infantil%20Kau-Kalem%20de%20Coyhaique&#038;body=https:\/\/radiorevelacionfm.cl\/?p=42579' aria-hidden='false' data-av_icon='\ue805' data-av_iconfont='entypo-fontello' title='' data-avia-related-tooltip='Compartir por correo'><span class='avia_hidden_link_text'>Compartir por correo<\/span><\/a><\/li><\/ul><\/div><\/div>\n<div  style='height:50px' class='hr hr-invisible   avia-builder-el-8  el_after_av_social_share  el_before_av_comments_list '><span class='hr-inner ' ><span class='hr-inner-style'><\/span><\/span><\/div>\n<div  class='av-buildercomment  av-blog-meta-html-info-disabled av-blog-meta-tag-disabled  '><\/div>\n","protected":false},"excerpt":{"rendered":"","protected":false},"author":1,"featured_media":42580,"comment_status":"open","ping_status":"open","sticky":false,"template":"","format":"standard","meta":{"footnotes":""},"categories":[49],"tags":[],"class_list":["post-42579","post","type-post","status-publish","format-standard","has-post-thumbnail","hentry","category-educacion"],"jetpack_featured_media_url":"https:\/\/radiorevelacionfm.cl\/wp-content\/uploads\/2024\/05\/img_2467-1_optimized.jpg","_links":{"self":[{"href":"https:\/\/radiorevelacionfm.cl\/index.php?rest_route=\/wp\/v2\/posts\/42579","targetHints":{"allow":["GET"]}}],"collection":[{"href":"https:\/\/radiorevelacionfm.cl\/index.php?rest_route=\/wp\/v2\/posts"}],"about":[{"href":"https:\/\/radiorevelacionfm.cl\/index.php?rest_route=\/wp\/v2\/types\/post"}],"author":[{"embeddable":true,"href":"https:\/\/radiorevelacionfm.cl\/index.php?rest_route=\/wp\/v2\/users\/1"}],"replies":[{"embeddable":true,"href":"https:\/\/radiorevelacionfm.cl\/index.php?rest_route=%2Fwp%2Fv2%2Fcomments&post=42579"}],"version-history":[{"count":1,"href":"https:\/\/radiorevelacionfm.cl\/index.php?rest_route=\/wp\/v2\/posts\/42579\/revisions"}],"predecessor-version":[{"id":42581,"href":"https:\/\/radiorevelacionfm.cl\/index.php?rest_route=\/wp\/v2\/posts\/42579\/revisions\/42581"}],"wp:featuredmedia":[{"embeddable":true,"href":"https:\/\/radiorevelacionfm.cl\/index.php?rest_route=\/wp\/v2\/media\/42580"}],"wp:attachment":[{"href":"https:\/\/radiorevelacionfm.cl\/index.php?rest_route=%2Fwp%2Fv2%2Fmedia&parent=42579"}],"wp:term":[{"taxonomy":"category","embeddable":true,"href":"https:\/\/radiorevelacionfm.cl\/index.php?rest_route=%2Fwp%2Fv2%2Fcategories&post=42579"},{"taxonomy":"post_tag","embeddable":true,"href":"https:\/\/radiorevelacionfm.cl\/index.php?rest_route=%2Fwp%2Fv2%2Ftags&post=42579"}],"curies":[{"name":"wp","href":"https:\/\/api.w.org\/{rel}","templated":true}]}}