{"id":42573,"date":"2024-05-28T11:17:53","date_gmt":"2024-05-28T14:17:53","guid":{"rendered":"https:\/\/radiorevelacionfm.cl\/?p=42573"},"modified":"2024-05-28T11:17:53","modified_gmt":"2024-05-28T14:17:53","slug":"estudiantes-de-gastronomia-de-inacap-celebran-activamente-el-dia-de-los-patrimonios-en-aysen","status":"publish","type":"post","link":"https:\/\/radiorevelacionfm.cl\/?p=42573","title":{"rendered":"Estudiantes de Gastronom\u00eda de INACAP celebran activamente el D\u00eda de los Patrimonios en Ays\u00e9n"},"content":{"rendered":"<div class=\"flex_column av_one_full  flex_column_div av-zero-column-padding first  avia-builder-el-0  el_before_av_one_full  avia-builder-el-first  \" style='border-radius:0px; '><div  class='avia-image-container  av-styling-    avia-builder-el-1  avia-builder-el-no-sibling  avia-align-center '  itemprop=\"image\" itemscope=\"itemscope\" itemtype=\"https:\/\/schema.org\/ImageObject\"  ><div class='avia-image-container-inner'><div class='avia-image-overlay-wrap'><img decoding=\"async\" class='wp-image-42574 avia-img-lazy-loading-not-42574 avia_image' src=\"https:\/\/radiorevelacionfm.cl\/wp-content\/uploads\/2024\/05\/24-1-1.jpeg\" alt='' title='24 (1) (1)' height=\"600\" width=\"800\"  itemprop=\"thumbnailUrl\" srcset=\"https:\/\/radiorevelacionfm.cl\/wp-content\/uploads\/2024\/05\/24-1-1.jpeg 800w, https:\/\/radiorevelacionfm.cl\/wp-content\/uploads\/2024\/05\/24-1-1-300x225.jpeg 300w, https:\/\/radiorevelacionfm.cl\/wp-content\/uploads\/2024\/05\/24-1-1-768x576.jpeg 768w, https:\/\/radiorevelacionfm.cl\/wp-content\/uploads\/2024\/05\/24-1-1-705x529.jpeg 705w, https:\/\/radiorevelacionfm.cl\/wp-content\/uploads\/2024\/05\/24-1-1-450x338.jpeg 450w, https:\/\/radiorevelacionfm.cl\/wp-content\/uploads\/2024\/05\/24-1-1-600x450.jpeg 600w\" sizes=\"(max-width: 800px) 100vw, 800px\" \/><\/div><\/div><\/div><\/div><div class=\"flex_column av_one_full  flex_column_div av-zero-column-padding first  avia-builder-el-2  el_after_av_one_full  el_before_av_one_full  column-top-margin\" style='border-radius:0px; '><section class=\"av_textblock_section \"  itemscope=\"itemscope\" itemtype=\"https:\/\/schema.org\/BlogPosting\" itemprop=\"blogPost\" ><div class='avia_textblock  '   itemprop=\"text\" ><p style=\"text-align: center;\"><strong><span style=\"font-size: 18pt;\">Estudiantes de Gastronom\u00eda de INACAP celebran activamente el D\u00eda de los Patrimonios en Ays\u00e9n<\/span><\/strong><\/p>\n<div id=\"gtx-trans\" style=\"position: absolute; left: -50px; top: 4.31534px;\">\n<div class=\"gtx-trans-icon\"><\/div>\n<\/div>\n<\/div><\/section><\/div><div class=\"flex_column av_one_full  flex_column_div av-zero-column-padding first  avia-builder-el-4  el_after_av_one_full  el_before_av_hr  column-top-margin\" style='border-radius:0px; '><section class=\"av_textblock_section \"  itemscope=\"itemscope\" itemtype=\"https:\/\/schema.org\/BlogPosting\" itemprop=\"blogPost\" ><div class='avia_textblock  '   itemprop=\"text\" ><p style=\"text-align: justify;\">En el marco del D\u00eda de los Patrimonios, celebrado el pasado 25 del presente mes en Chile, los estudiantes de Gastronom\u00eda de la sede Coyhaique de INACAP se unieron a las festividades en la regi\u00f3n de Ays\u00e9n, espec\u00edficamente en la comuna de Coyhaique actividad Organizada por el Servicio Nacional del Patrimonio Cultural, el evento reuni\u00f3 a amantes de la cultura y la tradici\u00f3n para celebrar las ra\u00edces hist\u00f3ricas del pa\u00eds.<\/p>\n<p style=\"text-align: justify;\">Los estudiantes de Gastronom\u00eda no solo fueron testigos de la riqueza patrimonial de la zona, sino que tambi\u00e9n, participaron activamente en las actividades. Entre las preparaciones destacadas estuvieron el curanto y los bu\u00f1uelos de manzana, aut\u00e9nticos platos t\u00edpicos de la regi\u00f3n que resaltan la identidad gastron\u00f3mica de Ays\u00e9n.<\/p>\n<p style=\"text-align: justify;\">Los asistentes a la actividad tuvieron el privilegio de deleitarse con las exquisitas preparaciones elaboradas por los talentosos estudiantes, quienes demostraron su destreza y pasi\u00f3n por la cocina regional.<\/p>\n<p style=\"text-align: justify;\">La Coordinadora de la carrera de Gastronom\u00eda, Tatiana Fontecha, agradeci\u00f3 y comento que \u201cparticipar en el D\u00eda del Patrimonio en Ays\u00e9n fue una experiencia inolvidable. Pudimos conectar con nuestras ra\u00edces culinarias y compartir las habilidades de nuestras estudiantes con la comunidad. Es gratificante ver c\u00f3mo la gastronom\u00eda puede unir a las personas y resaltar la importancia de preservar nuestras tradiciones.\u00bb<\/p>\n<p style=\"text-align: justify;\">En el mismo contexto la encargada de la Experiencia Estudiantil de INACAP Sede Coyhaique, Angela Ulloa se\u00f1alo que \u201cestamos muy orgullosos del destacado desempe\u00f1o de nuestros estudiantes en el D\u00eda del Patrimonio. Su participaci\u00f3n y entusiasta demuestra el impacto positivo que tienen este tipo de actividades en su formaci\u00f3n acad\u00e9mica y personal. Felicitamos su compromiso con la promoci\u00f3n de la cultura y la gastronom\u00eda de nuestra regi\u00f3n.\u00bb<\/p>\n<p style=\"text-align: justify;\">Con la activa participaci\u00f3n de los estudiantes de Gastronom\u00eda, el D\u00eda del Patrimonio en Ays\u00e9n se convirti\u00f3 en una celebraci\u00f3n memorable, donde el sabor y la tradici\u00f3n se fusionaron para enaltecer la riqueza cultural de la regi\u00f3n.<\/p>\n<\/div><\/section><\/div><div  style='height:50px' class='hr hr-invisible   avia-builder-el-6  el_after_av_one_full  el_before_av_social_share '><span class='hr-inner ' ><span class='hr-inner-style'><\/span><\/span><\/div><\/p>\n<div  class='av-social-sharing-box  avia-builder-el-7  el_after_av_hr  el_before_av_hr  '><div class='av-share-box'><h5 class='av-share-link-description av-no-toc '>Compartir esta noticia<\/h5><ul class='av-share-box-list noLightbox'><li class='av-share-link av-social-link-facebook' ><a target=\"_blank\" aria-label=\"Compartir en Facebook\" href='https:\/\/www.facebook.com\/sharer.php?u=https:\/\/radiorevelacionfm.cl\/?p=42573&#038;t=Estudiantes%20de%20Gastronom%C3%ADa%20de%20INACAP%20celebran%20activamente%20el%20D%C3%ADa%20de%20los%20Patrimonios%20en%20Ays%C3%A9n' aria-hidden='false' data-av_icon='\ue8f3' data-av_iconfont='entypo-fontello' title='' data-avia-related-tooltip='Compartir en Facebook' rel=\"noopener\"><span class='avia_hidden_link_text'>Compartir en Facebook<\/span><\/a><\/li><li class='av-share-link av-social-link-twitter' ><a target=\"_blank\" aria-label=\"Compartir en Twitter\" href='https:\/\/twitter.com\/share?text=Estudiantes%20de%20Gastronom%C3%ADa%20de%20INACAP%20celebran%20activamente%20el%20D%C3%ADa%20de%20los%20Patrimonios%20en%20Ays%C3%A9n&#038;url=https:\/\/radiorevelacionfm.cl\/?p=42573' aria-hidden='false' data-av_icon='\ue8f1' data-av_iconfont='entypo-fontello' title='' data-avia-related-tooltip='Compartir en Twitter' rel=\"noopener\"><span class='avia_hidden_link_text'>Compartir en Twitter<\/span><\/a><\/li><li class='av-share-link av-social-link-whatsapp' ><a target=\"_blank\" aria-label=\"Compartir en Whatsapp\" href='https:\/\/api.whatsapp.com\/send?text=https:\/\/radiorevelacionfm.cl\/?p=42573' aria-hidden='false' data-av_icon='\uf232' data-av_iconfont='entypo-fontello' title='' data-avia-related-tooltip='Compartir en Whatsapp' rel=\"noopener\"><span class='avia_hidden_link_text'>Compartir en Whatsapp<\/span><\/a><\/li><li class='av-share-link av-social-link-linkedin' ><a target=\"_blank\" aria-label=\"Compartir en LinkedIn\" href='https:\/\/linkedin.com\/shareArticle?mini=true&#038;title=Estudiantes%20de%20Gastronom%C3%ADa%20de%20INACAP%20celebran%20activamente%20el%20D%C3%ADa%20de%20los%20Patrimonios%20en%20Ays%C3%A9n&#038;url=https:\/\/radiorevelacionfm.cl\/?p=42573' aria-hidden='false' data-av_icon='\ue8fc' data-av_iconfont='entypo-fontello' title='' data-avia-related-tooltip='Compartir en LinkedIn' rel=\"noopener\"><span class='avia_hidden_link_text'>Compartir en LinkedIn<\/span><\/a><\/li><li class='av-share-link av-social-link-mail' ><a  aria-label=\"Compartir por correo\" href='mailto:?subject=Estudiantes%20de%20Gastronom%C3%ADa%20de%20INACAP%20celebran%20activamente%20el%20D%C3%ADa%20de%20los%20Patrimonios%20en%20Ays%C3%A9n&#038;body=https:\/\/radiorevelacionfm.cl\/?p=42573' aria-hidden='false' data-av_icon='\ue805' data-av_iconfont='entypo-fontello' title='' data-avia-related-tooltip='Compartir por correo'><span class='avia_hidden_link_text'>Compartir por correo<\/span><\/a><\/li><\/ul><\/div><\/div>\n<div  style='height:50px' class='hr hr-invisible   avia-builder-el-8  el_after_av_social_share  el_before_av_comments_list '><span class='hr-inner ' ><span class='hr-inner-style'><\/span><\/span><\/div>\n<div  class='av-buildercomment  av-blog-meta-html-info-disabled av-blog-meta-tag-disabled  '><\/div>\n","protected":false},"excerpt":{"rendered":"","protected":false},"author":1,"featured_media":42574,"comment_status":"open","ping_status":"open","sticky":false,"template":"","format":"standard","meta":{"footnotes":""},"categories":[49],"tags":[],"class_list":["post-42573","post","type-post","status-publish","format-standard","has-post-thumbnail","hentry","category-educacion"],"jetpack_featured_media_url":"https:\/\/radiorevelacionfm.cl\/wp-content\/uploads\/2024\/05\/24-1-1.jpeg","_links":{"self":[{"href":"https:\/\/radiorevelacionfm.cl\/index.php?rest_route=\/wp\/v2\/posts\/42573","targetHints":{"allow":["GET"]}}],"collection":[{"href":"https:\/\/radiorevelacionfm.cl\/index.php?rest_route=\/wp\/v2\/posts"}],"about":[{"href":"https:\/\/radiorevelacionfm.cl\/index.php?rest_route=\/wp\/v2\/types\/post"}],"author":[{"embeddable":true,"href":"https:\/\/radiorevelacionfm.cl\/index.php?rest_route=\/wp\/v2\/users\/1"}],"replies":[{"embeddable":true,"href":"https:\/\/radiorevelacionfm.cl\/index.php?rest_route=%2Fwp%2Fv2%2Fcomments&post=42573"}],"version-history":[{"count":1,"href":"https:\/\/radiorevelacionfm.cl\/index.php?rest_route=\/wp\/v2\/posts\/42573\/revisions"}],"predecessor-version":[{"id":42575,"href":"https:\/\/radiorevelacionfm.cl\/index.php?rest_route=\/wp\/v2\/posts\/42573\/revisions\/42575"}],"wp:featuredmedia":[{"embeddable":true,"href":"https:\/\/radiorevelacionfm.cl\/index.php?rest_route=\/wp\/v2\/media\/42574"}],"wp:attachment":[{"href":"https:\/\/radiorevelacionfm.cl\/index.php?rest_route=%2Fwp%2Fv2%2Fmedia&parent=42573"}],"wp:term":[{"taxonomy":"category","embeddable":true,"href":"https:\/\/radiorevelacionfm.cl\/index.php?rest_route=%2Fwp%2Fv2%2Fcategories&post=42573"},{"taxonomy":"post_tag","embeddable":true,"href":"https:\/\/radiorevelacionfm.cl\/index.php?rest_route=%2Fwp%2Fv2%2Ftags&post=42573"}],"curies":[{"name":"wp","href":"https:\/\/api.w.org\/{rel}","templated":true}]}}