{"id":42569,"date":"2024-05-28T10:57:32","date_gmt":"2024-05-28T13:57:32","guid":{"rendered":"https:\/\/radiorevelacionfm.cl\/?p=42569"},"modified":"2024-05-28T10:57:32","modified_gmt":"2024-05-28T13:57:32","slug":"unico-en-el-sur-austral-gobierno-regional-adquiere-piano-de-alta-gama-para-museo-regional-de-aysen-y-escuelas-de-musica-locales","status":"publish","type":"post","link":"https:\/\/radiorevelacionfm.cl\/?p=42569","title":{"rendered":"\u00danico en el Sur Austral: Gobierno Regional adquiere piano de alta gama para Museo Regional de Ays\u00e9n y escuelas de m\u00fasica locales"},"content":{"rendered":"<div class=\"flex_column av_one_full  flex_column_div av-zero-column-padding first  avia-builder-el-0  el_before_av_one_full  avia-builder-el-first  \" style='border-radius:0px; '><div  class='avia-image-container  av-styling-    avia-builder-el-1  avia-builder-el-no-sibling  avia-align-center '  itemprop=\"image\" itemscope=\"itemscope\" itemtype=\"https:\/\/schema.org\/ImageObject\"  ><div class='avia-image-container-inner'><div class='avia-image-overlay-wrap'><img decoding=\"async\" class='wp-image-42570 avia-img-lazy-loading-not-42570 avia_image' src=\"https:\/\/radiorevelacionfm.cl\/wp-content\/uploads\/2024\/05\/WhatsApp-Image-2024-05-27-at-9.59.40-AM-1-1.jpeg\" alt='' title='WhatsApp Image 2024-05-27 at 9.59.40 AM (1) (1)' height=\"600\" width=\"901\"  itemprop=\"thumbnailUrl\" srcset=\"https:\/\/radiorevelacionfm.cl\/wp-content\/uploads\/2024\/05\/WhatsApp-Image-2024-05-27-at-9.59.40-AM-1-1.jpeg 901w, https:\/\/radiorevelacionfm.cl\/wp-content\/uploads\/2024\/05\/WhatsApp-Image-2024-05-27-at-9.59.40-AM-1-1-300x200.jpeg 300w, https:\/\/radiorevelacionfm.cl\/wp-content\/uploads\/2024\/05\/WhatsApp-Image-2024-05-27-at-9.59.40-AM-1-1-768x511.jpeg 768w, https:\/\/radiorevelacionfm.cl\/wp-content\/uploads\/2024\/05\/WhatsApp-Image-2024-05-27-at-9.59.40-AM-1-1-705x469.jpeg 705w, https:\/\/radiorevelacionfm.cl\/wp-content\/uploads\/2024\/05\/WhatsApp-Image-2024-05-27-at-9.59.40-AM-1-1-450x300.jpeg 450w, https:\/\/radiorevelacionfm.cl\/wp-content\/uploads\/2024\/05\/WhatsApp-Image-2024-05-27-at-9.59.40-AM-1-1-600x400.jpeg 600w\" sizes=\"(max-width: 901px) 100vw, 901px\" \/><\/div><\/div><\/div><\/div><div class=\"flex_column av_one_full  flex_column_div av-zero-column-padding first  avia-builder-el-2  el_after_av_one_full  el_before_av_one_full  column-top-margin\" style='border-radius:0px; '><section class=\"av_textblock_section \"  itemscope=\"itemscope\" itemtype=\"https:\/\/schema.org\/BlogPosting\" itemprop=\"blogPost\" ><div class='avia_textblock  '   itemprop=\"text\" ><p style=\"text-align: center;\"><strong><span style=\"font-size: 18pt;\">\u00danico en el Sur Austral: Gobierno Regional adquiere piano de alta gama para Museo Regional de Ays\u00e9n y escuelas de m\u00fasica locales<\/span><\/strong><\/p>\n<div id=\"gtx-trans\" style=\"position: absolute; left: -50px; top: 4.31534px;\">\n<div class=\"gtx-trans-icon\"><\/div>\n<\/div>\n<\/div><\/section><\/div><div class=\"flex_column av_one_full  flex_column_div av-zero-column-padding first  avia-builder-el-4  el_after_av_one_full  el_before_av_hr  column-top-margin\" style='border-radius:0px; '><section class=\"av_textblock_section \"  itemscope=\"itemscope\" itemtype=\"https:\/\/schema.org\/BlogPosting\" itemprop=\"blogPost\" ><div class='avia_textblock  '   itemprop=\"text\" ><p dir=\"ltr\" style=\"text-align: justify;\">La Celebraci\u00f3n del D\u00eda de Los Patrimonios fue el momento elegido por el Gobierno Regional de Ays\u00e9n para dar a conocer la adquisici\u00f3n de un piano Steinway B-Spirio-r , un instrumento de la m\u00e1s alta gama con una fin\u00edsima resoluci\u00f3n que permite incluso grabar, reproducir o interpretar a distancia cualquier pieza musical.<\/p>\n<p dir=\"ltr\" style=\"text-align: justify;\">El piano de cola, \u00fanico en la zona austral de Chile, fue dispuesto en el auditorio del Museo Regional de Ays\u00e9n, que cuenta con las caracter\u00edsticas id\u00f3neas de ac\u00fastica para el desempe\u00f1o de este fino instrumento, que la tarde de este domingo recibi\u00f3 a cientos de personas que tuvieron el privilegio de escuchar a m\u00fasicos patagones y extranjeros que vinieron a probar el Steinway B-Spirio.<\/p>\n<p dir=\"ltr\" style=\"text-align: justify;\">La Gobernadora Regional Andrea Mac\u00edas Palma atribuy\u00f3 este relevante hito a la importancia de la descentralizaci\u00f3n para enfrentar las demandas locales, que agrupaciones culturales y musicales levantaron hace ya m\u00e1s de 30 a\u00f1os para poder dotar a la regi\u00f3n de equipamiento para el desarrollo cultural.<\/p>\n<p dir=\"ltr\" style=\"text-align: justify;\">\u00abQu\u00e9 importante es la descentralizaci\u00f3n para poder responder y hacernos cargo de aquellas demandas que nacen desde los territorios que buscan avanzar en mayores niveles de desarrollo y que cuando las decisiones se toman fuera de las regiones a cientos o miles de kil\u00f3metros, pocas veces responden efectivamente a lo que se requiere. (Esto) nace precisamente de las distintas organizaciones, de la Escuela de M\u00fasica, del Festival de M\u00fasica, que han ido empujando desde los a\u00f1os 90, incluso antes, fuertemente el desarrollo musical en la Regi\u00f3n de Ays\u00e9n\u00bb, afirm\u00f3 la primera autoridad regional.<\/p>\n<p dir=\"ltr\" style=\"text-align: justify;\">La hist\u00f3rica profesora y fundadora de la Escuela de M\u00fasica y Artes Integradas de Coyhaique, Magdalena Rosas, asegur\u00f3 que \u00abva a permitir que vengan pianistas m\u00e1s seguido y que podamos tener conciertos y no tener que estar buscando lugar, buscando piano, sobre todo porque la sala del museo es perfecta. Esto es desarrollo, es como lo que dec\u00eda el director del museo en relaci\u00f3n a la ciencia, nos pone en una situaci\u00f3n de calidad que no est\u00e1bamos antes y eso es muy importante\u00bb.<\/p>\n<p dir=\"ltr\" style=\"text-align: justify;\">En la misma l\u00ednea, Carlos Fa\u00fandez, director del Conservatorio de Coyhaique resalt\u00f3 \u00abel beneficio que trae este instrumento a todas las personas que estudian m\u00fasica ac\u00e1, que son hartas y la mayor\u00eda se dedica al estudio del piano entonces vamos a sacarle much\u00edsimo provecho.Super feliz de haber sido parte y de tener la posibilidad con este piano de mejorar a\u00fan m\u00e1s el desarrollo musical de todos nuestros estudiantes en la regi\u00f3n\u00bb.<\/p>\n<p dir=\"ltr\" style=\"text-align: justify;\">La riqueza del sonido de este piano fue puesto a prueba por Armands Abols, un destacado pianista de origen let\u00f3n, que despu\u00e9s de tocar en los m\u00e1s importantes escenarios del mundo se radic\u00f3 en Valdivia para ense\u00f1ar en el Conservatorio de la Universidad Austral.<\/p>\n<p dir=\"ltr\" style=\"text-align: justify;\">\u00abCasi no me lo puedo creer todav\u00eda, es irreal estar aqu\u00ed casi al fin del mundo tocando este magn\u00edfico instrumento, con toda la tecnolog\u00eda que trae la serie Spirio. Es fant\u00e1stico y un tremendo logro. De todo coraz\u00f3n felicitar a toda la gente que trabaj\u00f3 para que esto sea posible\u00bb, afirm\u00f3.<\/p>\n<p dir=\"ltr\" style=\"text-align: justify;\">Mateo Tarantola, es un estudiante del Colegio Mater Dei que estudia piano hace 4 a\u00f1os y reaccion\u00f3 emocionado a la oportunidad de poder probar este instrumento.<\/p>\n<p dir=\"ltr\" style=\"text-align: justify;\">\u00abMe parece algo totalmente maravilloso, incre\u00edble, espl\u00e9ndido, de otro mundo. me siento muy honrado de tener la oportunidad de tocar un instrumento de tal gama. es una oportunidad incre\u00edble de inspirar a personas m\u00e1s chicas a invitarlos al mundo de la m\u00fasica\u00bb, dijo.<\/p>\n<p dir=\"ltr\" style=\"text-align: justify;\">El piano Steinway B-Spirio-r fue adquirido por el Gobierno Regional de Ays\u00e9n y entregado al Museo Regional de Ays\u00e9n por una inversi\u00f3n de casi 250 millones de pesos. Cuenta con tecnolog\u00eda de punta que le permite reproducir composiciones gracias a la app dise\u00f1ada por la misma empresa Steinway &amp; Sons y graba en alta resoluci\u00f3n, convirti\u00e9ndose en una mezcla entre luther\u00eda fina e ingenier\u00eda \u00fanico en el sur austral.<\/p>\n<\/div><\/section><\/div><div  style='height:50px' class='hr hr-invisible   avia-builder-el-6  el_after_av_one_full  el_before_av_social_share '><span class='hr-inner ' ><span class='hr-inner-style'><\/span><\/span><\/div><\/p>\n<div  class='av-social-sharing-box  avia-builder-el-7  el_after_av_hr  el_before_av_hr  '><div class='av-share-box'><h5 class='av-share-link-description av-no-toc '>Compartir esta noticia<\/h5><ul class='av-share-box-list noLightbox'><li class='av-share-link av-social-link-facebook' ><a target=\"_blank\" aria-label=\"Compartir en Facebook\" href='https:\/\/www.facebook.com\/sharer.php?u=https:\/\/radiorevelacionfm.cl\/?p=42569&#038;t=%C3%9Anico%20en%20el%20Sur%20Austral%3A%20Gobierno%20Regional%20adquiere%20piano%20de%20alta%20gama%20para%20Museo%20Regional%20de%20Ays%C3%A9n%20y%20escuelas%20de%20m%C3%BAsica%20locales' aria-hidden='false' data-av_icon='\ue8f3' data-av_iconfont='entypo-fontello' title='' data-avia-related-tooltip='Compartir en Facebook' rel=\"noopener\"><span class='avia_hidden_link_text'>Compartir en Facebook<\/span><\/a><\/li><li class='av-share-link av-social-link-twitter' ><a target=\"_blank\" aria-label=\"Compartir en Twitter\" href='https:\/\/twitter.com\/share?text=%C3%9Anico%20en%20el%20Sur%20Austral%3A%20Gobierno%20Regional%20adquiere%20piano%20de%20alta%20gama%20para%20Museo%20Regional%20de%20Ays%C3%A9n%20y%20escuelas%20de%20m%C3%BAsica%20locales&#038;url=https:\/\/radiorevelacionfm.cl\/?p=42569' aria-hidden='false' data-av_icon='\ue8f1' data-av_iconfont='entypo-fontello' title='' data-avia-related-tooltip='Compartir en Twitter' rel=\"noopener\"><span class='avia_hidden_link_text'>Compartir en Twitter<\/span><\/a><\/li><li class='av-share-link av-social-link-whatsapp' ><a target=\"_blank\" aria-label=\"Compartir en Whatsapp\" href='https:\/\/api.whatsapp.com\/send?text=https:\/\/radiorevelacionfm.cl\/?p=42569' aria-hidden='false' data-av_icon='\uf232' data-av_iconfont='entypo-fontello' title='' data-avia-related-tooltip='Compartir en Whatsapp' rel=\"noopener\"><span class='avia_hidden_link_text'>Compartir en Whatsapp<\/span><\/a><\/li><li class='av-share-link av-social-link-linkedin' ><a target=\"_blank\" aria-label=\"Compartir en LinkedIn\" href='https:\/\/linkedin.com\/shareArticle?mini=true&#038;title=%C3%9Anico%20en%20el%20Sur%20Austral%3A%20Gobierno%20Regional%20adquiere%20piano%20de%20alta%20gama%20para%20Museo%20Regional%20de%20Ays%C3%A9n%20y%20escuelas%20de%20m%C3%BAsica%20locales&#038;url=https:\/\/radiorevelacionfm.cl\/?p=42569' aria-hidden='false' data-av_icon='\ue8fc' data-av_iconfont='entypo-fontello' title='' data-avia-related-tooltip='Compartir en LinkedIn' rel=\"noopener\"><span class='avia_hidden_link_text'>Compartir en LinkedIn<\/span><\/a><\/li><li class='av-share-link av-social-link-mail' ><a  aria-label=\"Compartir por correo\" href='mailto:?subject=%C3%9Anico%20en%20el%20Sur%20Austral%3A%20Gobierno%20Regional%20adquiere%20piano%20de%20alta%20gama%20para%20Museo%20Regional%20de%20Ays%C3%A9n%20y%20escuelas%20de%20m%C3%BAsica%20locales&#038;body=https:\/\/radiorevelacionfm.cl\/?p=42569' aria-hidden='false' data-av_icon='\ue805' data-av_iconfont='entypo-fontello' title='' data-avia-related-tooltip='Compartir por correo'><span class='avia_hidden_link_text'>Compartir por correo<\/span><\/a><\/li><\/ul><\/div><\/div>\n<div  style='height:50px' class='hr hr-invisible   avia-builder-el-8  el_after_av_social_share  el_before_av_comments_list '><span class='hr-inner ' ><span class='hr-inner-style'><\/span><\/span><\/div>\n<div  class='av-buildercomment  av-blog-meta-html-info-disabled av-blog-meta-tag-disabled  '><\/div>\n","protected":false},"excerpt":{"rendered":"","protected":false},"author":1,"featured_media":42570,"comment_status":"open","ping_status":"open","sticky":false,"template":"","format":"standard","meta":{"footnotes":""},"categories":[38],"tags":[],"class_list":["post-42569","post","type-post","status-publish","format-standard","has-post-thumbnail","hentry","category-regional"],"jetpack_featured_media_url":"https:\/\/radiorevelacionfm.cl\/wp-content\/uploads\/2024\/05\/WhatsApp-Image-2024-05-27-at-9.59.40-AM-1-1.jpeg","_links":{"self":[{"href":"https:\/\/radiorevelacionfm.cl\/index.php?rest_route=\/wp\/v2\/posts\/42569","targetHints":{"allow":["GET"]}}],"collection":[{"href":"https:\/\/radiorevelacionfm.cl\/index.php?rest_route=\/wp\/v2\/posts"}],"about":[{"href":"https:\/\/radiorevelacionfm.cl\/index.php?rest_route=\/wp\/v2\/types\/post"}],"author":[{"embeddable":true,"href":"https:\/\/radiorevelacionfm.cl\/index.php?rest_route=\/wp\/v2\/users\/1"}],"replies":[{"embeddable":true,"href":"https:\/\/radiorevelacionfm.cl\/index.php?rest_route=%2Fwp%2Fv2%2Fcomments&post=42569"}],"version-history":[{"count":1,"href":"https:\/\/radiorevelacionfm.cl\/index.php?rest_route=\/wp\/v2\/posts\/42569\/revisions"}],"predecessor-version":[{"id":42571,"href":"https:\/\/radiorevelacionfm.cl\/index.php?rest_route=\/wp\/v2\/posts\/42569\/revisions\/42571"}],"wp:featuredmedia":[{"embeddable":true,"href":"https:\/\/radiorevelacionfm.cl\/index.php?rest_route=\/wp\/v2\/media\/42570"}],"wp:attachment":[{"href":"https:\/\/radiorevelacionfm.cl\/index.php?rest_route=%2Fwp%2Fv2%2Fmedia&parent=42569"}],"wp:term":[{"taxonomy":"category","embeddable":true,"href":"https:\/\/radiorevelacionfm.cl\/index.php?rest_route=%2Fwp%2Fv2%2Fcategories&post=42569"},{"taxonomy":"post_tag","embeddable":true,"href":"https:\/\/radiorevelacionfm.cl\/index.php?rest_route=%2Fwp%2Fv2%2Ftags&post=42569"}],"curies":[{"name":"wp","href":"https:\/\/api.w.org\/{rel}","templated":true}]}}