{"id":42566,"date":"2024-05-28T11:09:04","date_gmt":"2024-05-28T14:09:04","guid":{"rendered":"https:\/\/radiorevelacionfm.cl\/?p=42566"},"modified":"2024-05-28T11:09:04","modified_gmt":"2024-05-28T14:09:04","slug":"senadora-ordenes-destaco-que-el-servicio-salud-aysen-ya-este-en-conversaciones-con-un-cardiologo-y-proyectando-la-integracion-del-angiografo","status":"publish","type":"post","link":"https:\/\/radiorevelacionfm.cl\/?p=42566","title":{"rendered":"Senadora \u00d3rdenes destac\u00f3 que el Servicio Salud Ays\u00e9n ya est\u00e9 en conversaciones con un cardi\u00f3logo y proyectando la integraci\u00f3n del angi\u00f3grafo"},"content":{"rendered":"<div class=\"flex_column av_one_full  flex_column_div av-zero-column-padding first  avia-builder-el-0  el_before_av_one_full  avia-builder-el-first  \" style='border-radius:0px; '><div  class='avia-image-container  av-styling-    avia-builder-el-1  avia-builder-el-no-sibling  avia-align-center '  itemprop=\"image\" itemscope=\"itemscope\" itemtype=\"https:\/\/schema.org\/ImageObject\"  ><div class='avia-image-container-inner'><div class='avia-image-overlay-wrap'><img decoding=\"async\" class='wp-image-42567 avia-img-lazy-loading-not-42567 avia_image' src=\"https:\/\/radiorevelacionfm.cl\/wp-content\/uploads\/2024\/05\/FOTO-1-11-1-1.jpg\" alt='' title='FOTO #1 (11) (1) (1)' height=\"600\" width=\"956\"  itemprop=\"thumbnailUrl\" srcset=\"https:\/\/radiorevelacionfm.cl\/wp-content\/uploads\/2024\/05\/FOTO-1-11-1-1.jpg 956w, https:\/\/radiorevelacionfm.cl\/wp-content\/uploads\/2024\/05\/FOTO-1-11-1-1-300x188.jpg 300w, https:\/\/radiorevelacionfm.cl\/wp-content\/uploads\/2024\/05\/FOTO-1-11-1-1-768x482.jpg 768w, https:\/\/radiorevelacionfm.cl\/wp-content\/uploads\/2024\/05\/FOTO-1-11-1-1-705x442.jpg 705w, https:\/\/radiorevelacionfm.cl\/wp-content\/uploads\/2024\/05\/FOTO-1-11-1-1-450x282.jpg 450w, https:\/\/radiorevelacionfm.cl\/wp-content\/uploads\/2024\/05\/FOTO-1-11-1-1-600x377.jpg 600w\" sizes=\"(max-width: 956px) 100vw, 956px\" \/><\/div><\/div><\/div><\/div><div class=\"flex_column av_one_full  flex_column_div av-zero-column-padding first  avia-builder-el-2  el_after_av_one_full  el_before_av_one_full  column-top-margin\" style='border-radius:0px; '><section class=\"av_textblock_section \"  itemscope=\"itemscope\" itemtype=\"https:\/\/schema.org\/BlogPosting\" itemprop=\"blogPost\" ><div class='avia_textblock  '   itemprop=\"text\" ><p style=\"text-align: center;\"><strong><span style=\"font-size: 18pt;\">Senadora \u00d3rdenes destac\u00f3 que el Servicio Salud Ays\u00e9n ya est\u00e9 en conversaciones con un cardi\u00f3logo y proyectando la integraci\u00f3n del angi\u00f3grafo<\/span><\/strong><\/p>\n<div id=\"gtx-trans\" style=\"position: absolute; left: -50px; top: 4.31534px;\">\n<div class=\"gtx-trans-icon\"><\/div>\n<\/div>\n<\/div><\/section><\/div><div class=\"flex_column av_one_full  flex_column_div av-zero-column-padding first  avia-builder-el-4  el_after_av_one_full  el_before_av_hr  column-top-margin\" style='border-radius:0px; '><section class=\"av_textblock_section \"  itemscope=\"itemscope\" itemtype=\"https:\/\/schema.org\/BlogPosting\" itemprop=\"blogPost\" ><div class='avia_textblock  '   itemprop=\"text\" ><p style=\"text-align: justify;\">La senadora por la regi\u00f3n de Ays\u00e9n, Ximena \u00d3rdenes Neira, sostuvo una reuni\u00f3n con el director del Servicio de Salud Ays\u00e9n, Juan Pablo Bravo, para insistir en la importancia de que la regi\u00f3n cuente con un cardi\u00f3logo y asociado a este requerimiento, tambi\u00e9n con un angi\u00f3grafo, dispositivo necesario para el diagn\u00f3stico y tratamiento de diversas enfermedades y un compromiso asumido por el Ministerio de Salud durante el debate de la Ley de Presupuestos para el 2024.<\/p>\n<p style=\"text-align: justify;\">\u201cLas enfermedades cardiovasculares tienen una incidencia importante en la poblaci\u00f3n de la regi\u00f3n de Ays\u00e9n, por eso, hemos trabajado en este tema pr\u00e1cticamente como una causa. Por un lado, el requerimiento de un angi\u00f3grafo para la regi\u00f3n de Ays\u00e9n. Como ustedes saben, la mayor parte de las regiones del pa\u00eds cuentan con este dispositivo, sin embargo, \u00d1uble, la regi\u00f3n de Atacama y Ays\u00e9n, no cuentan con un angi\u00f3grafo, as\u00ed que quiero valorar el trabajo que se ha realizado para contar con un dise\u00f1o adecuado y poder implementar este dispositivo, en el marco de lo que se conoce como una Unidad de Hemodinamia para la regi\u00f3n de Ays\u00e9n\u201d, destac\u00f3 la parlamentaria.<\/p>\n<p style=\"text-align: justify;\">Por otro lado, la senadora \u00d3rdenes asegur\u00f3 que \u201cmuchas personas se han acercado a la oficina parlamentaria para manifestar su preocupaci\u00f3n, particularmente con los temas de cardiolog\u00eda y con el d\u00e9ficit de profesionales cardi\u00f3logos en la regi\u00f3n. Quiero valorar que ya se cuenta con un cardi\u00f3logo infantil, pero claramente hay un d\u00e9ficit para la poblaci\u00f3n adulta y creo que es muy importante lo que menciona el director del Servicio de Salud Ays\u00e9n, que se est\u00e1 trabajando para contar con dos profesionales en la regi\u00f3n. Creo que este es un avance muy significativo para la atenci\u00f3n y para garantizar el derecho a la salud en Ays\u00e9n\u201d, afirm\u00f3 la senadora por la regi\u00f3n de Ays\u00e9n.<\/p>\n<p style=\"text-align: justify;\">El director del Servicio de Salud Ays\u00e9n, Juan Pablo Bravo, agradeci\u00f3 la visita de la senadora \u00d3rdenes y destac\u00f3 el apoyo que ha mostrado con su preocupaci\u00f3n en que la regi\u00f3n de Ays\u00e9n cuente con un angi\u00f3grafo. \u201cEs algo esperado, tanto por los funcionarios, como los usuarios\u201d, coment\u00f3 Bravo, asegurando que \u201cestamos trabajando en conjunto con el ministerio. Es prioridad uno, tanto para el ministerio y como tambi\u00e9n para este Servicio de Salud\u201d.<\/p>\n<p style=\"text-align: justify;\">Respecto a los plazos que, la cabeza del Servicio de Salud Ays\u00e9n indic\u00f3 que \u201cEstamos terminando el modelo de gesti\u00f3n, para entrar en una etapa de dise\u00f1o y ejecuci\u00f3n el segundo semestre de este a\u00f1o -2024-, para as\u00ed postularlo y empezar una construcci\u00f3n durante el primer semestre del 2025. La idea es tenerlo operativo a fines del 2025 -el angi\u00f3grafo-\u201d.<\/p>\n<p style=\"text-align: justify;\">Adem\u00e1s, para hacer posible que este dispositivo entre en funcionamiento, indic\u00f3 que \u201cun neurocirujano se va a capacitar durante el segundo semestre de este a\u00f1o -2024-, para terminar su capacitaci\u00f3n el 2025 y as\u00ed tener el personal id\u00f3neo para echar a andar este proyecto\u201d. Recalcando que, como Servicio de Salud Ays\u00e9n, \u201cestamos con todo el entusiasmo de lograr sacarlo adelante y tenerlo funcionando el segundo semestre del 2025.<\/p>\n<p style=\"text-align: justify;\">Finalmente, el director del Servicio se\u00f1al\u00f3 que, \u201cestamos entrevistando varios cardi\u00f3logos y lo m\u00e1s probable es que tendremos noticias durante las pr\u00f3ximas semanas de un especialista que viene de la regi\u00f3n de Coquimbo, desde la Serena\u201d, indicando que ya est\u00e1n en entrevistas para trasladarlo a la regi\u00f3n. \u201cNos qued\u00f3 de dar una respuesta dentro de estas semanas que vienen y vamos a estar informando. La idea es contar con dos cardi\u00f3logos adultos y con dos cardi\u00f3logos infantiles. Ya lleg\u00f3 uno el primero de mayo, que nos viene a apoyar a la UCI pedi\u00e1trica, as\u00ed que vamos a tener el personal id\u00f3neo para poder reconvertir camas y este invierno enfrentarlo de la mejor manera, para lograr ser m\u00e1s resolutivos dentro de la regi\u00f3n para nuestros ni\u00f1os, ni\u00f1as y adolescentes\u201d, sostuvo Bravo.<\/p>\n<\/div><\/section><\/div><div  style='height:50px' class='hr hr-invisible   avia-builder-el-6  el_after_av_one_full  el_before_av_social_share '><span class='hr-inner ' ><span class='hr-inner-style'><\/span><\/span><\/div><\/p>\n<div  class='av-social-sharing-box  avia-builder-el-7  el_after_av_hr  el_before_av_hr  '><div class='av-share-box'><h5 class='av-share-link-description av-no-toc '>Compartir esta noticia<\/h5><ul class='av-share-box-list noLightbox'><li class='av-share-link av-social-link-facebook' ><a target=\"_blank\" aria-label=\"Compartir en Facebook\" href='https:\/\/www.facebook.com\/sharer.php?u=https:\/\/radiorevelacionfm.cl\/?p=42566&#038;t=Senadora%20%C3%93rdenes%20destac%C3%B3%20que%20el%20Servicio%20Salud%20Ays%C3%A9n%20ya%20est%C3%A9%20en%20conversaciones%20con%20un%20cardi%C3%B3logo%20y%20proyectando%20la%20integraci%C3%B3n%20del%20angi%C3%B3grafo' aria-hidden='false' data-av_icon='\ue8f3' data-av_iconfont='entypo-fontello' title='' data-avia-related-tooltip='Compartir en Facebook' rel=\"noopener\"><span class='avia_hidden_link_text'>Compartir en Facebook<\/span><\/a><\/li><li class='av-share-link av-social-link-twitter' ><a target=\"_blank\" aria-label=\"Compartir en Twitter\" href='https:\/\/twitter.com\/share?text=Senadora%20%C3%93rdenes%20destac%C3%B3%20que%20el%20Servicio%20Salud%20Ays%C3%A9n%20ya%20est%C3%A9%20en%20conversaciones%20con%20un%20cardi%C3%B3logo%20y%20proyectando%20la%20integraci%C3%B3n%20del%20angi%C3%B3grafo&#038;url=https:\/\/radiorevelacionfm.cl\/?p=42566' aria-hidden='false' data-av_icon='\ue8f1' data-av_iconfont='entypo-fontello' title='' data-avia-related-tooltip='Compartir en Twitter' rel=\"noopener\"><span class='avia_hidden_link_text'>Compartir en Twitter<\/span><\/a><\/li><li class='av-share-link av-social-link-whatsapp' ><a target=\"_blank\" aria-label=\"Compartir en Whatsapp\" href='https:\/\/api.whatsapp.com\/send?text=https:\/\/radiorevelacionfm.cl\/?p=42566' aria-hidden='false' data-av_icon='\uf232' data-av_iconfont='entypo-fontello' title='' data-avia-related-tooltip='Compartir en Whatsapp' rel=\"noopener\"><span class='avia_hidden_link_text'>Compartir en Whatsapp<\/span><\/a><\/li><li class='av-share-link av-social-link-linkedin' ><a target=\"_blank\" aria-label=\"Compartir en LinkedIn\" href='https:\/\/linkedin.com\/shareArticle?mini=true&#038;title=Senadora%20%C3%93rdenes%20destac%C3%B3%20que%20el%20Servicio%20Salud%20Ays%C3%A9n%20ya%20est%C3%A9%20en%20conversaciones%20con%20un%20cardi%C3%B3logo%20y%20proyectando%20la%20integraci%C3%B3n%20del%20angi%C3%B3grafo&#038;url=https:\/\/radiorevelacionfm.cl\/?p=42566' aria-hidden='false' data-av_icon='\ue8fc' data-av_iconfont='entypo-fontello' title='' data-avia-related-tooltip='Compartir en LinkedIn' rel=\"noopener\"><span class='avia_hidden_link_text'>Compartir en LinkedIn<\/span><\/a><\/li><li class='av-share-link av-social-link-mail' ><a  aria-label=\"Compartir por correo\" href='mailto:?subject=Senadora%20%C3%93rdenes%20destac%C3%B3%20que%20el%20Servicio%20Salud%20Ays%C3%A9n%20ya%20est%C3%A9%20en%20conversaciones%20con%20un%20cardi%C3%B3logo%20y%20proyectando%20la%20integraci%C3%B3n%20del%20angi%C3%B3grafo&#038;body=https:\/\/radiorevelacionfm.cl\/?p=42566' aria-hidden='false' data-av_icon='\ue805' data-av_iconfont='entypo-fontello' title='' data-avia-related-tooltip='Compartir por correo'><span class='avia_hidden_link_text'>Compartir por correo<\/span><\/a><\/li><\/ul><\/div><\/div>\n<div  style='height:50px' class='hr hr-invisible   avia-builder-el-8  el_after_av_social_share  el_before_av_comments_list '><span class='hr-inner ' ><span class='hr-inner-style'><\/span><\/span><\/div>\n<div  class='av-buildercomment  av-blog-meta-html-info-disabled av-blog-meta-tag-disabled  '><\/div>\n","protected":false},"excerpt":{"rendered":"","protected":false},"author":1,"featured_media":42567,"comment_status":"open","ping_status":"open","sticky":false,"template":"","format":"standard","meta":{"footnotes":""},"categories":[35],"tags":[],"class_list":["post-42566","post","type-post","status-publish","format-standard","has-post-thumbnail","hentry","category-politica"],"jetpack_featured_media_url":"https:\/\/radiorevelacionfm.cl\/wp-content\/uploads\/2024\/05\/FOTO-1-11-1-1.jpg","_links":{"self":[{"href":"https:\/\/radiorevelacionfm.cl\/index.php?rest_route=\/wp\/v2\/posts\/42566","targetHints":{"allow":["GET"]}}],"collection":[{"href":"https:\/\/radiorevelacionfm.cl\/index.php?rest_route=\/wp\/v2\/posts"}],"about":[{"href":"https:\/\/radiorevelacionfm.cl\/index.php?rest_route=\/wp\/v2\/types\/post"}],"author":[{"embeddable":true,"href":"https:\/\/radiorevelacionfm.cl\/index.php?rest_route=\/wp\/v2\/users\/1"}],"replies":[{"embeddable":true,"href":"https:\/\/radiorevelacionfm.cl\/index.php?rest_route=%2Fwp%2Fv2%2Fcomments&post=42566"}],"version-history":[{"count":1,"href":"https:\/\/radiorevelacionfm.cl\/index.php?rest_route=\/wp\/v2\/posts\/42566\/revisions"}],"predecessor-version":[{"id":42568,"href":"https:\/\/radiorevelacionfm.cl\/index.php?rest_route=\/wp\/v2\/posts\/42566\/revisions\/42568"}],"wp:featuredmedia":[{"embeddable":true,"href":"https:\/\/radiorevelacionfm.cl\/index.php?rest_route=\/wp\/v2\/media\/42567"}],"wp:attachment":[{"href":"https:\/\/radiorevelacionfm.cl\/index.php?rest_route=%2Fwp%2Fv2%2Fmedia&parent=42566"}],"wp:term":[{"taxonomy":"category","embeddable":true,"href":"https:\/\/radiorevelacionfm.cl\/index.php?rest_route=%2Fwp%2Fv2%2Fcategories&post=42566"},{"taxonomy":"post_tag","embeddable":true,"href":"https:\/\/radiorevelacionfm.cl\/index.php?rest_route=%2Fwp%2Fv2%2Ftags&post=42566"}],"curies":[{"name":"wp","href":"https:\/\/api.w.org\/{rel}","templated":true}]}}