{"id":42557,"date":"2024-05-27T21:30:43","date_gmt":"2024-05-28T00:30:43","guid":{"rendered":"https:\/\/radiorevelacionfm.cl\/?p=42557"},"modified":"2024-05-27T21:30:43","modified_gmt":"2024-05-28T00:30:43","slug":"escuela-rural-de-puerto-sanchez-fue-parte-del-programa-escuelas-con-energia","status":"publish","type":"post","link":"https:\/\/radiorevelacionfm.cl\/?p=42557","title":{"rendered":"Escuela Rural de Puerto S\u00e1nchez fue parte del programa \u201cEscuelas con Energ\u00eda\u201d"},"content":{"rendered":"<div class=\"flex_column av_one_full  flex_column_div av-zero-column-padding first  avia-builder-el-0  el_before_av_one_full  avia-builder-el-first  \" style='border-radius:0px; '><div  class='avia-image-container  av-styling-    avia-builder-el-1  avia-builder-el-no-sibling  avia-align-center '  itemprop=\"image\" itemscope=\"itemscope\" itemtype=\"https:\/\/schema.org\/ImageObject\"  ><div class='avia-image-container-inner'><div class='avia-image-overlay-wrap'><img decoding=\"async\" class='wp-image-42558 avia-img-lazy-loading-not-42558 avia_image' src=\"https:\/\/radiorevelacionfm.cl\/wp-content\/uploads\/2024\/05\/ee-puerto-sanchez0-1_optimized.jpeg\" alt='' title='ee-puerto-s\u00e1nchez0-(1)_optimized' height=\"600\" width=\"800\"  itemprop=\"thumbnailUrl\" srcset=\"https:\/\/radiorevelacionfm.cl\/wp-content\/uploads\/2024\/05\/ee-puerto-sanchez0-1_optimized.jpeg 800w, https:\/\/radiorevelacionfm.cl\/wp-content\/uploads\/2024\/05\/ee-puerto-sanchez0-1_optimized-300x225.jpeg 300w, https:\/\/radiorevelacionfm.cl\/wp-content\/uploads\/2024\/05\/ee-puerto-sanchez0-1_optimized-768x576.jpeg 768w, https:\/\/radiorevelacionfm.cl\/wp-content\/uploads\/2024\/05\/ee-puerto-sanchez0-1_optimized-705x529.jpeg 705w, https:\/\/radiorevelacionfm.cl\/wp-content\/uploads\/2024\/05\/ee-puerto-sanchez0-1_optimized-450x338.jpeg 450w, https:\/\/radiorevelacionfm.cl\/wp-content\/uploads\/2024\/05\/ee-puerto-sanchez0-1_optimized-600x450.jpeg 600w\" sizes=\"(max-width: 800px) 100vw, 800px\" \/><\/div><\/div><\/div><\/div><div class=\"flex_column av_one_full  flex_column_div av-zero-column-padding first  avia-builder-el-2  el_after_av_one_full  el_before_av_one_full  column-top-margin\" style='border-radius:0px; '><section class=\"av_textblock_section \"  itemscope=\"itemscope\" itemtype=\"https:\/\/schema.org\/BlogPosting\" itemprop=\"blogPost\" ><div class='avia_textblock  '   itemprop=\"text\" ><p style=\"text-align: center;\"><span style=\"font-size: 18pt;\"><strong>Escuela Rural de Puerto S\u00e1nchez fue parte del programa \u201cEscuelas con Energ\u00eda\u201d <\/strong><\/span><\/p>\n<div id=\"gtx-trans\" style=\"position: absolute; left: -50px; top: 4.31534px;\">\n<div class=\"gtx-trans-icon\"><\/div>\n<\/div>\n<\/div><\/section><\/div><div class=\"flex_column av_one_full  flex_column_div av-zero-column-padding first  avia-builder-el-4  el_after_av_one_full  el_before_av_hr  column-top-margin\" style='border-radius:0px; '><section class=\"av_textblock_section \"  itemscope=\"itemscope\" itemtype=\"https:\/\/schema.org\/BlogPosting\" itemprop=\"blogPost\" ><div class='avia_textblock  '   itemprop=\"text\" ><p style=\"text-align: justify;\"><em>La el\u00e9ctrica visit\u00f3 la Escuela Rural Mar\u00eda Antonieta Parra Monsalve, entregando mochilas, \u00fatiles escolares y una donaci\u00f3n para actividades recreativas, en el marco del programa \u201cEscuelas con Energ\u00eda\u201d.<\/em><\/p>\n<p style=\"text-align: justify;\">Reafirmando el compromiso con la educaci\u00f3n y el bienestar de ni\u00f1os y ni\u00f1as de la regi\u00f3n, Edelaysen visit\u00f3 la Escuela Rural Mar\u00eda Antonieta Parra Monsalve de la localidad de Puerto S\u00e1nchez al sur de la regi\u00f3n. Esta entrega se realiz\u00f3 como parte del programa \u201cEscuelas con Energ\u00eda\u201d, iniciativa destinada a apoyar a las instituciones educativas rurales de Grupo Saesa.<\/p>\n<p style=\"text-align: justify;\">Durante la visita, representantes de la el\u00e9ctrica entregaron mochilas, \u00fatiles escolares y botas para la lluvia, las que permitir\u00e1n enfrentar de mejor manera la temporada invernal. Adem\u00e1s se realiz\u00f3 una donaci\u00f3n destinada a fomentar las actividades recreativas de los ni\u00f1os y ni\u00f1as, promoviendo as\u00ed un desarrollo integral para ellos.<\/p>\n<p style=\"text-align: justify;\">Patricio Raimilla, jefe de Servicio al Cliente de Edelaysen mencion\u00f3: \u201cEstamos felices de poder contribuir al bienestar y la educaci\u00f3n de la Escuela Mar\u00eda Antonieta Parra Monsalve. Para nosotros, es fundamental que los ni\u00f1os y ni\u00f1as tengan las herramientas y oportunidades necesarias para su crecimiento y desarrollo, por tanto agradecemos el espacio brindado, la energ\u00eda de los ni\u00f1os y tambi\u00e9n del personal docente que nos acompa\u00f1\u00f3 en esta entrega\u201d.<\/p>\n<p style=\"text-align: justify;\">Por su parte, Leslie Villagr\u00e1n indic\u00f3 sentirse muy agradecida junto a la comunidad escolar con la visita del equipo de Edelaysen donde agreg\u00f3 que \u201cvino a contribuir en aprendizaje relacionado con la educaci\u00f3n ambiental, el cuidado de la energ\u00eda, eficiencia energ\u00e9tica y tambi\u00e9n desarrollo sostenible. Realizaron un aporte a la escuela, el cual agradecemos, ya que ser\u00e1 de gran utilidad pedag\u00f3gica para trabajar con nuestros estudiantes, as\u00ed tambi\u00e9n como algunos regalitos que le trajeron a los ni\u00f1os y ni\u00f1as. As\u00ed que como escuela estamos muy agradecidos con ser parte de este programa\u201d.<\/p>\n<p style=\"text-align: justify;\">El programa \u201cEscuelas con Energ\u00eda\u201d de Edelaysen busca llegar a diversas escuelas rurales de la regi\u00f3n, apoyando a las comunidades educativas que impulsen el aprendizaje y el desarrollo de los estudiantes. Sin ir m\u00e1s all\u00e1, durante este 2024, la el\u00e9ctrica ha entregado aportes a 7 establecimientos rurales, con diferentes elementos como \u00fatiles, mochilas, botas y capas para la lluvia, entre otros.<\/p>\n<\/div><\/section><\/div><div  style='height:50px' class='hr hr-invisible   avia-builder-el-6  el_after_av_one_full  el_before_av_social_share '><span class='hr-inner ' ><span class='hr-inner-style'><\/span><\/span><\/div><\/p>\n<div  class='av-social-sharing-box  avia-builder-el-7  el_after_av_hr  el_before_av_hr  '><div class='av-share-box'><h5 class='av-share-link-description av-no-toc '>Compartir esta noticia<\/h5><ul class='av-share-box-list noLightbox'><li class='av-share-link av-social-link-facebook' ><a target=\"_blank\" aria-label=\"Compartir en Facebook\" href='https:\/\/www.facebook.com\/sharer.php?u=https:\/\/radiorevelacionfm.cl\/?p=42557&#038;t=Escuela%20Rural%20de%20Puerto%20S%C3%A1nchez%20fue%20parte%20del%20programa%20%E2%80%9CEscuelas%20con%20Energ%C3%ADa%E2%80%9D' aria-hidden='false' data-av_icon='\ue8f3' data-av_iconfont='entypo-fontello' title='' data-avia-related-tooltip='Compartir en Facebook' rel=\"noopener\"><span class='avia_hidden_link_text'>Compartir en Facebook<\/span><\/a><\/li><li class='av-share-link av-social-link-twitter' ><a target=\"_blank\" aria-label=\"Compartir en Twitter\" href='https:\/\/twitter.com\/share?text=Escuela%20Rural%20de%20Puerto%20S%C3%A1nchez%20fue%20parte%20del%20programa%20%E2%80%9CEscuelas%20con%20Energ%C3%ADa%E2%80%9D&#038;url=https:\/\/radiorevelacionfm.cl\/?p=42557' aria-hidden='false' data-av_icon='\ue8f1' data-av_iconfont='entypo-fontello' title='' data-avia-related-tooltip='Compartir en Twitter' rel=\"noopener\"><span class='avia_hidden_link_text'>Compartir en Twitter<\/span><\/a><\/li><li class='av-share-link av-social-link-whatsapp' ><a target=\"_blank\" aria-label=\"Compartir en Whatsapp\" href='https:\/\/api.whatsapp.com\/send?text=https:\/\/radiorevelacionfm.cl\/?p=42557' aria-hidden='false' data-av_icon='\uf232' data-av_iconfont='entypo-fontello' title='' data-avia-related-tooltip='Compartir en Whatsapp' rel=\"noopener\"><span class='avia_hidden_link_text'>Compartir en Whatsapp<\/span><\/a><\/li><li class='av-share-link av-social-link-linkedin' ><a target=\"_blank\" aria-label=\"Compartir en LinkedIn\" href='https:\/\/linkedin.com\/shareArticle?mini=true&#038;title=Escuela%20Rural%20de%20Puerto%20S%C3%A1nchez%20fue%20parte%20del%20programa%20%E2%80%9CEscuelas%20con%20Energ%C3%ADa%E2%80%9D&#038;url=https:\/\/radiorevelacionfm.cl\/?p=42557' aria-hidden='false' data-av_icon='\ue8fc' data-av_iconfont='entypo-fontello' title='' data-avia-related-tooltip='Compartir en LinkedIn' rel=\"noopener\"><span class='avia_hidden_link_text'>Compartir en LinkedIn<\/span><\/a><\/li><li class='av-share-link av-social-link-mail' ><a  aria-label=\"Compartir por correo\" href='mailto:?subject=Escuela%20Rural%20de%20Puerto%20S%C3%A1nchez%20fue%20parte%20del%20programa%20%E2%80%9CEscuelas%20con%20Energ%C3%ADa%E2%80%9D&#038;body=https:\/\/radiorevelacionfm.cl\/?p=42557' aria-hidden='false' data-av_icon='\ue805' data-av_iconfont='entypo-fontello' title='' data-avia-related-tooltip='Compartir por correo'><span class='avia_hidden_link_text'>Compartir por correo<\/span><\/a><\/li><\/ul><\/div><\/div>\n<div  style='height:50px' class='hr hr-invisible   avia-builder-el-8  el_after_av_social_share  el_before_av_comments_list '><span class='hr-inner ' ><span class='hr-inner-style'><\/span><\/span><\/div>\n<div  class='av-buildercomment  av-blog-meta-html-info-disabled av-blog-meta-tag-disabled  '><\/div>\n","protected":false},"excerpt":{"rendered":"","protected":false},"author":1,"featured_media":42558,"comment_status":"open","ping_status":"open","sticky":false,"template":"","format":"standard","meta":{"footnotes":""},"categories":[38],"tags":[],"class_list":["post-42557","post","type-post","status-publish","format-standard","has-post-thumbnail","hentry","category-regional"],"jetpack_featured_media_url":"https:\/\/radiorevelacionfm.cl\/wp-content\/uploads\/2024\/05\/ee-puerto-sanchez0-1_optimized.jpeg","_links":{"self":[{"href":"https:\/\/radiorevelacionfm.cl\/index.php?rest_route=\/wp\/v2\/posts\/42557","targetHints":{"allow":["GET"]}}],"collection":[{"href":"https:\/\/radiorevelacionfm.cl\/index.php?rest_route=\/wp\/v2\/posts"}],"about":[{"href":"https:\/\/radiorevelacionfm.cl\/index.php?rest_route=\/wp\/v2\/types\/post"}],"author":[{"embeddable":true,"href":"https:\/\/radiorevelacionfm.cl\/index.php?rest_route=\/wp\/v2\/users\/1"}],"replies":[{"embeddable":true,"href":"https:\/\/radiorevelacionfm.cl\/index.php?rest_route=%2Fwp%2Fv2%2Fcomments&post=42557"}],"version-history":[{"count":1,"href":"https:\/\/radiorevelacionfm.cl\/index.php?rest_route=\/wp\/v2\/posts\/42557\/revisions"}],"predecessor-version":[{"id":42559,"href":"https:\/\/radiorevelacionfm.cl\/index.php?rest_route=\/wp\/v2\/posts\/42557\/revisions\/42559"}],"wp:featuredmedia":[{"embeddable":true,"href":"https:\/\/radiorevelacionfm.cl\/index.php?rest_route=\/wp\/v2\/media\/42558"}],"wp:attachment":[{"href":"https:\/\/radiorevelacionfm.cl\/index.php?rest_route=%2Fwp%2Fv2%2Fmedia&parent=42557"}],"wp:term":[{"taxonomy":"category","embeddable":true,"href":"https:\/\/radiorevelacionfm.cl\/index.php?rest_route=%2Fwp%2Fv2%2Fcategories&post=42557"},{"taxonomy":"post_tag","embeddable":true,"href":"https:\/\/radiorevelacionfm.cl\/index.php?rest_route=%2Fwp%2Fv2%2Ftags&post=42557"}],"curies":[{"name":"wp","href":"https:\/\/api.w.org\/{rel}","templated":true}]}}