{"id":42554,"date":"2024-05-27T21:01:41","date_gmt":"2024-05-28T00:01:41","guid":{"rendered":"https:\/\/radiorevelacionfm.cl\/?p=42554"},"modified":"2024-05-27T21:01:41","modified_gmt":"2024-05-28T00:01:41","slug":"cerca-de-200-personas-se-vacunaron-contra-la-influenza-este-fin-de-semana","status":"publish","type":"post","link":"https:\/\/radiorevelacionfm.cl\/?p=42554","title":{"rendered":"Cerca de 200 personas se vacunaron contra la influenza este fin de semana"},"content":{"rendered":"<div class=\"flex_column av_one_full  flex_column_div av-zero-column-padding first  avia-builder-el-0  el_before_av_one_full  avia-builder-el-first  \" style='border-radius:0px; '><div  class='avia-image-container  av-styling-    avia-builder-el-1  avia-builder-el-no-sibling  avia-align-center '  itemprop=\"image\" itemscope=\"itemscope\" itemtype=\"https:\/\/schema.org\/ImageObject\"  ><div class='avia-image-container-inner'><div class='avia-image-overlay-wrap'><img decoding=\"async\" class='wp-image-42555 avia-img-lazy-loading-not-42555 avia_image' src=\"https:\/\/radiorevelacionfm.cl\/wp-content\/uploads\/2024\/05\/Vacunacion-4-1-1.jpeg\" alt='' title='Vacunacion (4) (1) (1)' height=\"600\" width=\"800\"  itemprop=\"thumbnailUrl\" srcset=\"https:\/\/radiorevelacionfm.cl\/wp-content\/uploads\/2024\/05\/Vacunacion-4-1-1.jpeg 800w, https:\/\/radiorevelacionfm.cl\/wp-content\/uploads\/2024\/05\/Vacunacion-4-1-1-300x225.jpeg 300w, https:\/\/radiorevelacionfm.cl\/wp-content\/uploads\/2024\/05\/Vacunacion-4-1-1-768x576.jpeg 768w, https:\/\/radiorevelacionfm.cl\/wp-content\/uploads\/2024\/05\/Vacunacion-4-1-1-705x529.jpeg 705w, https:\/\/radiorevelacionfm.cl\/wp-content\/uploads\/2024\/05\/Vacunacion-4-1-1-450x338.jpeg 450w, https:\/\/radiorevelacionfm.cl\/wp-content\/uploads\/2024\/05\/Vacunacion-4-1-1-600x450.jpeg 600w\" sizes=\"(max-width: 800px) 100vw, 800px\" \/><\/div><\/div><\/div><\/div><div class=\"flex_column av_one_full  flex_column_div av-zero-column-padding first  avia-builder-el-2  el_after_av_one_full  el_before_av_one_full  column-top-margin\" style='border-radius:0px; '><section class=\"av_textblock_section \"  itemscope=\"itemscope\" itemtype=\"https:\/\/schema.org\/BlogPosting\" itemprop=\"blogPost\" ><div class='avia_textblock  '   itemprop=\"text\" ><p style=\"text-align: center;\"><span style=\"font-size: 18pt;\"><strong>Cerca de 200 personas se vacunaron contra la influenza este fin de semana<\/strong><\/span><\/p>\n<div id=\"gtx-trans\" style=\"position: absolute; left: -50px; top: 4.31534px;\">\n<div class=\"gtx-trans-icon\"><\/div>\n<\/div>\n<\/div><\/section><\/div><div class=\"flex_column av_one_full  flex_column_div av-zero-column-padding first  avia-builder-el-4  el_after_av_one_full  el_before_av_hr  column-top-margin\" style='border-radius:0px; '><section class=\"av_textblock_section \"  itemscope=\"itemscope\" itemtype=\"https:\/\/schema.org\/BlogPosting\" itemprop=\"blogPost\" ><div class='avia_textblock  '   itemprop=\"text\" ><p style=\"text-align: justify;\"><em>Los operativos de vacunaci\u00f3n se replicar\u00e1n durante los fines de semana en distintos puntos de la regi\u00f3n, con \u00e9nfasis en las comunas que presentan las coberturas m\u00e1s bajas.<\/em><\/p>\n<p style=\"text-align: justify;\">Un gran avance en el proceso de vacunaci\u00f3n contra la influenza y covid se vivi\u00f3 este fin de semana en la comuna de Coyhaique, donde con el fin de acercar este servicio a la comunidad, se habilitaron puntos especiales en el Museo Regional de Ays\u00e9n -en el marco del D\u00eda de los Patrimonios- y en Ensenada Valle Simpson, en conjunto con la Municipalidad de Coyhaique.<\/p>\n<p style=\"text-align: justify;\">\u201cEn la regi\u00f3n de Ays\u00e9n seguimos protegiendo a nuestra comunidad para poder enfrentar de la mejor manera este invierno. Es por eso que este fin de semana pudimos desplegar los esfuerzos de las voluntarias del Colegio de Enfermeras y tambi\u00e9n de la Red Asistencial protegiendo a cerca de 200 personas contra la Influenza y Covid\u201d, sostuvo la seremi de Salud Ays\u00e9n, Carmen Monsalve G\u00f3mez.<\/p>\n<p style=\"text-align: justify;\">La autoridad sanitaria destac\u00f3 la importancia de trabajar en conjunto con el intersector, acercando los puntos de vacunaci\u00f3n a la ciudadan\u00eda, sobre todo en las comunas que a la fecha presentan las coberturas m\u00e1s bajas: Coyhaique, Puerto Ays\u00e9n y Tortel.<\/p>\n<p style=\"text-align: justify;\">\u201cDurante los fines de semana seguiremos llevando estas iniciativas de vacunaci\u00f3n hacia la comunidad para poder facilitar el acceso\u201d, precis\u00f3 la seremi de Salud, agregando que \u201cmayores de 60 a\u00f1os, personas con enfermedades cr\u00f3nicas de 11 a 59 a\u00f1os, ni\u00f1os desde los 6 meses a quinto b\u00e1sico y embarazadas son los grupos que m\u00e1s nos interesa proteger y en los que tenemos que avanzar en las coberturas de protecci\u00f3n\u201d.<\/p>\n<p style=\"text-align: justify;\">Estos operativos itinerantes se replicar\u00e1n durante este pr\u00f3ximo s\u00e1bado 1 de junio en la Junta de Vecinos del sector Seis Lagunas junto a la Municipalidad de Coyhaique, sede Cruz Roja (Las Quintas #808), y Asociaci\u00f3n Chilena de Seguridad (Av. Ogana #618).<\/p>\n<p style=\"text-align: justify;\">A la fecha, la regi\u00f3n de Ays\u00e9n tiene una cobertura del 62% en vacunaci\u00f3n contra la influenza.<\/p>\n<\/div><\/section><\/div><div  style='height:50px' class='hr hr-invisible   avia-builder-el-6  el_after_av_one_full  el_before_av_social_share '><span class='hr-inner ' ><span class='hr-inner-style'><\/span><\/span><\/div><\/p>\n<div  class='av-social-sharing-box  avia-builder-el-7  el_after_av_hr  el_before_av_hr  '><div class='av-share-box'><h5 class='av-share-link-description av-no-toc '>Compartir esta noticia<\/h5><ul class='av-share-box-list noLightbox'><li class='av-share-link av-social-link-facebook' ><a target=\"_blank\" aria-label=\"Compartir en Facebook\" href='https:\/\/www.facebook.com\/sharer.php?u=https:\/\/radiorevelacionfm.cl\/?p=42554&#038;t=Cerca%20de%20200%20personas%20se%20vacunaron%20contra%20la%20influenza%20este%20fin%20de%20semana' aria-hidden='false' data-av_icon='\ue8f3' data-av_iconfont='entypo-fontello' title='' data-avia-related-tooltip='Compartir en Facebook' rel=\"noopener\"><span class='avia_hidden_link_text'>Compartir en Facebook<\/span><\/a><\/li><li class='av-share-link av-social-link-twitter' ><a target=\"_blank\" aria-label=\"Compartir en Twitter\" href='https:\/\/twitter.com\/share?text=Cerca%20de%20200%20personas%20se%20vacunaron%20contra%20la%20influenza%20este%20fin%20de%20semana&#038;url=https:\/\/radiorevelacionfm.cl\/?p=42554' aria-hidden='false' data-av_icon='\ue8f1' data-av_iconfont='entypo-fontello' title='' data-avia-related-tooltip='Compartir en Twitter' rel=\"noopener\"><span class='avia_hidden_link_text'>Compartir en Twitter<\/span><\/a><\/li><li class='av-share-link av-social-link-whatsapp' ><a target=\"_blank\" aria-label=\"Compartir en Whatsapp\" href='https:\/\/api.whatsapp.com\/send?text=https:\/\/radiorevelacionfm.cl\/?p=42554' aria-hidden='false' data-av_icon='\uf232' data-av_iconfont='entypo-fontello' title='' data-avia-related-tooltip='Compartir en Whatsapp' rel=\"noopener\"><span class='avia_hidden_link_text'>Compartir en Whatsapp<\/span><\/a><\/li><li class='av-share-link av-social-link-linkedin' ><a target=\"_blank\" aria-label=\"Compartir en LinkedIn\" href='https:\/\/linkedin.com\/shareArticle?mini=true&#038;title=Cerca%20de%20200%20personas%20se%20vacunaron%20contra%20la%20influenza%20este%20fin%20de%20semana&#038;url=https:\/\/radiorevelacionfm.cl\/?p=42554' aria-hidden='false' data-av_icon='\ue8fc' data-av_iconfont='entypo-fontello' title='' data-avia-related-tooltip='Compartir en LinkedIn' rel=\"noopener\"><span class='avia_hidden_link_text'>Compartir en LinkedIn<\/span><\/a><\/li><li class='av-share-link av-social-link-mail' ><a  aria-label=\"Compartir por correo\" href='mailto:?subject=Cerca%20de%20200%20personas%20se%20vacunaron%20contra%20la%20influenza%20este%20fin%20de%20semana&#038;body=https:\/\/radiorevelacionfm.cl\/?p=42554' aria-hidden='false' data-av_icon='\ue805' data-av_iconfont='entypo-fontello' title='' data-avia-related-tooltip='Compartir por correo'><span class='avia_hidden_link_text'>Compartir por correo<\/span><\/a><\/li><\/ul><\/div><\/div>\n<div  style='height:50px' class='hr hr-invisible   avia-builder-el-8  el_after_av_social_share  el_before_av_comments_list '><span class='hr-inner ' ><span class='hr-inner-style'><\/span><\/span><\/div>\n<div  class='av-buildercomment  av-blog-meta-html-info-disabled av-blog-meta-tag-disabled  '><\/div>\n","protected":false},"excerpt":{"rendered":"","protected":false},"author":1,"featured_media":42555,"comment_status":"open","ping_status":"open","sticky":false,"template":"","format":"standard","meta":{"footnotes":""},"categories":[46],"tags":[],"class_list":["post-42554","post","type-post","status-publish","format-standard","has-post-thumbnail","hentry","category-salud"],"jetpack_featured_media_url":"https:\/\/radiorevelacionfm.cl\/wp-content\/uploads\/2024\/05\/Vacunacion-4-1-1.jpeg","_links":{"self":[{"href":"https:\/\/radiorevelacionfm.cl\/index.php?rest_route=\/wp\/v2\/posts\/42554","targetHints":{"allow":["GET"]}}],"collection":[{"href":"https:\/\/radiorevelacionfm.cl\/index.php?rest_route=\/wp\/v2\/posts"}],"about":[{"href":"https:\/\/radiorevelacionfm.cl\/index.php?rest_route=\/wp\/v2\/types\/post"}],"author":[{"embeddable":true,"href":"https:\/\/radiorevelacionfm.cl\/index.php?rest_route=\/wp\/v2\/users\/1"}],"replies":[{"embeddable":true,"href":"https:\/\/radiorevelacionfm.cl\/index.php?rest_route=%2Fwp%2Fv2%2Fcomments&post=42554"}],"version-history":[{"count":1,"href":"https:\/\/radiorevelacionfm.cl\/index.php?rest_route=\/wp\/v2\/posts\/42554\/revisions"}],"predecessor-version":[{"id":42556,"href":"https:\/\/radiorevelacionfm.cl\/index.php?rest_route=\/wp\/v2\/posts\/42554\/revisions\/42556"}],"wp:featuredmedia":[{"embeddable":true,"href":"https:\/\/radiorevelacionfm.cl\/index.php?rest_route=\/wp\/v2\/media\/42555"}],"wp:attachment":[{"href":"https:\/\/radiorevelacionfm.cl\/index.php?rest_route=%2Fwp%2Fv2%2Fmedia&parent=42554"}],"wp:term":[{"taxonomy":"category","embeddable":true,"href":"https:\/\/radiorevelacionfm.cl\/index.php?rest_route=%2Fwp%2Fv2%2Fcategories&post=42554"},{"taxonomy":"post_tag","embeddable":true,"href":"https:\/\/radiorevelacionfm.cl\/index.php?rest_route=%2Fwp%2Fv2%2Ftags&post=42554"}],"curies":[{"name":"wp","href":"https:\/\/api.w.org\/{rel}","templated":true}]}}