{"id":42551,"date":"2024-05-29T23:05:10","date_gmt":"2024-05-30T02:05:10","guid":{"rendered":"https:\/\/radiorevelacionfm.cl\/?p=42551"},"modified":"2024-05-29T23:05:10","modified_gmt":"2024-05-30T02:05:10","slug":"senador-sandoval-la-educacion-superior-en-aysen-no-puede-ser-monopolizada-por-el-estado","status":"publish","type":"post","link":"https:\/\/radiorevelacionfm.cl\/?p=42551","title":{"rendered":"Senador Sandoval: \u201cLa educaci\u00f3n superior en Ays\u00e9n no puede ser monopolizada por el Estado\u201d"},"content":{"rendered":"<div class=\"flex_column av_one_full  flex_column_div av-zero-column-padding first  avia-builder-el-0  el_before_av_one_full  avia-builder-el-first  \" style='border-radius:0px; '><div  class='avia-image-container  av-styling-    avia-builder-el-1  avia-builder-el-no-sibling  avia-align-center '  itemprop=\"image\" itemscope=\"itemscope\" itemtype=\"https:\/\/schema.org\/ImageObject\"  ><div class='avia-image-container-inner'><div class='avia-image-overlay-wrap'><img decoding=\"async\" class='wp-image-42552 avia-img-lazy-loading-not-42552 avia_image' src=\"https:\/\/radiorevelacionfm.cl\/wp-content\/uploads\/2024\/05\/reunion-campus-patagonia-uach-1-1.jpg\" alt='' title='reuni\u00f3n campus patagonia uach (1) (1)' height=\"600\" width=\"981\"  itemprop=\"thumbnailUrl\" srcset=\"https:\/\/radiorevelacionfm.cl\/wp-content\/uploads\/2024\/05\/reunion-campus-patagonia-uach-1-1.jpg 981w, https:\/\/radiorevelacionfm.cl\/wp-content\/uploads\/2024\/05\/reunion-campus-patagonia-uach-1-1-300x183.jpg 300w, https:\/\/radiorevelacionfm.cl\/wp-content\/uploads\/2024\/05\/reunion-campus-patagonia-uach-1-1-768x470.jpg 768w, https:\/\/radiorevelacionfm.cl\/wp-content\/uploads\/2024\/05\/reunion-campus-patagonia-uach-1-1-705x431.jpg 705w, https:\/\/radiorevelacionfm.cl\/wp-content\/uploads\/2024\/05\/reunion-campus-patagonia-uach-1-1-450x275.jpg 450w, https:\/\/radiorevelacionfm.cl\/wp-content\/uploads\/2024\/05\/reunion-campus-patagonia-uach-1-1-600x367.jpg 600w\" sizes=\"(max-width: 981px) 100vw, 981px\" \/><\/div><\/div><\/div><\/div><div class=\"flex_column av_one_full  flex_column_div av-zero-column-padding first  avia-builder-el-2  el_after_av_one_full  el_before_av_one_full  column-top-margin\" style='border-radius:0px; '><section class=\"av_textblock_section \"  itemscope=\"itemscope\" itemtype=\"https:\/\/schema.org\/BlogPosting\" itemprop=\"blogPost\" ><div class='avia_textblock  '   itemprop=\"text\" ><p style=\"text-align: center;\"><strong><span style=\"font-size: 18pt;\">Senador Sandoval: \u201cLa educaci\u00f3n superior en Ays\u00e9n no puede ser monopolizada por el Estado\u201d<\/span><\/strong><\/p>\n<div id=\"gtx-trans\" style=\"position: absolute; left: -50px; top: 4.31534px;\">\n<div class=\"gtx-trans-icon\"><\/div>\n<\/div>\n<\/div><\/section><\/div><div class=\"flex_column av_one_full  flex_column_div av-zero-column-padding first  avia-builder-el-4  el_after_av_one_full  el_before_av_hr  column-top-margin\" style='border-radius:0px; '><section class=\"av_textblock_section \"  itemscope=\"itemscope\" itemtype=\"https:\/\/schema.org\/BlogPosting\" itemprop=\"blogPost\" ><div class='avia_textblock  '   itemprop=\"text\" ><p style=\"text-align: justify;\"><em>El parlamentario hizo un llamado a mantener la oferta acad\u00e9mica en la regi\u00f3n de Ays\u00e9n, manifestando su preocupaci\u00f3n por la crisis que vive la Universidad Austral, que afectan tambi\u00e9n al campus Patagonia, con cuyo rector, Jos\u00e9 D\u00f6rner Fern\u00e1ndez, se reunir\u00e1 este martes en Coyhaique.<\/em><\/p>\n<p style=\"text-align: justify;\">\u201cNinguna autoridad puede darse el lujo de perder una alternativa de educaci\u00f3n superior\u201d. As\u00ed lo se\u00f1al\u00f3 el senador David Sandoval al manifestar su preocupaci\u00f3n por los problemas que vive actualmente la Universidad Austral de Chile (UACH), que afectan tambi\u00e9n al campus Patagonia, el cual fue visitado por el parlamentario en los \u00faltimos d\u00edas.<\/p>\n<p style=\"text-align: justify;\">En ese contexto, Sandoval recalc\u00f3 que \u201cel tema de la educaci\u00f3n superior no puede ser monopolizada por el Estado\u201d, haciendo un llamado a mantener el proyecto educativo y as\u00ed no afectar el beneficio que significa para cientos de estudiantes. \u201cLa UACH lleva d\u00e9cadas de presencia en la regi\u00f3n y un proyecto como \u00e9ste no puede, bajo ning\u00fan punto de vista, arriesgarse\u201d, subray\u00f3.<\/p>\n<p style=\"text-align: justify;\">Por lo mismo, el legislador considera que \u201clas autoridades regionales en vez de empujar para que esto acontezca, debe ser todo lo contrario\u201d, agregando que en el campus Patagonia se est\u00e1 desarrollando un proyecto interesante, \u201ccon m\u00e1s de 500 alumnos que han pasado por all\u00ed; t\u00e9cnicos profesionales que les ha cambiado su vida\u201d.<\/p>\n<p style=\"text-align: justify;\">\u201cEstar\u00edamos incurriendo en un riesgo mayor\u201d, se\u00f1al\u00f3 el parlamentario al insistir en las consecuencias de monopolizar la educaci\u00f3n superior en Ays\u00e9n, haciendo un llamado a mantener la oferta y alternativas acad\u00e9micas en la zona. \u201cHay que estar muy atentos\u201d, subray\u00f3.<\/p>\n<p style=\"text-align: justify;\">Y esto, lo une a lo que ha pasado con el caso de la Universidad de Ays\u00e9n, que tambi\u00e9n entr\u00f3 en una profunda crisis, que hizo que fuera intervenida, determin\u00e1ndose la instalaci\u00f3n de un administrador provisional por parte de la Superintendencia de Educaci\u00f3n Superior.\u00a0 \u201cEntr\u00f3 en crisis porque se administr\u00f3 como una parcela pol\u00edtica de los sectores m\u00e1s radicalizados de izquierda que terminaron monopolizando y llevan a la universidad a la crisis que hoy vive. Se nombr\u00f3 un administrador provisional, para impulsar las acciones que la superintendencia le est\u00e1 indicando\u201d, asegur\u00f3.<\/p>\n<p style=\"text-align: justify;\">Con todo, el senador Sandoval sostendr\u00e1 este martes una reuni\u00f3n con el rector de la Universidad Austral de Chile (UACH) en Coyhaique, Jos\u00e9 D\u00f6rner Fern\u00e1ndez, as\u00ed como tambi\u00e9n con el administrador de la UAys\u00e9n, Juan Pablo Prieto Cox, a fin de conocer cu\u00e1les son los avances que se han producido durante estos meses de gesti\u00f3n.<\/p>\n<\/div><\/section><\/div><div  style='height:50px' class='hr hr-invisible   avia-builder-el-6  el_after_av_one_full  el_before_av_social_share '><span class='hr-inner ' ><span class='hr-inner-style'><\/span><\/span><\/div><\/p>\n<div  class='av-social-sharing-box  avia-builder-el-7  el_after_av_hr  el_before_av_hr  '><div class='av-share-box'><h5 class='av-share-link-description av-no-toc '>Compartir esta noticia<\/h5><ul class='av-share-box-list noLightbox'><li class='av-share-link av-social-link-facebook' ><a target=\"_blank\" aria-label=\"Compartir en Facebook\" href='https:\/\/www.facebook.com\/sharer.php?u=https:\/\/radiorevelacionfm.cl\/?p=42551&#038;t=Senador%20Sandoval%3A%20%E2%80%9CLa%20educaci%C3%B3n%20superior%20en%20Ays%C3%A9n%20no%20puede%20ser%20monopolizada%20por%20el%20Estado%E2%80%9D' aria-hidden='false' data-av_icon='\ue8f3' data-av_iconfont='entypo-fontello' title='' data-avia-related-tooltip='Compartir en Facebook' rel=\"noopener\"><span class='avia_hidden_link_text'>Compartir en Facebook<\/span><\/a><\/li><li class='av-share-link av-social-link-twitter' ><a target=\"_blank\" aria-label=\"Compartir en Twitter\" href='https:\/\/twitter.com\/share?text=Senador%20Sandoval%3A%20%E2%80%9CLa%20educaci%C3%B3n%20superior%20en%20Ays%C3%A9n%20no%20puede%20ser%20monopolizada%20por%20el%20Estado%E2%80%9D&#038;url=https:\/\/radiorevelacionfm.cl\/?p=42551' aria-hidden='false' data-av_icon='\ue8f1' data-av_iconfont='entypo-fontello' title='' data-avia-related-tooltip='Compartir en Twitter' rel=\"noopener\"><span class='avia_hidden_link_text'>Compartir en Twitter<\/span><\/a><\/li><li class='av-share-link av-social-link-whatsapp' ><a target=\"_blank\" aria-label=\"Compartir en Whatsapp\" href='https:\/\/api.whatsapp.com\/send?text=https:\/\/radiorevelacionfm.cl\/?p=42551' aria-hidden='false' data-av_icon='\uf232' data-av_iconfont='entypo-fontello' title='' data-avia-related-tooltip='Compartir en Whatsapp' rel=\"noopener\"><span class='avia_hidden_link_text'>Compartir en Whatsapp<\/span><\/a><\/li><li class='av-share-link av-social-link-linkedin' ><a target=\"_blank\" aria-label=\"Compartir en LinkedIn\" href='https:\/\/linkedin.com\/shareArticle?mini=true&#038;title=Senador%20Sandoval%3A%20%E2%80%9CLa%20educaci%C3%B3n%20superior%20en%20Ays%C3%A9n%20no%20puede%20ser%20monopolizada%20por%20el%20Estado%E2%80%9D&#038;url=https:\/\/radiorevelacionfm.cl\/?p=42551' aria-hidden='false' data-av_icon='\ue8fc' data-av_iconfont='entypo-fontello' title='' data-avia-related-tooltip='Compartir en LinkedIn' rel=\"noopener\"><span class='avia_hidden_link_text'>Compartir en LinkedIn<\/span><\/a><\/li><li class='av-share-link av-social-link-mail' ><a  aria-label=\"Compartir por correo\" href='mailto:?subject=Senador%20Sandoval%3A%20%E2%80%9CLa%20educaci%C3%B3n%20superior%20en%20Ays%C3%A9n%20no%20puede%20ser%20monopolizada%20por%20el%20Estado%E2%80%9D&#038;body=https:\/\/radiorevelacionfm.cl\/?p=42551' aria-hidden='false' data-av_icon='\ue805' data-av_iconfont='entypo-fontello' title='' data-avia-related-tooltip='Compartir por correo'><span class='avia_hidden_link_text'>Compartir por correo<\/span><\/a><\/li><\/ul><\/div><\/div>\n<div  style='height:50px' class='hr hr-invisible   avia-builder-el-8  el_after_av_social_share  el_before_av_comments_list '><span class='hr-inner ' ><span class='hr-inner-style'><\/span><\/span><\/div>\n<div  class='av-buildercomment  av-blog-meta-html-info-disabled av-blog-meta-tag-disabled  '><\/div>\n","protected":false},"excerpt":{"rendered":"","protected":false},"author":1,"featured_media":42552,"comment_status":"open","ping_status":"open","sticky":false,"template":"","format":"standard","meta":{"footnotes":""},"categories":[35],"tags":[],"class_list":["post-42551","post","type-post","status-publish","format-standard","has-post-thumbnail","hentry","category-politica"],"jetpack_featured_media_url":"https:\/\/radiorevelacionfm.cl\/wp-content\/uploads\/2024\/05\/reunion-campus-patagonia-uach-1-1.jpg","_links":{"self":[{"href":"https:\/\/radiorevelacionfm.cl\/index.php?rest_route=\/wp\/v2\/posts\/42551","targetHints":{"allow":["GET"]}}],"collection":[{"href":"https:\/\/radiorevelacionfm.cl\/index.php?rest_route=\/wp\/v2\/posts"}],"about":[{"href":"https:\/\/radiorevelacionfm.cl\/index.php?rest_route=\/wp\/v2\/types\/post"}],"author":[{"embeddable":true,"href":"https:\/\/radiorevelacionfm.cl\/index.php?rest_route=\/wp\/v2\/users\/1"}],"replies":[{"embeddable":true,"href":"https:\/\/radiorevelacionfm.cl\/index.php?rest_route=%2Fwp%2Fv2%2Fcomments&post=42551"}],"version-history":[{"count":1,"href":"https:\/\/radiorevelacionfm.cl\/index.php?rest_route=\/wp\/v2\/posts\/42551\/revisions"}],"predecessor-version":[{"id":42553,"href":"https:\/\/radiorevelacionfm.cl\/index.php?rest_route=\/wp\/v2\/posts\/42551\/revisions\/42553"}],"wp:featuredmedia":[{"embeddable":true,"href":"https:\/\/radiorevelacionfm.cl\/index.php?rest_route=\/wp\/v2\/media\/42552"}],"wp:attachment":[{"href":"https:\/\/radiorevelacionfm.cl\/index.php?rest_route=%2Fwp%2Fv2%2Fmedia&parent=42551"}],"wp:term":[{"taxonomy":"category","embeddable":true,"href":"https:\/\/radiorevelacionfm.cl\/index.php?rest_route=%2Fwp%2Fv2%2Fcategories&post=42551"},{"taxonomy":"post_tag","embeddable":true,"href":"https:\/\/radiorevelacionfm.cl\/index.php?rest_route=%2Fwp%2Fv2%2Ftags&post=42551"}],"curies":[{"name":"wp","href":"https:\/\/api.w.org\/{rel}","templated":true}]}}