{"id":42548,"date":"2024-05-27T20:32:05","date_gmt":"2024-05-27T23:32:05","guid":{"rendered":"https:\/\/radiorevelacionfm.cl\/?p=42548"},"modified":"2024-05-27T20:32:05","modified_gmt":"2024-05-27T23:32:05","slug":"dia-de-los-patrimonios-comunidad-visito-cuarteles-de-carabineros-y-se-reencuentra-con-la-historia-institucional-en-aysen","status":"publish","type":"post","link":"https:\/\/radiorevelacionfm.cl\/?p=42548","title":{"rendered":"\u00abD\u00eda de los Patrimonios\u00bb: Comunidad visit\u00f3 cuarteles de Carabineros y se reencuentra con la historia institucional en Ays\u00e9n"},"content":{"rendered":"<div class=\"flex_column av_one_full  flex_column_div av-zero-column-padding first  avia-builder-el-0  el_before_av_one_full  avia-builder-el-first  \" style='border-radius:0px; '><div  class='avia-image-container  av-styling-    avia-builder-el-1  avia-builder-el-no-sibling  avia-align-center '  itemprop=\"image\" itemscope=\"itemscope\" itemtype=\"https:\/\/schema.org\/ImageObject\"  ><div class='avia-image-container-inner'><div class='avia-image-overlay-wrap'><img decoding=\"async\" class='wp-image-42549 avia-img-lazy-loading-not-42549 avia_image' src=\"https:\/\/radiorevelacionfm.cl\/wp-content\/uploads\/2024\/05\/4d83f271-888e-4aca-81a4-ad990a7139ef-1-1_optimized-1.jpg\" alt='' title='4d83f271-888e-4aca-81a4-ad990a7139ef-(1)-(1)_optimized (1)' height=\"600\" width=\"800\"  itemprop=\"thumbnailUrl\" srcset=\"https:\/\/radiorevelacionfm.cl\/wp-content\/uploads\/2024\/05\/4d83f271-888e-4aca-81a4-ad990a7139ef-1-1_optimized-1.jpg 800w, https:\/\/radiorevelacionfm.cl\/wp-content\/uploads\/2024\/05\/4d83f271-888e-4aca-81a4-ad990a7139ef-1-1_optimized-1-300x225.jpg 300w, https:\/\/radiorevelacionfm.cl\/wp-content\/uploads\/2024\/05\/4d83f271-888e-4aca-81a4-ad990a7139ef-1-1_optimized-1-768x576.jpg 768w, https:\/\/radiorevelacionfm.cl\/wp-content\/uploads\/2024\/05\/4d83f271-888e-4aca-81a4-ad990a7139ef-1-1_optimized-1-705x529.jpg 705w, https:\/\/radiorevelacionfm.cl\/wp-content\/uploads\/2024\/05\/4d83f271-888e-4aca-81a4-ad990a7139ef-1-1_optimized-1-450x338.jpg 450w, https:\/\/radiorevelacionfm.cl\/wp-content\/uploads\/2024\/05\/4d83f271-888e-4aca-81a4-ad990a7139ef-1-1_optimized-1-600x450.jpg 600w\" sizes=\"(max-width: 800px) 100vw, 800px\" \/><\/div><\/div><\/div><\/div><div class=\"flex_column av_one_full  flex_column_div av-zero-column-padding first  avia-builder-el-2  el_after_av_one_full  el_before_av_one_full  column-top-margin\" style='border-radius:0px; '><section class=\"av_textblock_section \"  itemscope=\"itemscope\" itemtype=\"https:\/\/schema.org\/BlogPosting\" itemprop=\"blogPost\" ><div class='avia_textblock  '   itemprop=\"text\" ><p class=\"v1MsoNormal\" style=\"text-align: center;\"><span style=\"font-size: 18pt;\"><b><span lang=\"ES-MX\">\u00abD\u00eda de los Patrimonios\u00bb: Comunidad visit\u00f3 cuarteles de Carabineros y se reencuentra con la historia institucional en Ays\u00e9n<\/span><\/b><\/span><\/p>\n<div id=\"gtx-trans\" style=\"position: absolute; left: -50px; top: 4.31534px;\">\n<div class=\"gtx-trans-icon\"><\/div>\n<\/div>\n<\/div><\/section><\/div><div class=\"flex_column av_one_full  flex_column_div av-zero-column-padding first  avia-builder-el-4  el_after_av_one_full  el_before_av_hr  column-top-margin\" style='border-radius:0px; '><section class=\"av_textblock_section \"  itemscope=\"itemscope\" itemtype=\"https:\/\/schema.org\/BlogPosting\" itemprop=\"blogPost\" ><div class='avia_textblock  '   itemprop=\"text\" ><p class=\"v1MsoNormal\" style=\"text-align: justify;\"><span lang=\"ES-MX\">El Cuartel dos y el edificio de Tierras y Colonizaci\u00f3n donde funciona la 2da Comisar\u00eda de Puerto Ays\u00e9n son construcciones hist\u00f3ricas, sitios patrimoniales y de memoria, donde se conserva la habitaci\u00f3n que cobij\u00f3 al Teniente Hern\u00e1n Merino Correa y donde se encuentra la Banda Instrumental, la m\u00e1s antigua que posee la Instituci\u00f3n a nivel nacional.<\/span><\/p>\n<p class=\"v1MsoNormal\" style=\"text-align: justify;\"><span lang=\"ES-MX\">M\u00e1s de 240 personas concurrieron a los cuarteles institucionales en el D\u00eda de los Patrimonios, efectuando una visita guiada, conociendo la historia institucional a lo largo de 97 a\u00f1os de servicio y entrega a la comunidad.<\/span><\/p>\n<p class=\"v1MsoNormal\" style=\"text-align: justify;\"><span lang=\"ES-MX\">Familias, adultos mayores, estudiantes, turistas y la comunidad en general fueron recibidos por el personal vistiendo a la usanza de anta\u00f1o, dando cuenta del trabajo de Carabineros como una Instituci\u00f3n pionera tanto en el desarrollo de Ays\u00e9n como en la organizaci\u00f3n de su territorio, jugando un rol clave en la colonizaci\u00f3n, apertura de caminos fundaci\u00f3n de poblados, llevando orden y patria a cada rinc\u00f3n de este vasto territorio.<\/span><\/p>\n<p class=\"v1MsoNormal\" style=\"text-align: justify;\"><span lang=\"ES-MX\">En este contexto Carabineros de Puerto Ays\u00e9n abri\u00f3 las puertas de sus cuarteles, permitiendo a la comunidad conocer la historia institucional y patrimonio, pudiendo la comunidad visitar el edificio de Tierras y Colonizaci\u00f3n donde actualmente funciona la 2da Comisar\u00eda frente a la Plaza de Armas de esta ciudad.<\/span><\/p>\n<p class=\"v1MsoNormal\" style=\"text-align: justify;\"><span lang=\"ES-MX\">A pocas cuadras del lugar en calle Teniente Merino S\/N, sector La Balsa, se encuentra el Cuartel 2, edificio hist\u00f3rico y sitio de memoria, lugar donde se conserva la habitaci\u00f3n y dependencias que hace 62 a\u00f1os cobijaron al H\u00e9roe del Siglo XX, el Teniente Hern\u00e1n Merino Correa, quien prest\u00f3 servicios entre el 28 de abril de 1962 al 13 de abril de 1964.<\/span><\/p>\n<p class=\"v1MsoNormal\" style=\"text-align: justify;\"><span lang=\"ES-MX\">Durante el D\u00eda de los Patrimonios, la comunidad pudo tambi\u00e9n conocer la Banda Instrumental de la Prefectura de Carabineros Ays\u00e9n N\u00b0 27.<\/span><\/p>\n<p class=\"v1MsoNormal\" style=\"text-align: justify;\"><span lang=\"ES-MX\">Por iniciativa del General Luis Marchant Gonz\u00e1lez, la Banda Instrumental fue creada el 24 de abril de 1929, con 95 a\u00f1os de historia es en la actualidad la banda m\u00e1s antigua que posee la Instituci\u00f3n en nuestro pa\u00eds.<\/span><\/p>\n<p class=\"v1MsoNormal\" style=\"text-align: justify;\"><span lang=\"ES-MX\">Asimismo, en estas dependencias se encuentra el sal\u00f3n General Marchant, espacio en el cual se rinde homenaje a una de las figuras m\u00e1s importantes en la historia de nuestra regi\u00f3n.<\/span><\/p>\n<p class=\"v1MsoNormal\" style=\"text-align: justify;\"><span lang=\"ES-MX\">De igual forma la comunidad efectu\u00f3 un recorrido guiado a trav\u00e9s de las instalaciones del Ret\u00e9n Villa Ortega, la 1ra Comisar\u00eda Coyhaique en tanto que turistas holandeses visitaron las Subcomisar\u00eda Villa O\u00b4Higgins (F) conociendo el trabajo de los carabineros de frontera y lugar donde se escribi\u00f3 un soplo de nuestra historia magna tras los sucesos de Laguna del Desierto ocurridos hace 58 a\u00f1os un 6 de noviembre de 1965.<\/span><\/p>\n<\/div><\/section><\/div><div  style='height:50px' class='hr hr-invisible   avia-builder-el-6  el_after_av_one_full  el_before_av_social_share '><span class='hr-inner ' ><span class='hr-inner-style'><\/span><\/span><\/div><\/p>\n<div  class='av-social-sharing-box  avia-builder-el-7  el_after_av_hr  el_before_av_hr  '><div class='av-share-box'><h5 class='av-share-link-description av-no-toc '>Compartir esta noticia<\/h5><ul class='av-share-box-list noLightbox'><li class='av-share-link av-social-link-facebook' ><a target=\"_blank\" aria-label=\"Compartir en Facebook\" href='https:\/\/www.facebook.com\/sharer.php?u=https:\/\/radiorevelacionfm.cl\/?p=42548&#038;t=%C2%ABD%C3%ADa%20de%20los%20Patrimonios%C2%BB%3A%20Comunidad%20visit%C3%B3%20cuarteles%20de%20Carabineros%20y%20se%20reencuentra%20con%20la%20historia%20institucional%20en%20Ays%C3%A9n' aria-hidden='false' data-av_icon='\ue8f3' data-av_iconfont='entypo-fontello' title='' data-avia-related-tooltip='Compartir en Facebook' rel=\"noopener\"><span class='avia_hidden_link_text'>Compartir en Facebook<\/span><\/a><\/li><li class='av-share-link av-social-link-twitter' ><a target=\"_blank\" aria-label=\"Compartir en Twitter\" href='https:\/\/twitter.com\/share?text=%C2%ABD%C3%ADa%20de%20los%20Patrimonios%C2%BB%3A%20Comunidad%20visit%C3%B3%20cuarteles%20de%20Carabineros%20y%20se%20reencuentra%20con%20la%20historia%20institucional%20en%20Ays%C3%A9n&#038;url=https:\/\/radiorevelacionfm.cl\/?p=42548' aria-hidden='false' data-av_icon='\ue8f1' data-av_iconfont='entypo-fontello' title='' data-avia-related-tooltip='Compartir en Twitter' rel=\"noopener\"><span class='avia_hidden_link_text'>Compartir en Twitter<\/span><\/a><\/li><li class='av-share-link av-social-link-whatsapp' ><a target=\"_blank\" aria-label=\"Compartir en Whatsapp\" href='https:\/\/api.whatsapp.com\/send?text=https:\/\/radiorevelacionfm.cl\/?p=42548' aria-hidden='false' data-av_icon='\uf232' data-av_iconfont='entypo-fontello' title='' data-avia-related-tooltip='Compartir en Whatsapp' rel=\"noopener\"><span class='avia_hidden_link_text'>Compartir en Whatsapp<\/span><\/a><\/li><li class='av-share-link av-social-link-linkedin' ><a target=\"_blank\" aria-label=\"Compartir en LinkedIn\" href='https:\/\/linkedin.com\/shareArticle?mini=true&#038;title=%C2%ABD%C3%ADa%20de%20los%20Patrimonios%C2%BB%3A%20Comunidad%20visit%C3%B3%20cuarteles%20de%20Carabineros%20y%20se%20reencuentra%20con%20la%20historia%20institucional%20en%20Ays%C3%A9n&#038;url=https:\/\/radiorevelacionfm.cl\/?p=42548' aria-hidden='false' data-av_icon='\ue8fc' data-av_iconfont='entypo-fontello' title='' data-avia-related-tooltip='Compartir en LinkedIn' rel=\"noopener\"><span class='avia_hidden_link_text'>Compartir en LinkedIn<\/span><\/a><\/li><li class='av-share-link av-social-link-mail' ><a  aria-label=\"Compartir por correo\" href='mailto:?subject=%C2%ABD%C3%ADa%20de%20los%20Patrimonios%C2%BB%3A%20Comunidad%20visit%C3%B3%20cuarteles%20de%20Carabineros%20y%20se%20reencuentra%20con%20la%20historia%20institucional%20en%20Ays%C3%A9n&#038;body=https:\/\/radiorevelacionfm.cl\/?p=42548' aria-hidden='false' data-av_icon='\ue805' data-av_iconfont='entypo-fontello' title='' data-avia-related-tooltip='Compartir por correo'><span class='avia_hidden_link_text'>Compartir por correo<\/span><\/a><\/li><\/ul><\/div><\/div>\n<div  style='height:50px' class='hr hr-invisible   avia-builder-el-8  el_after_av_social_share  el_before_av_comments_list '><span class='hr-inner ' ><span class='hr-inner-style'><\/span><\/span><\/div>\n<div  class='av-buildercomment  av-blog-meta-html-info-disabled av-blog-meta-tag-disabled  '><\/div>\n","protected":false},"excerpt":{"rendered":"","protected":false},"author":1,"featured_media":42549,"comment_status":"open","ping_status":"open","sticky":false,"template":"","format":"standard","meta":{"footnotes":""},"categories":[38],"tags":[],"class_list":["post-42548","post","type-post","status-publish","format-standard","has-post-thumbnail","hentry","category-regional"],"jetpack_featured_media_url":"https:\/\/radiorevelacionfm.cl\/wp-content\/uploads\/2024\/05\/4d83f271-888e-4aca-81a4-ad990a7139ef-1-1_optimized-1.jpg","_links":{"self":[{"href":"https:\/\/radiorevelacionfm.cl\/index.php?rest_route=\/wp\/v2\/posts\/42548","targetHints":{"allow":["GET"]}}],"collection":[{"href":"https:\/\/radiorevelacionfm.cl\/index.php?rest_route=\/wp\/v2\/posts"}],"about":[{"href":"https:\/\/radiorevelacionfm.cl\/index.php?rest_route=\/wp\/v2\/types\/post"}],"author":[{"embeddable":true,"href":"https:\/\/radiorevelacionfm.cl\/index.php?rest_route=\/wp\/v2\/users\/1"}],"replies":[{"embeddable":true,"href":"https:\/\/radiorevelacionfm.cl\/index.php?rest_route=%2Fwp%2Fv2%2Fcomments&post=42548"}],"version-history":[{"count":1,"href":"https:\/\/radiorevelacionfm.cl\/index.php?rest_route=\/wp\/v2\/posts\/42548\/revisions"}],"predecessor-version":[{"id":42550,"href":"https:\/\/radiorevelacionfm.cl\/index.php?rest_route=\/wp\/v2\/posts\/42548\/revisions\/42550"}],"wp:featuredmedia":[{"embeddable":true,"href":"https:\/\/radiorevelacionfm.cl\/index.php?rest_route=\/wp\/v2\/media\/42549"}],"wp:attachment":[{"href":"https:\/\/radiorevelacionfm.cl\/index.php?rest_route=%2Fwp%2Fv2%2Fmedia&parent=42548"}],"wp:term":[{"taxonomy":"category","embeddable":true,"href":"https:\/\/radiorevelacionfm.cl\/index.php?rest_route=%2Fwp%2Fv2%2Fcategories&post=42548"},{"taxonomy":"post_tag","embeddable":true,"href":"https:\/\/radiorevelacionfm.cl\/index.php?rest_route=%2Fwp%2Fv2%2Ftags&post=42548"}],"curies":[{"name":"wp","href":"https:\/\/api.w.org\/{rel}","templated":true}]}}