{"id":42542,"date":"2024-05-27T13:11:16","date_gmt":"2024-05-27T16:11:16","guid":{"rendered":"https:\/\/radiorevelacionfm.cl\/?p=42542"},"modified":"2024-05-27T13:11:16","modified_gmt":"2024-05-27T16:11:16","slug":"medio-ambiente-realiza-cuenta-publica-con-trabajo-participativo-y-expone-plan-estrategico-de-la-cartera","status":"publish","type":"post","link":"https:\/\/radiorevelacionfm.cl\/?p=42542","title":{"rendered":"Medio Ambiente realiza cuenta p\u00fablica con trabajo participativo y expone plan estrat\u00e9gico de la cartera"},"content":{"rendered":"<div class=\"flex_column av_one_full  flex_column_div av-zero-column-padding first  avia-builder-el-0  el_before_av_one_full  avia-builder-el-first  \" style='border-radius:0px; '><div  class='avia-image-container  av-styling-    avia-builder-el-1  avia-builder-el-no-sibling  avia-align-center '  itemprop=\"image\" itemscope=\"itemscope\" itemtype=\"https:\/\/schema.org\/ImageObject\"  ><div class='avia-image-container-inner'><div class='avia-image-overlay-wrap'><img decoding=\"async\" class='wp-image-42543 avia-img-lazy-loading-not-42543 avia_image' src=\"https:\/\/radiorevelacionfm.cl\/wp-content\/uploads\/2024\/05\/d5d191f6-b187-440f-b3f1-a89203e02333-1-1_optimized-1.jpg\" alt='' title='d5d191f6-b187-440f-b3f1-a89203e02333-(1)-(1)_optimized (1)' height=\"600\" width=\"1069\"  itemprop=\"thumbnailUrl\" srcset=\"https:\/\/radiorevelacionfm.cl\/wp-content\/uploads\/2024\/05\/d5d191f6-b187-440f-b3f1-a89203e02333-1-1_optimized-1.jpg 1069w, https:\/\/radiorevelacionfm.cl\/wp-content\/uploads\/2024\/05\/d5d191f6-b187-440f-b3f1-a89203e02333-1-1_optimized-1-300x168.jpg 300w, https:\/\/radiorevelacionfm.cl\/wp-content\/uploads\/2024\/05\/d5d191f6-b187-440f-b3f1-a89203e02333-1-1_optimized-1-1030x578.jpg 1030w, https:\/\/radiorevelacionfm.cl\/wp-content\/uploads\/2024\/05\/d5d191f6-b187-440f-b3f1-a89203e02333-1-1_optimized-1-768x431.jpg 768w, https:\/\/radiorevelacionfm.cl\/wp-content\/uploads\/2024\/05\/d5d191f6-b187-440f-b3f1-a89203e02333-1-1_optimized-1-705x396.jpg 705w, https:\/\/radiorevelacionfm.cl\/wp-content\/uploads\/2024\/05\/d5d191f6-b187-440f-b3f1-a89203e02333-1-1_optimized-1-450x253.jpg 450w, https:\/\/radiorevelacionfm.cl\/wp-content\/uploads\/2024\/05\/d5d191f6-b187-440f-b3f1-a89203e02333-1-1_optimized-1-600x337.jpg 600w\" sizes=\"(max-width: 1069px) 100vw, 1069px\" \/><\/div><\/div><\/div><\/div><div class=\"flex_column av_one_full  flex_column_div av-zero-column-padding first  avia-builder-el-2  el_after_av_one_full  el_before_av_one_full  column-top-margin\" style='border-radius:0px; '><section class=\"av_textblock_section \"  itemscope=\"itemscope\" itemtype=\"https:\/\/schema.org\/BlogPosting\" itemprop=\"blogPost\" ><div class='avia_textblock  '   itemprop=\"text\" ><p style=\"text-align: center;\"><span style=\"font-size: 18pt;\"><strong>Medio Ambiente realiza cuenta p\u00fablica con trabajo participativo y expone plan estrat\u00e9gico de la cartera<\/strong><\/span><\/p>\n<div id=\"gtx-trans\" style=\"position: absolute; left: -50px; top: 4.31534px;\">\n<div class=\"gtx-trans-icon\"><\/div>\n<\/div>\n<\/div><\/section><\/div><div class=\"flex_column av_one_full  flex_column_div av-zero-column-padding first  avia-builder-el-4  el_after_av_one_full  el_before_av_hr  column-top-margin\" style='border-radius:0px; '><section class=\"av_textblock_section \"  itemscope=\"itemscope\" itemtype=\"https:\/\/schema.org\/BlogPosting\" itemprop=\"blogPost\" ><div class='avia_textblock  '   itemprop=\"text\" ><p style=\"text-align: justify;\">La Seremi del Medio Ambiente realiz\u00f3 su cuenta p\u00fablica participativa, exponiendo los avances del \u00faltimo a\u00f1o de gesti\u00f3n, desde las \u00e1reas de calidad del aire, educaci\u00f3n ambiental, econom\u00eda circular y cambio clim\u00e1tico siempre desde el paraguas de la triple crisis ecol\u00f3gica, rescatando las acciones realizadas a nivel local.<\/p>\n<p style=\"text-align: justify;\">El Seremi, Yoal D\u00edaz destac\u00f3 los avances en calidad del aire tanto en la disminuci\u00f3n hist\u00f3rica de los episodios de emergencia en la ciudad de Coyhaique, como los avances en la construcci\u00f3n participativa del Plan de Descontaminaci\u00f3n Atmosf\u00e9rica de Puerto Ays\u00e9n, reactivaci\u00f3n del programa de recambio de calefactores y avance en monitoreo de calidad del aire en Cochrane. As\u00ed tambi\u00e9n destac\u00f3 los avances en la concreci\u00f3n del primer humedal urbano declarado en la regi\u00f3n de Ays\u00e9n, el establecimiento de la mesa de Gobernanza Marino Costera y la implementaci\u00f3n del plan de manejo del \u00c1rea Marino Costero Protegida AMCP de Pitipalena A\u00f1ihue y la construcci\u00f3n del plan de manejo del AMCP de Tortel.<\/p>\n<p style=\"text-align: justify;\">En materia de residuos y cambio clim\u00e1tico destac\u00f3 el trabajo colaborativo que llev\u00f3 a la concreci\u00f3n de la Secretar\u00eda Ejecutiva de Residuos y Econom\u00eda circular, y el FNDR de Residuos Org\u00e1nicos Domiciliarios, ambos con el apoyo del Gobierno Regional y su Consejo; el establecimiento del Comit\u00e9 Regional de Cambio Clim\u00e1tico (CORECC) y la creaci\u00f3n del Plan de Acci\u00f3n Regional de Cambio Clim\u00e1tico (PARCC).<\/p>\n<p style=\"text-align: justify;\">\u201cTuvimos nuestra cuenta p\u00fablica participativa de la gesti\u00f3n de la Seremi 2023 y la verdad que estamos muy contentos. Primero por la asistencia. Segundo, porque pudimos hacer un resumen que mira tambi\u00e9n como la triple crisis tiene una bajada a trav\u00e9s de soluciones de las distintas \u00e1reas de trabajo.\u00a0 Tenemos un mont\u00f3n de desaf\u00edos, tenemos mucho por hacer, pero con mucha esperanza que el 2024 siguen viniendo muchos avances que vemos que podemos levantar en procesos en calidad del aire, en biodiversidad, en cambio clim\u00e1tico y gesti\u00f3n de residuos a trav\u00e9s de la educaci\u00f3n ambiental y fortaleciendo la institucionalidad ambiental\u201d, explic\u00f3 el Seremi Yoal D\u00edaz.<\/p>\n<p style=\"text-align: justify;\">Una vez concluida la exposici\u00f3n de la gesti\u00f3n, la autoridad puntualiz\u00f3 los desaf\u00edos de estrategia futura, poniendo \u00e9nfasis en la ejecuci\u00f3n Plan de Implementaci\u00f3n Acuerdo de Escaz\u00fa, el fortalecimiento del Sistema Nacional de Certificaci\u00f3n Ambiental de Establecimientos Educacionales SNCAE, fortalecimiento Comit\u00e9s Ambientales Comunales, la ampliaci\u00f3n del Programa Oficina Verde , Aprobaci\u00f3n e Implementaci\u00f3n Plan de Acci\u00f3n Regional de Cambio Clim\u00e1tico (PARCC), un programa de apoyo para construcci\u00f3n de los planes de acci\u00f3n comunal (PACCC) e Inicio de un programa de Educaci\u00f3n Ambiental en cambio clim\u00e1tico entre otros.<\/p>\n<p style=\"text-align: justify;\">Para concluir la cuenta p\u00fablica participativa, se dividi\u00f3 a los y las asistentes en grupos para que pudieran dialogar sobre lo expuesto y adem\u00e1s entregar su visi\u00f3n e ideas respecto de un \u00e1rea de trabajo de la Seremi en particular, para el que se inscribieron al comienzo de la jornada \u201ceste formato es distinto que el a\u00f1o pasado y en ese sentido se nota que la Seremi hizo alguna evaluaci\u00f3n quisieron hacer algo distinto y eso siempre se valora. En general, la cuenta p\u00fablica estuvo bien completa. Yo aprend\u00ed algunas cosas que no ten\u00eda claras. Pero claro, sin lugar a dudas, se valora tener la instancia de poder hacer estas actividades donde podamos compartir opiniones con las personas que tambi\u00e9n trabajan en servicio p\u00fablico y que van a tomar o estar vinculados s esas decisiones\u201d, declar\u00f3 la presidenta de ONG AUMEN y actual presidenta del Consejo Consultivo del Medio Ambiente de la regi\u00f3n de Ays\u00e9n , Javiera Cisternas. Por su parte la presidenta de la JJ.VV. Clotario chica, Nancy Vargas rescatando tambi\u00e9n la oportunidad de conectar con profesionales de medio ambiente y los diversos asistentes a la instancia \u201cMe interes\u00f3 venir a la cuenta p\u00fablica, porque uno como vecino, como ciudadano, como que no se entera mucho de estas cosas y me interes\u00f3 de venir porque yo le puedo contar a mis vecinos que yo vine una cuenta p\u00fablica por sobre el ambiente \u00bfC\u00f3mo estamos? Yo he ido a otras cuentas p\u00fablicas, no se ha hecho como se est\u00e1 haciendo ac\u00e1 ahora. As\u00ed que es bueno, entretenido, porque as\u00ed t\u00fa vas aprendiendo, porque uno, yo qued\u00e9 como plop que te hagan trabajar con otras personas que t\u00fa no conoces\u201d.<\/p>\n<p style=\"text-align: justify;\">Finamente el Seremi destac\u00f3 el formato \u201cla cuenta participativa tambi\u00e9n nos permite tomar las voces de quienes nos acompa\u00f1an para poder pensar en c\u00f3mo vamos tomando esos elementos y poni\u00e9ndolos tambi\u00e9n en nuestra gesti\u00f3n\u201d, declar\u00f3 asegurando que realizar\u00e1n una s\u00edntesis de lo planteado por los y las participantes en las mesas de trabajo para alimentar la gesti\u00f3n de la cartera.<\/p>\n<\/div><\/section><\/div><div  style='height:50px' class='hr hr-invisible   avia-builder-el-6  el_after_av_one_full  el_before_av_social_share '><span class='hr-inner ' ><span class='hr-inner-style'><\/span><\/span><\/div><\/p>\n<div  class='av-social-sharing-box  avia-builder-el-7  el_after_av_hr  el_before_av_hr  '><div class='av-share-box'><h5 class='av-share-link-description av-no-toc '>Compartir esta noticia<\/h5><ul class='av-share-box-list noLightbox'><li class='av-share-link av-social-link-facebook' ><a target=\"_blank\" aria-label=\"Compartir en Facebook\" href='https:\/\/www.facebook.com\/sharer.php?u=https:\/\/radiorevelacionfm.cl\/?p=42542&#038;t=Medio%20Ambiente%20realiza%20cuenta%20p%C3%BAblica%20con%20trabajo%20participativo%20y%20expone%20plan%20estrat%C3%A9gico%20de%20la%20cartera' aria-hidden='false' data-av_icon='\ue8f3' data-av_iconfont='entypo-fontello' title='' data-avia-related-tooltip='Compartir en Facebook' rel=\"noopener\"><span class='avia_hidden_link_text'>Compartir en Facebook<\/span><\/a><\/li><li class='av-share-link av-social-link-twitter' ><a target=\"_blank\" aria-label=\"Compartir en Twitter\" href='https:\/\/twitter.com\/share?text=Medio%20Ambiente%20realiza%20cuenta%20p%C3%BAblica%20con%20trabajo%20participativo%20y%20expone%20plan%20estrat%C3%A9gico%20de%20la%20cartera&#038;url=https:\/\/radiorevelacionfm.cl\/?p=42542' aria-hidden='false' data-av_icon='\ue8f1' data-av_iconfont='entypo-fontello' title='' data-avia-related-tooltip='Compartir en Twitter' rel=\"noopener\"><span class='avia_hidden_link_text'>Compartir en Twitter<\/span><\/a><\/li><li class='av-share-link av-social-link-whatsapp' ><a target=\"_blank\" aria-label=\"Compartir en Whatsapp\" href='https:\/\/api.whatsapp.com\/send?text=https:\/\/radiorevelacionfm.cl\/?p=42542' aria-hidden='false' data-av_icon='\uf232' data-av_iconfont='entypo-fontello' title='' data-avia-related-tooltip='Compartir en Whatsapp' rel=\"noopener\"><span class='avia_hidden_link_text'>Compartir en Whatsapp<\/span><\/a><\/li><li class='av-share-link av-social-link-linkedin' ><a target=\"_blank\" aria-label=\"Compartir en LinkedIn\" href='https:\/\/linkedin.com\/shareArticle?mini=true&#038;title=Medio%20Ambiente%20realiza%20cuenta%20p%C3%BAblica%20con%20trabajo%20participativo%20y%20expone%20plan%20estrat%C3%A9gico%20de%20la%20cartera&#038;url=https:\/\/radiorevelacionfm.cl\/?p=42542' aria-hidden='false' data-av_icon='\ue8fc' data-av_iconfont='entypo-fontello' title='' data-avia-related-tooltip='Compartir en LinkedIn' rel=\"noopener\"><span class='avia_hidden_link_text'>Compartir en LinkedIn<\/span><\/a><\/li><li class='av-share-link av-social-link-mail' ><a  aria-label=\"Compartir por correo\" href='mailto:?subject=Medio%20Ambiente%20realiza%20cuenta%20p%C3%BAblica%20con%20trabajo%20participativo%20y%20expone%20plan%20estrat%C3%A9gico%20de%20la%20cartera&#038;body=https:\/\/radiorevelacionfm.cl\/?p=42542' aria-hidden='false' data-av_icon='\ue805' data-av_iconfont='entypo-fontello' title='' data-avia-related-tooltip='Compartir por correo'><span class='avia_hidden_link_text'>Compartir por correo<\/span><\/a><\/li><\/ul><\/div><\/div>\n<div  style='height:50px' class='hr hr-invisible   avia-builder-el-8  el_after_av_social_share  el_before_av_comments_list '><span class='hr-inner ' ><span class='hr-inner-style'><\/span><\/span><\/div>\n<div  class='av-buildercomment  av-blog-meta-html-info-disabled av-blog-meta-tag-disabled  '><\/div>\n","protected":false},"excerpt":{"rendered":"","protected":false},"author":1,"featured_media":42543,"comment_status":"open","ping_status":"open","sticky":false,"template":"","format":"standard","meta":{"footnotes":""},"categories":[39],"tags":[],"class_list":["post-42542","post","type-post","status-publish","format-standard","has-post-thumbnail","hentry","category-medio-ambiente"],"jetpack_featured_media_url":"https:\/\/radiorevelacionfm.cl\/wp-content\/uploads\/2024\/05\/d5d191f6-b187-440f-b3f1-a89203e02333-1-1_optimized-1.jpg","_links":{"self":[{"href":"https:\/\/radiorevelacionfm.cl\/index.php?rest_route=\/wp\/v2\/posts\/42542","targetHints":{"allow":["GET"]}}],"collection":[{"href":"https:\/\/radiorevelacionfm.cl\/index.php?rest_route=\/wp\/v2\/posts"}],"about":[{"href":"https:\/\/radiorevelacionfm.cl\/index.php?rest_route=\/wp\/v2\/types\/post"}],"author":[{"embeddable":true,"href":"https:\/\/radiorevelacionfm.cl\/index.php?rest_route=\/wp\/v2\/users\/1"}],"replies":[{"embeddable":true,"href":"https:\/\/radiorevelacionfm.cl\/index.php?rest_route=%2Fwp%2Fv2%2Fcomments&post=42542"}],"version-history":[{"count":1,"href":"https:\/\/radiorevelacionfm.cl\/index.php?rest_route=\/wp\/v2\/posts\/42542\/revisions"}],"predecessor-version":[{"id":42544,"href":"https:\/\/radiorevelacionfm.cl\/index.php?rest_route=\/wp\/v2\/posts\/42542\/revisions\/42544"}],"wp:featuredmedia":[{"embeddable":true,"href":"https:\/\/radiorevelacionfm.cl\/index.php?rest_route=\/wp\/v2\/media\/42543"}],"wp:attachment":[{"href":"https:\/\/radiorevelacionfm.cl\/index.php?rest_route=%2Fwp%2Fv2%2Fmedia&parent=42542"}],"wp:term":[{"taxonomy":"category","embeddable":true,"href":"https:\/\/radiorevelacionfm.cl\/index.php?rest_route=%2Fwp%2Fv2%2Fcategories&post=42542"},{"taxonomy":"post_tag","embeddable":true,"href":"https:\/\/radiorevelacionfm.cl\/index.php?rest_route=%2Fwp%2Fv2%2Ftags&post=42542"}],"curies":[{"name":"wp","href":"https:\/\/api.w.org\/{rel}","templated":true}]}}