{"id":42538,"date":"2024-05-27T12:16:28","date_gmt":"2024-05-27T15:16:28","guid":{"rendered":"https:\/\/radiorevelacionfm.cl\/?p=42538"},"modified":"2024-05-27T12:16:28","modified_gmt":"2024-05-27T15:16:28","slug":"indh-y-biblioteca-publica-se-unen-para-realizar-en-aysen-exposicion-sin-memoria-no-hay-identidad","status":"publish","type":"post","link":"https:\/\/radiorevelacionfm.cl\/?p=42538","title":{"rendered":"INDH y Biblioteca P\u00fablica se unen para realizar en Ays\u00e9n exposici\u00f3n \u00abSin memoria no hay identidad\u00bb"},"content":{"rendered":"<div class=\"flex_column av_one_full  flex_column_div av-zero-column-padding first  avia-builder-el-0  el_before_av_one_full  avia-builder-el-first  \" style='border-radius:0px; '><div  class='avia-image-container  av-styling-    avia-builder-el-1  avia-builder-el-no-sibling  avia-align-center '  itemprop=\"image\" itemscope=\"itemscope\" itemtype=\"https:\/\/schema.org\/ImageObject\"  ><div class='avia-image-container-inner'><div class='avia-image-overlay-wrap'><img decoding=\"async\" class='wp-image-42540 avia-img-lazy-loading-not-42540 avia_image' src=\"https:\/\/radiorevelacionfm.cl\/wp-content\/uploads\/2024\/05\/muestra-indh-3-1_optimized.jpg\" alt='' title='muestra-indh-3-(1)_optimized' height=\"600\" width=\"800\"  itemprop=\"thumbnailUrl\" srcset=\"https:\/\/radiorevelacionfm.cl\/wp-content\/uploads\/2024\/05\/muestra-indh-3-1_optimized.jpg 800w, https:\/\/radiorevelacionfm.cl\/wp-content\/uploads\/2024\/05\/muestra-indh-3-1_optimized-300x225.jpg 300w, https:\/\/radiorevelacionfm.cl\/wp-content\/uploads\/2024\/05\/muestra-indh-3-1_optimized-768x576.jpg 768w, https:\/\/radiorevelacionfm.cl\/wp-content\/uploads\/2024\/05\/muestra-indh-3-1_optimized-705x529.jpg 705w, https:\/\/radiorevelacionfm.cl\/wp-content\/uploads\/2024\/05\/muestra-indh-3-1_optimized-450x338.jpg 450w, https:\/\/radiorevelacionfm.cl\/wp-content\/uploads\/2024\/05\/muestra-indh-3-1_optimized-600x450.jpg 600w\" sizes=\"(max-width: 800px) 100vw, 800px\" \/><\/div><\/div><\/div><\/div><div class=\"flex_column av_one_full  flex_column_div av-zero-column-padding first  avia-builder-el-2  el_after_av_one_full  el_before_av_one_full  column-top-margin\" style='border-radius:0px; '><section class=\"av_textblock_section \"  itemscope=\"itemscope\" itemtype=\"https:\/\/schema.org\/BlogPosting\" itemprop=\"blogPost\" ><div class='avia_textblock  '   itemprop=\"text\" ><p style=\"text-align: center;\"><strong><span style=\"font-size: 18pt;\">INDH y Biblioteca P\u00fablica se unen para realizar en Ays\u00e9n exposici\u00f3n \u00abSin memoria no hay identidad\u00bb<\/span><\/strong><\/p>\n<div id=\"gtx-trans\" style=\"position: absolute; left: -50px; top: 4.31534px;\">\n<div class=\"gtx-trans-icon\"><\/div>\n<\/div>\n<\/div><\/section><\/div><div class=\"flex_column av_one_full  flex_column_div av-zero-column-padding first  avia-builder-el-4  el_after_av_one_full  el_before_av_hr  column-top-margin\" style='border-radius:0px; '><section class=\"av_textblock_section \"  itemscope=\"itemscope\" itemtype=\"https:\/\/schema.org\/BlogPosting\" itemprop=\"blogPost\" ><div class='avia_textblock  '   itemprop=\"text\" ><p style=\"text-align: justify;\">En el contexto del d\u00eda de los Patrimonios, se realiz\u00f3 la exposici\u00f3n \u00abSin memoria no hay identidad\u00bb, en un trabajo mancomunado entre el Instituto Nacional de Derechos Humanos y la Biblioteca P\u00fablica de Ays\u00e9n.<\/p>\n<p style=\"text-align: justify;\">La actividad estuvo presente en los salones del principal centro lector de Puerto Ays\u00e9n y donde, ni\u00f1os, j\u00f3venes y adultos, pudieron apreciar im\u00e1genes que recuerdan a personas y lugares, parte de la historia y de los hechos acontecidos durante la dictadura en nuestra regi\u00f3n.<\/p>\n<p style=\"text-align: justify;\">Carla Romo, es funcionaria del Instituto Nacional de Derechos Humanos de la regi\u00f3n de Ays\u00e9n y nos explicaba, sobre la muestra.<\/p>\n<p style=\"text-align: justify;\">\u201cEstamos muy contentos y primero queremos agradecer a la se\u00f1ora Yasna que siempre nos permite estar ac\u00e1 en la biblioteca p\u00fablica. Esta ruta se llama sin memoria no hay identidad y est\u00e1 en el marco del d\u00eda de los Patrimonios. Nosotros siempre trabajamos con la biblioteca y estamos muy contentos porque en esta ocasi\u00f3n han venido algunos profesionales de diversos servicios, alumnos del liceo Ra\u00fal Broussain Campino, tuvimos a ni\u00f1os m\u00e1s peque\u00f1os y la idea de esta muestra es hacer un recorrido, respecto a la importancia que ha tenido la declaraci\u00f3n universal de los derechos humanos, en todo lo que ha sido la construcci\u00f3n de nuestra historia como seres humanos, como personas, como comunidad\u201d.<\/p>\n<p style=\"text-align: justify;\">Carla Romo, enfatiz\u00f3 que la exposici\u00f3n, permite \u201cmostrar parte del patrimonio hist\u00f3rico en materia de memoria, verdad y justicia, destacando el sitio de memoria que tenemos ac\u00e1 en Puerto Ays\u00e9n y la casa de la se\u00f1ora Eduvigis Soto, que fue una gran defensora de los derechos humanos, que est\u00e1 en el sector Pedro Aguirre Cerda. As\u00ed tambi\u00e9n, compartir con los asistentes, otras placas conmemorativas y memoriales que existen en la regi\u00f3n en materia de verdad y justicia. Destacar la figura de Bernardita Villegas Almonacid, que fue seleccionada entre las 16 mujeres influyentes en materia de derechos humanos por el instituto este a\u00f1o 2024\u201d.<\/p>\n<p style=\"text-align: justify;\">Finalmente, la profesional del INDH a nivel regional, recalc\u00f3 la importancia de dialogar sobre los hitos de la historia nacional, para no repetir, hechos tan complejos como es la dictadura, los cr\u00edmenes de odio o los discursos de violencia que est\u00e1n tan presentes.<\/p>\n<\/div><\/section><\/div><div  style='height:50px' class='hr hr-invisible   avia-builder-el-6  el_after_av_one_full  el_before_av_social_share '><span class='hr-inner ' ><span class='hr-inner-style'><\/span><\/span><\/div><\/p>\n<div  class='av-social-sharing-box  avia-builder-el-7  el_after_av_hr  el_before_av_hr  '><div class='av-share-box'><h5 class='av-share-link-description av-no-toc '>Compartir esta noticia<\/h5><ul class='av-share-box-list noLightbox'><li class='av-share-link av-social-link-facebook' ><a target=\"_blank\" aria-label=\"Compartir en Facebook\" href='https:\/\/www.facebook.com\/sharer.php?u=https:\/\/radiorevelacionfm.cl\/?p=42538&#038;t=INDH%20y%20Biblioteca%20P%C3%BAblica%20se%20unen%20para%20realizar%20en%20Ays%C3%A9n%20exposici%C3%B3n%20%C2%ABSin%20memoria%20no%20hay%20identidad%C2%BB' aria-hidden='false' data-av_icon='\ue8f3' data-av_iconfont='entypo-fontello' title='' data-avia-related-tooltip='Compartir en Facebook' rel=\"noopener\"><span class='avia_hidden_link_text'>Compartir en Facebook<\/span><\/a><\/li><li class='av-share-link av-social-link-twitter' ><a target=\"_blank\" aria-label=\"Compartir en Twitter\" href='https:\/\/twitter.com\/share?text=INDH%20y%20Biblioteca%20P%C3%BAblica%20se%20unen%20para%20realizar%20en%20Ays%C3%A9n%20exposici%C3%B3n%20%C2%ABSin%20memoria%20no%20hay%20identidad%C2%BB&#038;url=https:\/\/radiorevelacionfm.cl\/?p=42538' aria-hidden='false' data-av_icon='\ue8f1' data-av_iconfont='entypo-fontello' title='' data-avia-related-tooltip='Compartir en Twitter' rel=\"noopener\"><span class='avia_hidden_link_text'>Compartir en Twitter<\/span><\/a><\/li><li class='av-share-link av-social-link-whatsapp' ><a target=\"_blank\" aria-label=\"Compartir en Whatsapp\" href='https:\/\/api.whatsapp.com\/send?text=https:\/\/radiorevelacionfm.cl\/?p=42538' aria-hidden='false' data-av_icon='\uf232' data-av_iconfont='entypo-fontello' title='' data-avia-related-tooltip='Compartir en Whatsapp' rel=\"noopener\"><span class='avia_hidden_link_text'>Compartir en Whatsapp<\/span><\/a><\/li><li class='av-share-link av-social-link-linkedin' ><a target=\"_blank\" aria-label=\"Compartir en LinkedIn\" href='https:\/\/linkedin.com\/shareArticle?mini=true&#038;title=INDH%20y%20Biblioteca%20P%C3%BAblica%20se%20unen%20para%20realizar%20en%20Ays%C3%A9n%20exposici%C3%B3n%20%C2%ABSin%20memoria%20no%20hay%20identidad%C2%BB&#038;url=https:\/\/radiorevelacionfm.cl\/?p=42538' aria-hidden='false' data-av_icon='\ue8fc' data-av_iconfont='entypo-fontello' title='' data-avia-related-tooltip='Compartir en LinkedIn' rel=\"noopener\"><span class='avia_hidden_link_text'>Compartir en LinkedIn<\/span><\/a><\/li><li class='av-share-link av-social-link-mail' ><a  aria-label=\"Compartir por correo\" href='mailto:?subject=INDH%20y%20Biblioteca%20P%C3%BAblica%20se%20unen%20para%20realizar%20en%20Ays%C3%A9n%20exposici%C3%B3n%20%C2%ABSin%20memoria%20no%20hay%20identidad%C2%BB&#038;body=https:\/\/radiorevelacionfm.cl\/?p=42538' aria-hidden='false' data-av_icon='\ue805' data-av_iconfont='entypo-fontello' title='' data-avia-related-tooltip='Compartir por correo'><span class='avia_hidden_link_text'>Compartir por correo<\/span><\/a><\/li><\/ul><\/div><\/div>\n<div  style='height:50px' class='hr hr-invisible   avia-builder-el-8  el_after_av_social_share  el_before_av_comments_list '><span class='hr-inner ' ><span class='hr-inner-style'><\/span><\/span><\/div>\n<div  class='av-buildercomment  av-blog-meta-html-info-disabled av-blog-meta-tag-disabled  '><\/div>\n","protected":false},"excerpt":{"rendered":"","protected":false},"author":1,"featured_media":42540,"comment_status":"open","ping_status":"open","sticky":false,"template":"","format":"standard","meta":{"footnotes":""},"categories":[38],"tags":[],"class_list":["post-42538","post","type-post","status-publish","format-standard","has-post-thumbnail","hentry","category-regional"],"jetpack_featured_media_url":"https:\/\/radiorevelacionfm.cl\/wp-content\/uploads\/2024\/05\/muestra-indh-3-1_optimized.jpg","_links":{"self":[{"href":"https:\/\/radiorevelacionfm.cl\/index.php?rest_route=\/wp\/v2\/posts\/42538","targetHints":{"allow":["GET"]}}],"collection":[{"href":"https:\/\/radiorevelacionfm.cl\/index.php?rest_route=\/wp\/v2\/posts"}],"about":[{"href":"https:\/\/radiorevelacionfm.cl\/index.php?rest_route=\/wp\/v2\/types\/post"}],"author":[{"embeddable":true,"href":"https:\/\/radiorevelacionfm.cl\/index.php?rest_route=\/wp\/v2\/users\/1"}],"replies":[{"embeddable":true,"href":"https:\/\/radiorevelacionfm.cl\/index.php?rest_route=%2Fwp%2Fv2%2Fcomments&post=42538"}],"version-history":[{"count":1,"href":"https:\/\/radiorevelacionfm.cl\/index.php?rest_route=\/wp\/v2\/posts\/42538\/revisions"}],"predecessor-version":[{"id":42541,"href":"https:\/\/radiorevelacionfm.cl\/index.php?rest_route=\/wp\/v2\/posts\/42538\/revisions\/42541"}],"wp:featuredmedia":[{"embeddable":true,"href":"https:\/\/radiorevelacionfm.cl\/index.php?rest_route=\/wp\/v2\/media\/42540"}],"wp:attachment":[{"href":"https:\/\/radiorevelacionfm.cl\/index.php?rest_route=%2Fwp%2Fv2%2Fmedia&parent=42538"}],"wp:term":[{"taxonomy":"category","embeddable":true,"href":"https:\/\/radiorevelacionfm.cl\/index.php?rest_route=%2Fwp%2Fv2%2Fcategories&post=42538"},{"taxonomy":"post_tag","embeddable":true,"href":"https:\/\/radiorevelacionfm.cl\/index.php?rest_route=%2Fwp%2Fv2%2Ftags&post=42538"}],"curies":[{"name":"wp","href":"https:\/\/api.w.org\/{rel}","templated":true}]}}