{"id":42534,"date":"2024-05-27T00:01:57","date_gmt":"2024-05-27T03:01:57","guid":{"rendered":"https:\/\/radiorevelacionfm.cl\/?p=42534"},"modified":"2024-05-27T00:01:57","modified_gmt":"2024-05-27T03:01:57","slug":"avances-en-obras-publicas-vivienda-y-salud-destaco-el-delegado-regional-en-su-cuenta-publica","status":"publish","type":"post","link":"https:\/\/radiorevelacionfm.cl\/?p=42534","title":{"rendered":"Avances en obras p\u00fablicas, vivienda y salud destac\u00f3 el delegado regional en su Cuenta P\u00fablica"},"content":{"rendered":"<div class=\"flex_column av_one_full  flex_column_div av-zero-column-padding first  avia-builder-el-0  el_before_av_one_full  avia-builder-el-first  \" style='border-radius:0px; '><div  class='avia-image-container  av-styling-    avia-builder-el-1  avia-builder-el-no-sibling  avia-align-center '  itemprop=\"image\" itemscope=\"itemscope\" itemtype=\"https:\/\/schema.org\/ImageObject\"  ><div class='avia-image-container-inner'><div class='avia-image-overlay-wrap'><img decoding=\"async\" class='wp-image-42535 avia-img-lazy-loading-not-42535 avia_image' src=\"https:\/\/radiorevelacionfm.cl\/wp-content\/uploads\/2024\/05\/A-1-1.jpg\" alt='' title='A (1) (1)' height=\"600\" width=\"881\"  itemprop=\"thumbnailUrl\" srcset=\"https:\/\/radiorevelacionfm.cl\/wp-content\/uploads\/2024\/05\/A-1-1.jpg 881w, https:\/\/radiorevelacionfm.cl\/wp-content\/uploads\/2024\/05\/A-1-1-300x204.jpg 300w, https:\/\/radiorevelacionfm.cl\/wp-content\/uploads\/2024\/05\/A-1-1-768x523.jpg 768w, https:\/\/radiorevelacionfm.cl\/wp-content\/uploads\/2024\/05\/A-1-1-705x480.jpg 705w, https:\/\/radiorevelacionfm.cl\/wp-content\/uploads\/2024\/05\/A-1-1-450x306.jpg 450w, https:\/\/radiorevelacionfm.cl\/wp-content\/uploads\/2024\/05\/A-1-1-600x409.jpg 600w\" sizes=\"(max-width: 881px) 100vw, 881px\" \/><\/div><\/div><\/div><\/div><div class=\"flex_column av_one_full  flex_column_div av-zero-column-padding first  avia-builder-el-2  el_after_av_one_full  el_before_av_one_full  column-top-margin\" style='border-radius:0px; '><section class=\"av_textblock_section \"  itemscope=\"itemscope\" itemtype=\"https:\/\/schema.org\/BlogPosting\" itemprop=\"blogPost\" ><div class='avia_textblock  '   itemprop=\"text\" ><p style=\"text-align: center;\"><span style=\"font-size: 18pt;\"><b>Avances en obras p\u00fablicas, vivienda y salud destac\u00f3 el delegado regional en su Cuenta P\u00fablica<\/b><\/span><\/p>\n<div id=\"gtx-trans\" style=\"position: absolute; left: -50px; top: 4.31534px;\">\n<div class=\"gtx-trans-icon\"><\/div>\n<\/div>\n<\/div><\/section><\/div><div class=\"flex_column av_one_full  flex_column_div av-zero-column-padding first  avia-builder-el-4  el_after_av_one_full  el_before_av_hr  column-top-margin\" style='border-radius:0px; '><section class=\"av_textblock_section \"  itemscope=\"itemscope\" itemtype=\"https:\/\/schema.org\/BlogPosting\" itemprop=\"blogPost\" ><div class='avia_textblock  '   itemprop=\"text\" ><p style=\"font-weight: 400; text-align: justify;\">Avances regionales en obras p\u00fablicas, seguridad, vivienda, salud y otras materias, fueron resaltados por el delegado presidencial, Rodrigo Araya, durante la ceremonia de Cuenta P\u00fablica Participativa 2024.<\/p>\n<p style=\"font-weight: 400; text-align: justify;\">La actividad se desarroll\u00f3 el viernes \u00faltimo en el sal\u00f3n de actos de la Escuela P\u00fablica Pedro Quintana Mansilla, de Coyhaique, con la participaci\u00f3n de autoridades regionales y dirigentes sociales.<\/p>\n<p style=\"font-weight: 400; text-align: justify;\">El representante del presidente de la Rep\u00fablica en el territorio de Ays\u00e9n, repas\u00f3 en poco m\u00e1s de treinta minutos los principales hitos de la gesti\u00f3n del gobierno en los \u00faltimos 12 meses, enfatizando el sentido descentralizador de las obras, planes y programas llevadas adelante.<\/p>\n<p style=\"font-weight: 400; text-align: justify;\">En esta l\u00ednea el delegado regional realz\u00f3 el hist\u00f3rico compromiso asumido por el presidente Gabriel Boric, de crear una Pol\u00edtica de Zonas Extremas permanente, y la entrega de m\u00e1s de $1.300 millones a los municipios de la regi\u00f3n, a trav\u00e9s del nuevo Royalty Minero. \u201cLa Pol\u00edtica de Zonas Extremas desde septiembre del 2023 mantiene un proceso liderado por la gobernadora y es un muy buen ejemplo del compromiso en descentralizaci\u00f3n, que va a \u00a0significar una cartera de proyectos con indicadores espec\u00edficos para mejorar nuestro desarrollo. Lo otro es el aporte econ\u00f3mico que hace el Royalty Minero a las comunas de nuestro pa\u00eds y en particular a las diez de nuestra regi\u00f3n\u201d, afirm\u00f3.<\/p>\n<p style=\"font-weight: 400; text-align: justify;\">En materia de obras p\u00fablicas, la autoridad resalt\u00f3 los proyectos del Plan de Conectividad, como\u00a0 la ampliaci\u00f3n del aeropuerto de Balmaceda y la licitaci\u00f3n de 63,5 kil\u00f3metros de pavimentaci\u00f3n en la Ruta 7 Sur.<\/p>\n<p style=\"font-weight: 400; text-align: justify;\">Al respecto, el seremi del MOP, Patricio Sanhueza, afirm\u00f3 que este plan busca dar un salto importante a la conexi\u00f3n interna de la regi\u00f3n, as\u00ed como su comunicaci\u00f3n con el pa\u00eds.<\/p>\n<p style=\"font-weight: 400; text-align: justify;\">\u201cA trav\u00e9s del Ministerio de Obras P\u00fablicas queremos unir a las personas y las familias y facilitar el acceso al trabajo. Pero aqu\u00ed hay una mirada que es la conectividad marco zonal sur y tambi\u00e9n la conectividad interna. Y la conectividad interna tanto con la conservaci\u00f3n y mantenci\u00f3n de la red vial como tambi\u00e9n con infraestructura nueva y en el pavimento de aquella, as\u00ed que estamos muy satisfechos del informe que ha dado cuenta nuestro delegado\u201d, indic\u00f3 el secretario ministerial del Obras P\u00fablicas.<\/p>\n<p style=\"font-weight: 400; text-align: justify;\">Otra de las iniciativas emblem\u00e1ticas relevadas en esta cuenta p\u00fablica es la que permitir\u00e1 dotar de transporte p\u00fablico con buses el\u00e9ctricos a la capital regional, asegurando que con este tipo de proyectos los beneficios para la calidad de vida de la comunidad son directos y evidentes.<\/p>\n<p style=\"font-weight: 400; text-align: justify;\">Al respeto, el seremi de Transportes y Telecomunicaciones Hans Zimmermann mencion\u00f3 que en esta cartera se han registrado avances de alto valor, \u201cen particular en el proyecto de buses el\u00e9ctricos, que permitir\u00e1 un sistema de transporte p\u00fablico mayor, mediante 37 buses el\u00e9ctricos. Hoy d\u00eda hemos avanzado para licitar este servicio y comenzar la operaci\u00f3n el a\u00f1o 2026, pero adem\u00e1s hemos tenido avances en el servicio a\u00e9reo para la Provincia Capit\u00e1n Prat y mejoras en el servicio del litoral norte, lo que da cuenta del compromiso de nuestro gobierno\u201d, coment\u00f3 Zimmermann.<\/p>\n<p style=\"font-weight: 400; text-align: justify;\">La decisi\u00f3n gubernamental de reducir el d\u00e9ficit habitacional de forma significativa, a trav\u00e9s del Plan de Emergencia Habitacional, fue graficada en las cifras que demuestran los avances en esta \u00e1rea. 603 casas habitaciones entregadas, 708 en ejecuci\u00f3n y 213 programadas para el a\u00f1o 2024, se informaron como parte de lo realizado en materia de vivienda en la regi\u00f3n.<\/p>\n<p style=\"font-weight: 400; text-align: justify;\">A lo anterior se sum\u00f3 el emblem\u00e1tico Plan Urbano Habitacional en el sector Escuela Agr\u00edcola de Coyhaique, que proyecta la construcci\u00f3n de m\u00e1s de 1.200 hogares con recursos sectoriales y FNDR, en el lote G1.<\/p>\n<p style=\"font-weight: 400; text-align: justify;\">La salud p\u00fablica tambi\u00e9n estuvo presente en la cuenta p\u00fablica de la Delegaci\u00f3n Presidencial Regional, ya que durante el a\u00f1o 2023 se inaugur\u00f3 la nueva posta de salud rural de Caleta Andrade y se realizaron obras de conservaci\u00f3n en las de Valle Simpson y Balmaceda.<\/p>\n<p style=\"font-weight: 400; text-align: justify;\">En las postas de La Tapera y Puerto Guadal se iniciaron obras de importancia, y se comenzaron los 11 procesos de licitaci\u00f3n de las obras para el CESFAM con SAR adosado, de Coyhaique y para la Posta de Salud Rural de Puyuhuapi.<\/p>\n<p style=\"font-weight: 400; text-align: justify;\">El refuerzo del trabajo policial se evidenci\u00f3 con los resultados del Plan Calles sin Violencia, gracias al cual se han efectuado m\u00e1s de 28.000 controles preventivos y 697 detenidos.<\/p>\n<p style=\"font-weight: 400; text-align: justify;\">Asimismo, 10 nuevas patrullas fueron entregadas a Carabineros de Chile en la regi\u00f3n y se entregaron m\u00e1s de $722 millones para adquisici\u00f3n de veh\u00edculos de patrullaje comunitario, iluminaci\u00f3n de espacios p\u00fablicos y mejoramiento de plazoletas, en ocho comunas.<\/p>\n<p style=\"font-weight: 400; text-align: justify;\">Sobre los elementos de la cuenta p\u00fablica presentada por el delegado presidencial, la presidenta de la Uni\u00f3n Comunal de Juntas de Vecinos, Ver\u00f3nica Leg\u00fce, afirm\u00f3 que \u201ces bueno conocer las cosas que se hicieron, las que est\u00e1n en proceso. Dentro de lo m\u00e1s importante est\u00e1 lo de la Escuela Espa\u00f1a y lo de transporte p\u00fablico, que est\u00e1 caminando. Tambi\u00e9n destaco lo que tiene que ver con la electricidad en Puerto Aguirre y el trabajo en varios sectores con agua potable. Es bueno conocer el trabajo que se est\u00e1 haciendo con el gobierno\u201d, asegur\u00f3 Ver\u00f3nica Leg\u00fce.<\/p>\n<p style=\"font-weight: 400; text-align: justify;\">Asimismo, Marisol Soto, representante de la organizaci\u00f3n \u201cCaminando por Ays\u00e9n\u201d, indic\u00f3 que se trat\u00f3 de un ejercicio \u201cmaravillosos y completo, falt\u00f3 mucho que decir que en una cuenta p\u00fablica no se alcanza por tiempo, as\u00ed es que nos alegramos much\u00edsimo que vayamos avanzando y que tenemos mucho por trabajar\u201d, afirm\u00f3.<\/p>\n<p style=\"font-weight: 400; text-align: justify;\">Los \u00faltimos minutos de la Cuenta P\u00fablica fueron dedicados por el delegado presidencial a formular un llamado a seguir unidos, mencionando que la tarea de formular el Plan de Zonas Extremas es un muy buen ejemplo de c\u00f3mo la regi\u00f3n puede seguir avanzando.<\/p>\n<p style=\"font-weight: 400; text-align: justify;\">Al t\u00e9rmino de la actividad, los asistentes disfrutaron de la presentaci\u00f3n de la Camerata Estudiantil de Coyhaique, que se compone de estudiantes de establecimientos educacionales p\u00fablicos, bajo la direcci\u00f3n de Abinadab Herrera.<\/p>\n<p style=\"font-weight: 400; text-align: justify;\">Desde la Delegaci\u00f3n Presidencial Regional se inform\u00f3 que quienes deseen revisar la transmisi\u00f3n de la Cuenta P\u00fablica Participativa 2024, pueden acceder a ella \u00edntegramente a trav\u00e9s del enlace de Facebook de la instituci\u00f3n.<\/p>\n<\/div><\/section><\/div><div  style='height:50px' class='hr hr-invisible   avia-builder-el-6  el_after_av_one_full  el_before_av_social_share '><span class='hr-inner ' ><span class='hr-inner-style'><\/span><\/span><\/div><\/p>\n<div  class='av-social-sharing-box  avia-builder-el-7  el_after_av_hr  el_before_av_hr  '><div class='av-share-box'><h5 class='av-share-link-description av-no-toc '>Compartir esta noticia<\/h5><ul class='av-share-box-list noLightbox'><li class='av-share-link av-social-link-facebook' ><a target=\"_blank\" aria-label=\"Compartir en Facebook\" href='https:\/\/www.facebook.com\/sharer.php?u=https:\/\/radiorevelacionfm.cl\/?p=42534&#038;t=Avances%20en%20obras%20p%C3%BAblicas%2C%20vivienda%20y%20salud%20destac%C3%B3%20el%20delegado%20regional%20en%20su%20Cuenta%20P%C3%BAblica' aria-hidden='false' data-av_icon='\ue8f3' data-av_iconfont='entypo-fontello' title='' data-avia-related-tooltip='Compartir en Facebook' rel=\"noopener\"><span class='avia_hidden_link_text'>Compartir en Facebook<\/span><\/a><\/li><li class='av-share-link av-social-link-twitter' ><a target=\"_blank\" aria-label=\"Compartir en Twitter\" href='https:\/\/twitter.com\/share?text=Avances%20en%20obras%20p%C3%BAblicas%2C%20vivienda%20y%20salud%20destac%C3%B3%20el%20delegado%20regional%20en%20su%20Cuenta%20P%C3%BAblica&#038;url=https:\/\/radiorevelacionfm.cl\/?p=42534' aria-hidden='false' data-av_icon='\ue8f1' data-av_iconfont='entypo-fontello' title='' data-avia-related-tooltip='Compartir en Twitter' rel=\"noopener\"><span class='avia_hidden_link_text'>Compartir en Twitter<\/span><\/a><\/li><li class='av-share-link av-social-link-whatsapp' ><a target=\"_blank\" aria-label=\"Compartir en Whatsapp\" href='https:\/\/api.whatsapp.com\/send?text=https:\/\/radiorevelacionfm.cl\/?p=42534' aria-hidden='false' data-av_icon='\uf232' data-av_iconfont='entypo-fontello' title='' data-avia-related-tooltip='Compartir en Whatsapp' rel=\"noopener\"><span class='avia_hidden_link_text'>Compartir en Whatsapp<\/span><\/a><\/li><li class='av-share-link av-social-link-linkedin' ><a target=\"_blank\" aria-label=\"Compartir en LinkedIn\" href='https:\/\/linkedin.com\/shareArticle?mini=true&#038;title=Avances%20en%20obras%20p%C3%BAblicas%2C%20vivienda%20y%20salud%20destac%C3%B3%20el%20delegado%20regional%20en%20su%20Cuenta%20P%C3%BAblica&#038;url=https:\/\/radiorevelacionfm.cl\/?p=42534' aria-hidden='false' data-av_icon='\ue8fc' data-av_iconfont='entypo-fontello' title='' data-avia-related-tooltip='Compartir en LinkedIn' rel=\"noopener\"><span class='avia_hidden_link_text'>Compartir en LinkedIn<\/span><\/a><\/li><li class='av-share-link av-social-link-mail' ><a  aria-label=\"Compartir por correo\" href='mailto:?subject=Avances%20en%20obras%20p%C3%BAblicas%2C%20vivienda%20y%20salud%20destac%C3%B3%20el%20delegado%20regional%20en%20su%20Cuenta%20P%C3%BAblica&#038;body=https:\/\/radiorevelacionfm.cl\/?p=42534' aria-hidden='false' data-av_icon='\ue805' data-av_iconfont='entypo-fontello' title='' data-avia-related-tooltip='Compartir por correo'><span class='avia_hidden_link_text'>Compartir por correo<\/span><\/a><\/li><\/ul><\/div><\/div>\n<div  style='height:50px' class='hr hr-invisible   avia-builder-el-8  el_after_av_social_share  el_before_av_comments_list '><span class='hr-inner ' ><span class='hr-inner-style'><\/span><\/span><\/div>\n<div  class='av-buildercomment  av-blog-meta-html-info-disabled av-blog-meta-tag-disabled  '><\/div>\n","protected":false},"excerpt":{"rendered":"","protected":false},"author":1,"featured_media":42535,"comment_status":"open","ping_status":"open","sticky":false,"template":"","format":"standard","meta":{"footnotes":""},"categories":[38],"tags":[],"class_list":["post-42534","post","type-post","status-publish","format-standard","has-post-thumbnail","hentry","category-regional"],"jetpack_featured_media_url":"https:\/\/radiorevelacionfm.cl\/wp-content\/uploads\/2024\/05\/A-1-1.jpg","_links":{"self":[{"href":"https:\/\/radiorevelacionfm.cl\/index.php?rest_route=\/wp\/v2\/posts\/42534","targetHints":{"allow":["GET"]}}],"collection":[{"href":"https:\/\/radiorevelacionfm.cl\/index.php?rest_route=\/wp\/v2\/posts"}],"about":[{"href":"https:\/\/radiorevelacionfm.cl\/index.php?rest_route=\/wp\/v2\/types\/post"}],"author":[{"embeddable":true,"href":"https:\/\/radiorevelacionfm.cl\/index.php?rest_route=\/wp\/v2\/users\/1"}],"replies":[{"embeddable":true,"href":"https:\/\/radiorevelacionfm.cl\/index.php?rest_route=%2Fwp%2Fv2%2Fcomments&post=42534"}],"version-history":[{"count":1,"href":"https:\/\/radiorevelacionfm.cl\/index.php?rest_route=\/wp\/v2\/posts\/42534\/revisions"}],"predecessor-version":[{"id":42536,"href":"https:\/\/radiorevelacionfm.cl\/index.php?rest_route=\/wp\/v2\/posts\/42534\/revisions\/42536"}],"wp:featuredmedia":[{"embeddable":true,"href":"https:\/\/radiorevelacionfm.cl\/index.php?rest_route=\/wp\/v2\/media\/42535"}],"wp:attachment":[{"href":"https:\/\/radiorevelacionfm.cl\/index.php?rest_route=%2Fwp%2Fv2%2Fmedia&parent=42534"}],"wp:term":[{"taxonomy":"category","embeddable":true,"href":"https:\/\/radiorevelacionfm.cl\/index.php?rest_route=%2Fwp%2Fv2%2Fcategories&post=42534"},{"taxonomy":"post_tag","embeddable":true,"href":"https:\/\/radiorevelacionfm.cl\/index.php?rest_route=%2Fwp%2Fv2%2Ftags&post=42534"}],"curies":[{"name":"wp","href":"https:\/\/api.w.org\/{rel}","templated":true}]}}