{"id":42528,"date":"2024-05-26T23:43:43","date_gmt":"2024-05-27T02:43:43","guid":{"rendered":"https:\/\/radiorevelacionfm.cl\/?p=42528"},"modified":"2024-05-26T23:43:43","modified_gmt":"2024-05-27T02:43:43","slug":"historica-corrida-glorias-navales-tuvo-su-version-2024-sin-mayores-problemas-y-con-gran-participacion","status":"publish","type":"post","link":"https:\/\/radiorevelacionfm.cl\/?p=42528","title":{"rendered":"Hist\u00f3rica corrida Glorias Navales tuvo su versi\u00f3n 2024 sin mayores problemas y con gran participaci\u00f3n"},"content":{"rendered":"<div class=\"flex_column av_one_full  flex_column_div av-zero-column-padding first  avia-builder-el-0  el_before_av_one_full  avia-builder-el-first  \" style='border-radius:0px; '><div  class='avia-image-container  av-styling-    avia-builder-el-1  avia-builder-el-no-sibling  avia-align-center '  itemprop=\"image\" itemscope=\"itemscope\" itemtype=\"https:\/\/schema.org\/ImageObject\"  ><div class='avia-image-container-inner'><div class='avia-image-overlay-wrap'><img decoding=\"async\" class='wp-image-42529 avia-img-lazy-loading-not-42529 avia_image' src=\"https:\/\/radiorevelacionfm.cl\/wp-content\/uploads\/2024\/05\/maraton1-2_optimized-1.jpg\" alt='' title='maraton1-(2)_optimized (1)' height=\"600\" width=\"1182\"  itemprop=\"thumbnailUrl\" srcset=\"https:\/\/radiorevelacionfm.cl\/wp-content\/uploads\/2024\/05\/maraton1-2_optimized-1.jpg 1182w, https:\/\/radiorevelacionfm.cl\/wp-content\/uploads\/2024\/05\/maraton1-2_optimized-1-300x152.jpg 300w, https:\/\/radiorevelacionfm.cl\/wp-content\/uploads\/2024\/05\/maraton1-2_optimized-1-1030x523.jpg 1030w, https:\/\/radiorevelacionfm.cl\/wp-content\/uploads\/2024\/05\/maraton1-2_optimized-1-768x390.jpg 768w, https:\/\/radiorevelacionfm.cl\/wp-content\/uploads\/2024\/05\/maraton1-2_optimized-1-705x358.jpg 705w, https:\/\/radiorevelacionfm.cl\/wp-content\/uploads\/2024\/05\/maraton1-2_optimized-1-450x228.jpg 450w, https:\/\/radiorevelacionfm.cl\/wp-content\/uploads\/2024\/05\/maraton1-2_optimized-1-600x305.jpg 600w\" sizes=\"(max-width: 1182px) 100vw, 1182px\" \/><\/div><\/div><\/div><\/div><div class=\"flex_column av_one_full  flex_column_div av-zero-column-padding first  avia-builder-el-2  el_after_av_one_full  el_before_av_one_full  column-top-margin\" style='border-radius:0px; '><section class=\"av_textblock_section \"  itemscope=\"itemscope\" itemtype=\"https:\/\/schema.org\/BlogPosting\" itemprop=\"blogPost\" ><div class='avia_textblock  '   itemprop=\"text\" ><p style=\"text-align: center;\"><strong><span style=\"font-size: 18pt;\">Hist\u00f3rica corrida Glorias Navales tuvo su versi\u00f3n 2024 sin mayores problemas y con gran participaci\u00f3n <\/span><\/strong><\/p>\n<div id=\"gtx-trans\" style=\"position: absolute; left: -50px; top: 4.31534px;\">\n<div class=\"gtx-trans-icon\"><\/div>\n<\/div>\n<\/div><\/section><\/div><div class=\"flex_column av_one_full  flex_column_div av-zero-column-padding first  avia-builder-el-4  el_after_av_one_full  el_before_av_hr  column-top-margin\" style='border-radius:0px; '><section class=\"av_textblock_section \"  itemscope=\"itemscope\" itemtype=\"https:\/\/schema.org\/BlogPosting\" itemprop=\"blogPost\" ><div class='avia_textblock  '   itemprop=\"text\" ><p style=\"text-align: justify;\">Con total \u00e9xito se llev\u00f3 a cabo este domingo la tradicional Marat\u00f3n Glorias Navales en su edici\u00f3n 2024. Una actividad coordinada por la Armada de Chile, con colaboraci\u00f3n de la Municipalidad de Ays\u00e9n, a trav\u00e9s de la Corporaci\u00f3n Municipal del Deporte, a lo que se sum\u00f3 Carabineros, quienes brindaron seguridad en el punto de salida y llegada, como as\u00ed tambi\u00e9n, en la ruta. Lo mismo el Servicio de Salud con ambulancia ante cualquier inconveniente.<\/p>\n<p style=\"text-align: justify;\">El buen clima permiti\u00f3 que una gran cantidad de personas y familias sean parte de esta hist\u00f3rica iniciativa deportiva, en el marco del mes del mar. Desde San Antonio, Quinta Regi\u00f3n, particip\u00f3 Francisco Duarte, quien destac\u00f3 en la competencia de los 21K todo competidor.<\/p>\n<p style=\"text-align: justify;\">\u201cPrimera vez que vengo para ac\u00e1, vine a visitar a un amigo que es Claudio, \u00e9l vive en Coyhaique, me invit\u00f3 y en realidad una muy linda experiencia, mucho frio en la ruta, as\u00ed es que, corr\u00ed muy abrigado y muy bonita experiencia, el recorrido hermoso, la escarcha en el piso, algunas partes con nieve, ese fue lo m\u00e1s lindo, una nueva experiencia\u201d.<\/p>\n<p style=\"text-align: justify;\">En los 21K categor\u00eda damas, destac\u00f3 Lucero Vargas, quien, con trofeo en mano, se mostr\u00f3 feliz de su participaci\u00f3n en esta nueva marat\u00f3n e incentiv\u00f3 a la comunidad a practicar deporte.<\/p>\n<p style=\"text-align: justify;\">\u201cS\u00faper entretenido, el clima estuvo agradable, en la ma\u00f1ana s\u00faper helada, pero esta fecha es as\u00ed, por ello, cost\u00f3 un poquito partir. Contenta igual de que hagan este tipo de competencias, porque aqu\u00ed sobre en todo en la regi\u00f3n, hay mucha gente que les gusta el atletismo, correr en familia, como sea, competir. Y cada competencia que haya mientras m\u00e1s gente mucho mejor, porque se incentiva, sobre todo en los j\u00f3venes, adultos, ni\u00f1os, a invitarlos porque esto es muy bonito, sobre todo al aire libre\u201d.<\/p>\n<p style=\"text-align: justify;\">Desde la Armada y los entes organizadores de esta competencia, agradecieron a particulares, comercio y empresas que colaboraron para el buen desarrollo de la actividad, como, TriAys\u00e9n, Aquachile, Oxxean Puerto, Aguas Quimeico, Mowi, Brillito, Naviera Salas, Hotel loberias del Sur, Dimarsa y Emporcha.<\/p>\n<\/div><\/section><\/div><div  style='height:50px' class='hr hr-invisible   avia-builder-el-6  el_after_av_one_full  el_before_av_social_share '><span class='hr-inner ' ><span class='hr-inner-style'><\/span><\/span><\/div><\/p>\n<div  class='av-social-sharing-box  avia-builder-el-7  el_after_av_hr  el_before_av_hr  '><div class='av-share-box'><h5 class='av-share-link-description av-no-toc '>Compartir esta noticia<\/h5><ul class='av-share-box-list noLightbox'><li class='av-share-link av-social-link-facebook' ><a target=\"_blank\" aria-label=\"Compartir en Facebook\" href='https:\/\/www.facebook.com\/sharer.php?u=https:\/\/radiorevelacionfm.cl\/?p=42528&#038;t=Hist%C3%B3rica%20corrida%20Glorias%20Navales%20tuvo%20su%20versi%C3%B3n%202024%20sin%20mayores%20problemas%20y%20con%20gran%20participaci%C3%B3n' aria-hidden='false' data-av_icon='\ue8f3' data-av_iconfont='entypo-fontello' title='' data-avia-related-tooltip='Compartir en Facebook' rel=\"noopener\"><span class='avia_hidden_link_text'>Compartir en Facebook<\/span><\/a><\/li><li class='av-share-link av-social-link-twitter' ><a target=\"_blank\" aria-label=\"Compartir en Twitter\" href='https:\/\/twitter.com\/share?text=Hist%C3%B3rica%20corrida%20Glorias%20Navales%20tuvo%20su%20versi%C3%B3n%202024%20sin%20mayores%20problemas%20y%20con%20gran%20participaci%C3%B3n&#038;url=https:\/\/radiorevelacionfm.cl\/?p=42528' aria-hidden='false' data-av_icon='\ue8f1' data-av_iconfont='entypo-fontello' title='' data-avia-related-tooltip='Compartir en Twitter' rel=\"noopener\"><span class='avia_hidden_link_text'>Compartir en Twitter<\/span><\/a><\/li><li class='av-share-link av-social-link-whatsapp' ><a target=\"_blank\" aria-label=\"Compartir en Whatsapp\" href='https:\/\/api.whatsapp.com\/send?text=https:\/\/radiorevelacionfm.cl\/?p=42528' aria-hidden='false' data-av_icon='\uf232' data-av_iconfont='entypo-fontello' title='' data-avia-related-tooltip='Compartir en Whatsapp' rel=\"noopener\"><span class='avia_hidden_link_text'>Compartir en Whatsapp<\/span><\/a><\/li><li class='av-share-link av-social-link-linkedin' ><a target=\"_blank\" aria-label=\"Compartir en LinkedIn\" href='https:\/\/linkedin.com\/shareArticle?mini=true&#038;title=Hist%C3%B3rica%20corrida%20Glorias%20Navales%20tuvo%20su%20versi%C3%B3n%202024%20sin%20mayores%20problemas%20y%20con%20gran%20participaci%C3%B3n&#038;url=https:\/\/radiorevelacionfm.cl\/?p=42528' aria-hidden='false' data-av_icon='\ue8fc' data-av_iconfont='entypo-fontello' title='' data-avia-related-tooltip='Compartir en LinkedIn' rel=\"noopener\"><span class='avia_hidden_link_text'>Compartir en LinkedIn<\/span><\/a><\/li><li class='av-share-link av-social-link-mail' ><a  aria-label=\"Compartir por correo\" href='mailto:?subject=Hist%C3%B3rica%20corrida%20Glorias%20Navales%20tuvo%20su%20versi%C3%B3n%202024%20sin%20mayores%20problemas%20y%20con%20gran%20participaci%C3%B3n&#038;body=https:\/\/radiorevelacionfm.cl\/?p=42528' aria-hidden='false' data-av_icon='\ue805' data-av_iconfont='entypo-fontello' title='' data-avia-related-tooltip='Compartir por correo'><span class='avia_hidden_link_text'>Compartir por correo<\/span><\/a><\/li><\/ul><\/div><\/div>\n<div  style='height:50px' class='hr hr-invisible   avia-builder-el-8  el_after_av_social_share  el_before_av_comments_list '><span class='hr-inner ' ><span class='hr-inner-style'><\/span><\/span><\/div>\n<div  class='av-buildercomment  av-blog-meta-html-info-disabled av-blog-meta-tag-disabled  '><\/div>\n","protected":false},"excerpt":{"rendered":"","protected":false},"author":1,"featured_media":42529,"comment_status":"open","ping_status":"open","sticky":false,"template":"","format":"standard","meta":{"footnotes":""},"categories":[38],"tags":[],"class_list":["post-42528","post","type-post","status-publish","format-standard","has-post-thumbnail","hentry","category-regional"],"jetpack_featured_media_url":"https:\/\/radiorevelacionfm.cl\/wp-content\/uploads\/2024\/05\/maraton1-2_optimized-1.jpg","_links":{"self":[{"href":"https:\/\/radiorevelacionfm.cl\/index.php?rest_route=\/wp\/v2\/posts\/42528","targetHints":{"allow":["GET"]}}],"collection":[{"href":"https:\/\/radiorevelacionfm.cl\/index.php?rest_route=\/wp\/v2\/posts"}],"about":[{"href":"https:\/\/radiorevelacionfm.cl\/index.php?rest_route=\/wp\/v2\/types\/post"}],"author":[{"embeddable":true,"href":"https:\/\/radiorevelacionfm.cl\/index.php?rest_route=\/wp\/v2\/users\/1"}],"replies":[{"embeddable":true,"href":"https:\/\/radiorevelacionfm.cl\/index.php?rest_route=%2Fwp%2Fv2%2Fcomments&post=42528"}],"version-history":[{"count":1,"href":"https:\/\/radiorevelacionfm.cl\/index.php?rest_route=\/wp\/v2\/posts\/42528\/revisions"}],"predecessor-version":[{"id":42530,"href":"https:\/\/radiorevelacionfm.cl\/index.php?rest_route=\/wp\/v2\/posts\/42528\/revisions\/42530"}],"wp:featuredmedia":[{"embeddable":true,"href":"https:\/\/radiorevelacionfm.cl\/index.php?rest_route=\/wp\/v2\/media\/42529"}],"wp:attachment":[{"href":"https:\/\/radiorevelacionfm.cl\/index.php?rest_route=%2Fwp%2Fv2%2Fmedia&parent=42528"}],"wp:term":[{"taxonomy":"category","embeddable":true,"href":"https:\/\/radiorevelacionfm.cl\/index.php?rest_route=%2Fwp%2Fv2%2Fcategories&post=42528"},{"taxonomy":"post_tag","embeddable":true,"href":"https:\/\/radiorevelacionfm.cl\/index.php?rest_route=%2Fwp%2Fv2%2Ftags&post=42528"}],"curies":[{"name":"wp","href":"https:\/\/api.w.org\/{rel}","templated":true}]}}