{"id":42525,"date":"2024-05-26T23:35:02","date_gmt":"2024-05-27T02:35:02","guid":{"rendered":"https:\/\/radiorevelacionfm.cl\/?p=42525"},"modified":"2024-05-26T23:35:02","modified_gmt":"2024-05-27T02:35:02","slug":"en-su-visita-a-la-region-subsecretario-de-telecomunicaciones-anuncia-que-todas-las-comunas-de-chile-continental-estaran-conectadas-con-fibra-optica","status":"publish","type":"post","link":"https:\/\/radiorevelacionfm.cl\/?p=42525","title":{"rendered":"En su visita a la regi\u00f3n Subsecretario de Telecomunicaciones anuncia que todas las comunas de Chile continental estar\u00e1n conectadas con fibra \u00f3ptica"},"content":{"rendered":"<div class=\"flex_column av_one_full  flex_column_div av-zero-column-padding first  avia-builder-el-0  el_before_av_one_full  avia-builder-el-first  \" style='border-radius:0px; '><div  class='avia-image-container  av-styling-    avia-builder-el-1  avia-builder-el-no-sibling  avia-align-center '  itemprop=\"image\" itemscope=\"itemscope\" itemtype=\"https:\/\/schema.org\/ImageObject\"  ><div class='avia-image-container-inner'><div class='avia-image-overlay-wrap'><img decoding=\"async\" class='wp-image-42526 avia-img-lazy-loading-not-42526 avia_image' src=\"https:\/\/radiorevelacionfm.cl\/wp-content\/uploads\/2024\/05\/Comunicado-Subtel-1-1-1.jpg\" alt='' title='Comunicado Subtel (1) (1) (1)' height=\"600\" width=\"800\"  itemprop=\"thumbnailUrl\" srcset=\"https:\/\/radiorevelacionfm.cl\/wp-content\/uploads\/2024\/05\/Comunicado-Subtel-1-1-1.jpg 800w, https:\/\/radiorevelacionfm.cl\/wp-content\/uploads\/2024\/05\/Comunicado-Subtel-1-1-1-300x225.jpg 300w, https:\/\/radiorevelacionfm.cl\/wp-content\/uploads\/2024\/05\/Comunicado-Subtel-1-1-1-768x576.jpg 768w, https:\/\/radiorevelacionfm.cl\/wp-content\/uploads\/2024\/05\/Comunicado-Subtel-1-1-1-705x529.jpg 705w, https:\/\/radiorevelacionfm.cl\/wp-content\/uploads\/2024\/05\/Comunicado-Subtel-1-1-1-450x338.jpg 450w, https:\/\/radiorevelacionfm.cl\/wp-content\/uploads\/2024\/05\/Comunicado-Subtel-1-1-1-600x450.jpg 600w\" sizes=\"(max-width: 800px) 100vw, 800px\" \/><\/div><\/div><\/div><\/div><div class=\"flex_column av_one_full  flex_column_div av-zero-column-padding first  avia-builder-el-2  el_after_av_one_full  el_before_av_one_full  column-top-margin\" style='border-radius:0px; '><section class=\"av_textblock_section \"  itemscope=\"itemscope\" itemtype=\"https:\/\/schema.org\/BlogPosting\" itemprop=\"blogPost\" ><div class='avia_textblock  '   itemprop=\"text\" ><p style=\"text-align: center;\"><span style=\"font-size: 18pt;\"><b>En su visita a la regi\u00f3n Subsecretario de Telecomunicaciones anuncia que todas las comunas de Chile continental estar\u00e1n conectadas con fibra \u00f3ptica<\/b><\/span><\/p>\n<div id=\"gtx-trans\" style=\"position: absolute; left: -50px; top: 4.31534px;\">\n<div class=\"gtx-trans-icon\"><\/div>\n<\/div>\n<\/div><\/section><\/div><div class=\"flex_column av_one_full  flex_column_div av-zero-column-padding first  avia-builder-el-4  el_after_av_one_full  el_before_av_hr  column-top-margin\" style='border-radius:0px; '><section class=\"av_textblock_section \"  itemscope=\"itemscope\" itemtype=\"https:\/\/schema.org\/BlogPosting\" itemprop=\"blogPost\" ><div class='avia_textblock  '   itemprop=\"text\" ><p style=\"font-weight: 400; text-align: justify;\">En su visita a la regi\u00f3n de Ays\u00e9n, el subsecretario de Telecomunicaciones, Claudio Araya, junto al seremi de Transportes y Telecomunicaciones, Hans Zimmermann anunciaron el proyecto Hogares Digitales de Subtel que beneficiar\u00e1 a m\u00e1s de 3 mil habitantes de la regi\u00f3n, en una reuni\u00f3n con la Gobernadora Regional, Andrea Mac\u00edas.<\/p>\n<p style=\"font-weight: 400; text-align: justify;\">La iniciativa impulsada y financiada por Subtel (Hogares Digitales) tiene como objetivo dotar de servicios de Internet fijo, a trav\u00e9s de tecnolog\u00eda de fibra \u00f3ptica, a aquellas localidades que hoy no cuentan en una oferta comercial. De esta manera, en la regi\u00f3n de Ays\u00e9n se ver\u00e1n beneficiadas localidades de las comunas de Lago Verde, Las Guaitecas (Melinka), Coyhaique, Tortel y Chile Chico.<\/p>\n<p style=\"font-weight: 400; text-align: justify;\">\u201cEl Presidente Boric nos ha entregado dos mandatos, estar en terreno y mejorar la calidad de vida de las personas. Y hoy estamos en la regi\u00f3n de Ays\u00e9n, visitando Ra\u00fal Mar\u00edn Balmaceda, una localidad alejada en la comuna de Cisnes, inaugurando un proyecto del Estado en materia de conectividad digital, como es Fibra \u00d3ptica Complejos Fronterizos, pero tambi\u00e9n hemos anunciando una nueva iniciativa que dotar\u00e1 de servicios de fibra \u00f3ptica a cinco comunas de la regi\u00f3n, donde dos de ellas (Lago Verde y Las Guaitecas) por primera vez tendr\u00e1n este tipo de servicios. Estamos rompiendo con el aislamiento de m\u00e1s de 3 mil personas a trav\u00e9s de la conectividad digital, mejorando as\u00ed su calidad de vida\u201d, se\u00f1al\u00f3 el subsecretario de Telecomunicaciones, Claudio Araya.<\/p>\n<p style=\"font-weight: 400; text-align: justify;\">El seremiTT Hans Zimmermann agreg\u00f3 que \u201cel proyecto Hogares Digitales representa un avance sustantivo en la conectividad para la Regi\u00f3n de Ays\u00e9n. A trav\u00e9s de este proyecto, financiado por el Fondo de Desarrollo de las Telecomunicaciones, conectaremos a las comunas de Lago Verde, y Las Guaitecas, y adem\u00e1s se suma la comuna de O&#8217;Higgins a trav\u00e9s de un proyecto financiado por el gobierno regional y su consejo. Con esto estamos dando un paso important\u00edsimo en acortar la brecha digital en la regi\u00f3n de Ays\u00e9n y conectar a cientos de hogares en nuestra comuna para asegurar el acceso al Internet y a las telecomunicaciones de los habitantes de nuestra regi\u00f3n y, en definitiva, permitir la posibilidad de que los ni\u00f1os, ni\u00f1as, j\u00f3venes, adolescentes y adultos que viven en nuestro territorio tengan los mismos derechos de acceso a la informaci\u00f3n, al conocimiento, a la educaci\u00f3n, a la entretenci\u00f3n y el ocio, y todas las bondades que entregan hoy d\u00eda las telecomunicaciones.\u201d<\/p>\n<p style=\"font-weight: 400; text-align: justify;\">Actualmente Villa O\u2019Higgins y Lago Verde son las \u00faltimas comunas de Chile continental que no cuentan con servicios de fibra \u00f3ptica. Sin embargo, a trav\u00e9s de una iniciativa impulsada por Subtel y el Gobierno Regional, anunciada durante el 2023, se proyecta llegar con fibra \u00f3ptica a la comuna de Villa O\u2019Higgins. Junto a eso, con el proyecto Hogares Digitales de Subtel, tambi\u00e9n se conectar\u00e1 con esta tecnolog\u00eda la comuna de Lago Verde, lo que significa que para el 2026 todas las comunas de Chile continental contar\u00e1n con redes de fibra \u00f3ptica.<\/p>\n<p style=\"font-weight: 400; text-align: justify;\"><strong>Inauguraci\u00f3n proyecto Fibra \u00d3ptica Complejos Fronterizos<\/strong><\/p>\n<p style=\"font-weight: 400; text-align: justify;\">A su vez, el subsecretario de Telecomunicaciones, Claudio Araya, particip\u00f3 en el hito de inauguraci\u00f3n de la infraestructura habilitante para dar servicios de conectividad digital a la localidad de Ra\u00fal Mar\u00edn Balmaceda en la comuna de Cisnes, en el marco del proyecto Fibra \u00d3ptica Complejos Fronterizos &#8211; Zona Sur, adjudicado a la empresa Telsur.<\/p>\n<\/div><\/section><\/div><div  style='height:50px' class='hr hr-invisible   avia-builder-el-6  el_after_av_one_full  el_before_av_social_share '><span class='hr-inner ' ><span class='hr-inner-style'><\/span><\/span><\/div><\/p>\n<div  class='av-social-sharing-box  avia-builder-el-7  el_after_av_hr  el_before_av_hr  '><div class='av-share-box'><h5 class='av-share-link-description av-no-toc '>Compartir esta noticia<\/h5><ul class='av-share-box-list noLightbox'><li class='av-share-link av-social-link-facebook' ><a target=\"_blank\" aria-label=\"Compartir en Facebook\" href='https:\/\/www.facebook.com\/sharer.php?u=https:\/\/radiorevelacionfm.cl\/?p=42525&#038;t=En%20su%20visita%20a%20la%20regi%C3%B3n%20Subsecretario%20de%20Telecomunicaciones%20anuncia%20que%20todas%20las%20comunas%20de%20Chile%20continental%20estar%C3%A1n%20conectadas%20con%20fibra%20%C3%B3ptica' aria-hidden='false' data-av_icon='\ue8f3' data-av_iconfont='entypo-fontello' title='' data-avia-related-tooltip='Compartir en Facebook' rel=\"noopener\"><span class='avia_hidden_link_text'>Compartir en Facebook<\/span><\/a><\/li><li class='av-share-link av-social-link-twitter' ><a target=\"_blank\" aria-label=\"Compartir en Twitter\" href='https:\/\/twitter.com\/share?text=En%20su%20visita%20a%20la%20regi%C3%B3n%20Subsecretario%20de%20Telecomunicaciones%20anuncia%20que%20todas%20las%20comunas%20de%20Chile%20continental%20estar%C3%A1n%20conectadas%20con%20fibra%20%C3%B3ptica&#038;url=https:\/\/radiorevelacionfm.cl\/?p=42525' aria-hidden='false' data-av_icon='\ue8f1' data-av_iconfont='entypo-fontello' title='' data-avia-related-tooltip='Compartir en Twitter' rel=\"noopener\"><span class='avia_hidden_link_text'>Compartir en Twitter<\/span><\/a><\/li><li class='av-share-link av-social-link-whatsapp' ><a target=\"_blank\" aria-label=\"Compartir en Whatsapp\" href='https:\/\/api.whatsapp.com\/send?text=https:\/\/radiorevelacionfm.cl\/?p=42525' aria-hidden='false' data-av_icon='\uf232' data-av_iconfont='entypo-fontello' title='' data-avia-related-tooltip='Compartir en Whatsapp' rel=\"noopener\"><span class='avia_hidden_link_text'>Compartir en Whatsapp<\/span><\/a><\/li><li class='av-share-link av-social-link-linkedin' ><a target=\"_blank\" aria-label=\"Compartir en LinkedIn\" href='https:\/\/linkedin.com\/shareArticle?mini=true&#038;title=En%20su%20visita%20a%20la%20regi%C3%B3n%20Subsecretario%20de%20Telecomunicaciones%20anuncia%20que%20todas%20las%20comunas%20de%20Chile%20continental%20estar%C3%A1n%20conectadas%20con%20fibra%20%C3%B3ptica&#038;url=https:\/\/radiorevelacionfm.cl\/?p=42525' aria-hidden='false' data-av_icon='\ue8fc' data-av_iconfont='entypo-fontello' title='' data-avia-related-tooltip='Compartir en LinkedIn' rel=\"noopener\"><span class='avia_hidden_link_text'>Compartir en LinkedIn<\/span><\/a><\/li><li class='av-share-link av-social-link-mail' ><a  aria-label=\"Compartir por correo\" href='mailto:?subject=En%20su%20visita%20a%20la%20regi%C3%B3n%20Subsecretario%20de%20Telecomunicaciones%20anuncia%20que%20todas%20las%20comunas%20de%20Chile%20continental%20estar%C3%A1n%20conectadas%20con%20fibra%20%C3%B3ptica&#038;body=https:\/\/radiorevelacionfm.cl\/?p=42525' aria-hidden='false' data-av_icon='\ue805' data-av_iconfont='entypo-fontello' title='' data-avia-related-tooltip='Compartir por correo'><span class='avia_hidden_link_text'>Compartir por correo<\/span><\/a><\/li><\/ul><\/div><\/div>\n<div  style='height:50px' class='hr hr-invisible   avia-builder-el-8  el_after_av_social_share  el_before_av_comments_list '><span class='hr-inner ' ><span class='hr-inner-style'><\/span><\/span><\/div>\n<div  class='av-buildercomment  av-blog-meta-html-info-disabled av-blog-meta-tag-disabled  '><\/div>\n","protected":false},"excerpt":{"rendered":"","protected":false},"author":1,"featured_media":42526,"comment_status":"open","ping_status":"open","sticky":false,"template":"","format":"standard","meta":{"footnotes":""},"categories":[59],"tags":[],"class_list":["post-42525","post","type-post","status-publish","format-standard","has-post-thumbnail","hentry","category-transporte"],"jetpack_featured_media_url":"https:\/\/radiorevelacionfm.cl\/wp-content\/uploads\/2024\/05\/Comunicado-Subtel-1-1-1.jpg","_links":{"self":[{"href":"https:\/\/radiorevelacionfm.cl\/index.php?rest_route=\/wp\/v2\/posts\/42525","targetHints":{"allow":["GET"]}}],"collection":[{"href":"https:\/\/radiorevelacionfm.cl\/index.php?rest_route=\/wp\/v2\/posts"}],"about":[{"href":"https:\/\/radiorevelacionfm.cl\/index.php?rest_route=\/wp\/v2\/types\/post"}],"author":[{"embeddable":true,"href":"https:\/\/radiorevelacionfm.cl\/index.php?rest_route=\/wp\/v2\/users\/1"}],"replies":[{"embeddable":true,"href":"https:\/\/radiorevelacionfm.cl\/index.php?rest_route=%2Fwp%2Fv2%2Fcomments&post=42525"}],"version-history":[{"count":1,"href":"https:\/\/radiorevelacionfm.cl\/index.php?rest_route=\/wp\/v2\/posts\/42525\/revisions"}],"predecessor-version":[{"id":42527,"href":"https:\/\/radiorevelacionfm.cl\/index.php?rest_route=\/wp\/v2\/posts\/42525\/revisions\/42527"}],"wp:featuredmedia":[{"embeddable":true,"href":"https:\/\/radiorevelacionfm.cl\/index.php?rest_route=\/wp\/v2\/media\/42526"}],"wp:attachment":[{"href":"https:\/\/radiorevelacionfm.cl\/index.php?rest_route=%2Fwp%2Fv2%2Fmedia&parent=42525"}],"wp:term":[{"taxonomy":"category","embeddable":true,"href":"https:\/\/radiorevelacionfm.cl\/index.php?rest_route=%2Fwp%2Fv2%2Fcategories&post=42525"},{"taxonomy":"post_tag","embeddable":true,"href":"https:\/\/radiorevelacionfm.cl\/index.php?rest_route=%2Fwp%2Fv2%2Ftags&post=42525"}],"curies":[{"name":"wp","href":"https:\/\/api.w.org\/{rel}","templated":true}]}}