{"id":42519,"date":"2024-05-27T12:30:31","date_gmt":"2024-05-27T15:30:31","guid":{"rendered":"https:\/\/radiorevelacionfm.cl\/?p=42519"},"modified":"2024-05-27T12:30:31","modified_gmt":"2024-05-27T15:30:31","slug":"dia-del-patrimonio-corte-de-coyhaique-entrega-expediente-del-teniente-hernan-merino-correa-a-museo-regional-de-aysen","status":"publish","type":"post","link":"https:\/\/radiorevelacionfm.cl\/?p=42519","title":{"rendered":"D\u00eda del Patrimonio: Corte de Coyhaique entrega expediente del teniente Hern\u00e1n Merino Correa a Museo Regional de Ays\u00e9n"},"content":{"rendered":"<div class=\"flex_column av_one_full  flex_column_div av-zero-column-padding first  avia-builder-el-0  el_before_av_one_full  avia-builder-el-first  \" style='border-radius:0px; '><div  class='avia-image-container  av-styling-    avia-builder-el-1  avia-builder-el-no-sibling  avia-align-center '  itemprop=\"image\" itemscope=\"itemscope\" itemtype=\"https:\/\/schema.org\/ImageObject\"  ><div class='avia-image-container-inner'><div class='avia-image-overlay-wrap'><img decoding=\"async\" class='wp-image-42520 avia-img-lazy-loading-not-42520 avia_image' src=\"https:\/\/radiorevelacionfm.cl\/wp-content\/uploads\/2024\/05\/Foto-visitas-2-1-1.jpg\" alt='' title='Foto visitas 2 (1) (1)' height=\"600\" width=\"1067\"  itemprop=\"thumbnailUrl\" srcset=\"https:\/\/radiorevelacionfm.cl\/wp-content\/uploads\/2024\/05\/Foto-visitas-2-1-1.jpg 1067w, https:\/\/radiorevelacionfm.cl\/wp-content\/uploads\/2024\/05\/Foto-visitas-2-1-1-300x169.jpg 300w, https:\/\/radiorevelacionfm.cl\/wp-content\/uploads\/2024\/05\/Foto-visitas-2-1-1-1030x579.jpg 1030w, https:\/\/radiorevelacionfm.cl\/wp-content\/uploads\/2024\/05\/Foto-visitas-2-1-1-768x432.jpg 768w, https:\/\/radiorevelacionfm.cl\/wp-content\/uploads\/2024\/05\/Foto-visitas-2-1-1-705x396.jpg 705w, https:\/\/radiorevelacionfm.cl\/wp-content\/uploads\/2024\/05\/Foto-visitas-2-1-1-450x253.jpg 450w, https:\/\/radiorevelacionfm.cl\/wp-content\/uploads\/2024\/05\/Foto-visitas-2-1-1-600x337.jpg 600w\" sizes=\"(max-width: 1067px) 100vw, 1067px\" \/><\/div><\/div><\/div><\/div><div class=\"flex_column av_one_full  flex_column_div av-zero-column-padding first  avia-builder-el-2  el_after_av_one_full  el_before_av_one_full  column-top-margin\" style='border-radius:0px; '><section class=\"av_textblock_section \"  itemscope=\"itemscope\" itemtype=\"https:\/\/schema.org\/BlogPosting\" itemprop=\"blogPost\" ><div class='avia_textblock  '   itemprop=\"text\" ><p style=\"text-align: center;\"><span style=\"font-size: 18pt;\"><b><span lang=\"ES-TRAD\">D\u00eda del Patrimonio: Corte de Coyhaique entrega expediente del teniente Hern\u00e1n Merino Correa a Museo Regional de Ays\u00e9n<\/span><\/b><\/span><\/p>\n<div id=\"gtx-trans\" style=\"position: absolute; left: -50px; top: 4.31534px;\">\n<div class=\"gtx-trans-icon\"><\/div>\n<\/div>\n<\/div><\/section><\/div><div class=\"flex_column av_one_full  flex_column_div av-zero-column-padding first  avia-builder-el-4  el_after_av_one_full  el_before_av_hr  column-top-margin\" style='border-radius:0px; '><section class=\"av_textblock_section \"  itemscope=\"itemscope\" itemtype=\"https:\/\/schema.org\/BlogPosting\" itemprop=\"blogPost\" ><div class='avia_textblock  '   itemprop=\"text\" ><p class=\"v1MsoNormal\" style=\"text-align: justify;\"><span lang=\"ES-TRAD\">Con la entrega al Museo Regional de una copia del expediente del teniente de Carabineros, Hern\u00e1n Merino Correa, que contiene su fallecimiento y posesi\u00f3n efectiva, y con la exposici\u00f3n fotogr\u00e1fica: \u00abCoyhaique Antiguo\u00bb, la Corte de Apelaciones dio el vamos al D\u00eda de los Patrimonios a\u00f1o 2024.<\/span><\/p>\n<p class=\"v1MsoNormal\" style=\"text-align: justify;\"><span lang=\"ES-TRAD\">La actividad -desarrollada el s\u00e1bado 25 de mayo-, cont\u00f3 con la visita de familias que recorrieron el tribunal de alzada coyhaiquino, conociendo la sala de alegatos, oficinas y la biblioteca.<\/span><img width=\"1\" height=\"1\" \/><\/p>\n<p class=\"v1MsoNormal\" style=\"text-align: justify;\"><span lang=\"ES-TRAD\">Junto con ello, fue la instancia para hacer entrega de hist\u00f3rica documentaci\u00f3n al Museo Regional de Ays\u00e9n, que contempla los expedientes digitalizados del fallecimiento del teniente de Carabineros Hern\u00e1n Merino Correa, en la zona de Villa O\u00b4Higgins y su respectiva posesi\u00f3n efectiva, que tiene su origen en el Juzgado de Letras de Chile Chico. Asimismo, se entreg\u00f3 un extracto de un documental de car\u00e1cter p\u00fablico con entrevistas a pobladores que conocieron a este m\u00e1rtir de Carabineros de Chile.<\/span><\/p>\n<p class=\"v1MsoNormal\" style=\"text-align: justify;\">Al respecto, el presidente de la Corte de Apelaciones, ministro Luis Aedo Mora, sostuvo que: \u00abpara nosotros es un privilegio poder contribuir a la cultura local a trav\u00e9s de un documento que es hist\u00f3rico, que proviene obviamente de nuestros expedientes ligados al fallecimiento y posesi\u00f3n efectiva del teniente Hern\u00e1n Merino Correa, quien es un personaje, por cierto, que es parte de la soberan\u00eda que se ha ejercido en esta regi\u00f3n desde hace muchas d\u00e9cadas atr\u00e1s\u00bb.<\/p>\n<p class=\"v1MsoNormal\" style=\"text-align: justify;\">En tanto, Gustavo Saldivia, director del Museo Regional, expres\u00f3 que: \u00abentre la historia y la leyenda del teniente Hern\u00e1n Merino Correa, es un tema que da para bastante en la regi\u00f3n de Ays\u00e9n, hay unos hechos concretos, como lo que se narran en este expediente, que tampoco est\u00e1 exento de historias y mitos. Entonces, el contar con expedientes m\u00e1s completos, que en este caso es de la justicia, por supuesto que lo valoramos mucho. Tambi\u00e9n valoramos que la Corte, nuevamente est\u00e9 presente en el D\u00eda de los Patrimonios, en este hito nacional y vaya haciendo cada vez m\u00e1s ciudadanos los espacios\u00bb.<\/p>\n<p class=\"v1MsoNormal\" style=\"text-align: justify;\"><b>Exposici\u00f3n<\/b><\/p>\n<p class=\"v1MsoNormal\" style=\"text-align: justify;\"><span lang=\"ES\">Con el objetivo de mantener el v\u00ednculo con la comunidad a trav\u00e9s de la cultura, la Corte de Apelaciones mantendr\u00e1 la exposici\u00f3n \u00abCoyhaique antiguo\u00bb, de la autora Patricia Carrasco, hasta el pr\u00f3ximo s\u00e1bado 8 de junio, en horario de lunes a viernes de 08:00 a 14:00 horas y los s\u00e1bados de 09:00 a 12:00 horas.\u00a0<\/span><\/p>\n<\/div><\/section><\/div><div  style='height:50px' class='hr hr-invisible   avia-builder-el-6  el_after_av_one_full  el_before_av_social_share '><span class='hr-inner ' ><span class='hr-inner-style'><\/span><\/span><\/div><\/p>\n<div  class='av-social-sharing-box  avia-builder-el-7  el_after_av_hr  el_before_av_hr  '><div class='av-share-box'><h5 class='av-share-link-description av-no-toc '>Compartir esta noticia<\/h5><ul class='av-share-box-list noLightbox'><li class='av-share-link av-social-link-facebook' ><a target=\"_blank\" aria-label=\"Compartir en Facebook\" href='https:\/\/www.facebook.com\/sharer.php?u=https:\/\/radiorevelacionfm.cl\/?p=42519&#038;t=D%C3%ADa%20del%20Patrimonio%3A%20Corte%20de%20Coyhaique%20entrega%20expediente%20del%20teniente%20Hern%C3%A1n%20Merino%20Correa%20a%20Museo%20Regional%20de%20Ays%C3%A9n' aria-hidden='false' data-av_icon='\ue8f3' data-av_iconfont='entypo-fontello' title='' data-avia-related-tooltip='Compartir en Facebook' rel=\"noopener\"><span class='avia_hidden_link_text'>Compartir en Facebook<\/span><\/a><\/li><li class='av-share-link av-social-link-twitter' ><a target=\"_blank\" aria-label=\"Compartir en Twitter\" href='https:\/\/twitter.com\/share?text=D%C3%ADa%20del%20Patrimonio%3A%20Corte%20de%20Coyhaique%20entrega%20expediente%20del%20teniente%20Hern%C3%A1n%20Merino%20Correa%20a%20Museo%20Regional%20de%20Ays%C3%A9n&#038;url=https:\/\/radiorevelacionfm.cl\/?p=42519' aria-hidden='false' data-av_icon='\ue8f1' data-av_iconfont='entypo-fontello' title='' data-avia-related-tooltip='Compartir en Twitter' rel=\"noopener\"><span class='avia_hidden_link_text'>Compartir en Twitter<\/span><\/a><\/li><li class='av-share-link av-social-link-whatsapp' ><a target=\"_blank\" aria-label=\"Compartir en Whatsapp\" href='https:\/\/api.whatsapp.com\/send?text=https:\/\/radiorevelacionfm.cl\/?p=42519' aria-hidden='false' data-av_icon='\uf232' data-av_iconfont='entypo-fontello' title='' data-avia-related-tooltip='Compartir en Whatsapp' rel=\"noopener\"><span class='avia_hidden_link_text'>Compartir en Whatsapp<\/span><\/a><\/li><li class='av-share-link av-social-link-linkedin' ><a target=\"_blank\" aria-label=\"Compartir en LinkedIn\" href='https:\/\/linkedin.com\/shareArticle?mini=true&#038;title=D%C3%ADa%20del%20Patrimonio%3A%20Corte%20de%20Coyhaique%20entrega%20expediente%20del%20teniente%20Hern%C3%A1n%20Merino%20Correa%20a%20Museo%20Regional%20de%20Ays%C3%A9n&#038;url=https:\/\/radiorevelacionfm.cl\/?p=42519' aria-hidden='false' data-av_icon='\ue8fc' data-av_iconfont='entypo-fontello' title='' data-avia-related-tooltip='Compartir en LinkedIn' rel=\"noopener\"><span class='avia_hidden_link_text'>Compartir en LinkedIn<\/span><\/a><\/li><li class='av-share-link av-social-link-mail' ><a  aria-label=\"Compartir por correo\" href='mailto:?subject=D%C3%ADa%20del%20Patrimonio%3A%20Corte%20de%20Coyhaique%20entrega%20expediente%20del%20teniente%20Hern%C3%A1n%20Merino%20Correa%20a%20Museo%20Regional%20de%20Ays%C3%A9n&#038;body=https:\/\/radiorevelacionfm.cl\/?p=42519' aria-hidden='false' data-av_icon='\ue805' data-av_iconfont='entypo-fontello' title='' data-avia-related-tooltip='Compartir por correo'><span class='avia_hidden_link_text'>Compartir por correo<\/span><\/a><\/li><\/ul><\/div><\/div>\n<div  style='height:50px' class='hr hr-invisible   avia-builder-el-8  el_after_av_social_share  el_before_av_comments_list '><span class='hr-inner ' ><span class='hr-inner-style'><\/span><\/span><\/div>\n<div  class='av-buildercomment  av-blog-meta-html-info-disabled av-blog-meta-tag-disabled  '><\/div>\n","protected":false},"excerpt":{"rendered":"","protected":false},"author":1,"featured_media":42520,"comment_status":"open","ping_status":"open","sticky":false,"template":"","format":"standard","meta":{"footnotes":""},"categories":[38],"tags":[],"class_list":["post-42519","post","type-post","status-publish","format-standard","has-post-thumbnail","hentry","category-regional"],"jetpack_featured_media_url":"https:\/\/radiorevelacionfm.cl\/wp-content\/uploads\/2024\/05\/Foto-visitas-2-1-1.jpg","_links":{"self":[{"href":"https:\/\/radiorevelacionfm.cl\/index.php?rest_route=\/wp\/v2\/posts\/42519","targetHints":{"allow":["GET"]}}],"collection":[{"href":"https:\/\/radiorevelacionfm.cl\/index.php?rest_route=\/wp\/v2\/posts"}],"about":[{"href":"https:\/\/radiorevelacionfm.cl\/index.php?rest_route=\/wp\/v2\/types\/post"}],"author":[{"embeddable":true,"href":"https:\/\/radiorevelacionfm.cl\/index.php?rest_route=\/wp\/v2\/users\/1"}],"replies":[{"embeddable":true,"href":"https:\/\/radiorevelacionfm.cl\/index.php?rest_route=%2Fwp%2Fv2%2Fcomments&post=42519"}],"version-history":[{"count":1,"href":"https:\/\/radiorevelacionfm.cl\/index.php?rest_route=\/wp\/v2\/posts\/42519\/revisions"}],"predecessor-version":[{"id":42521,"href":"https:\/\/radiorevelacionfm.cl\/index.php?rest_route=\/wp\/v2\/posts\/42519\/revisions\/42521"}],"wp:featuredmedia":[{"embeddable":true,"href":"https:\/\/radiorevelacionfm.cl\/index.php?rest_route=\/wp\/v2\/media\/42520"}],"wp:attachment":[{"href":"https:\/\/radiorevelacionfm.cl\/index.php?rest_route=%2Fwp%2Fv2%2Fmedia&parent=42519"}],"wp:term":[{"taxonomy":"category","embeddable":true,"href":"https:\/\/radiorevelacionfm.cl\/index.php?rest_route=%2Fwp%2Fv2%2Fcategories&post=42519"},{"taxonomy":"post_tag","embeddable":true,"href":"https:\/\/radiorevelacionfm.cl\/index.php?rest_route=%2Fwp%2Fv2%2Ftags&post=42519"}],"curies":[{"name":"wp","href":"https:\/\/api.w.org\/{rel}","templated":true}]}}