{"id":42516,"date":"2024-05-26T23:19:16","date_gmt":"2024-05-27T02:19:16","guid":{"rendered":"https:\/\/radiorevelacionfm.cl\/?p=42516"},"modified":"2024-05-26T23:19:16","modified_gmt":"2024-05-27T02:19:16","slug":"despues-de-15-anos-de-espera-autoridades-y-familias-de-coyhaique-celebran-inicio-de-obras-preliminares-en-terrenos-de-la-chacra-g","status":"publish","type":"post","link":"https:\/\/radiorevelacionfm.cl\/?p=42516","title":{"rendered":"Despu\u00e9s de 15 a\u00f1os de espera autoridades y familias de Coyhaique celebran inicio de obras preliminares en terrenos de la Chacra G"},"content":{"rendered":"<div class=\"flex_column av_one_full  flex_column_div av-zero-column-padding first  avia-builder-el-0  el_before_av_one_full  avia-builder-el-first  \" style='border-radius:0px; '><div  class='avia-image-container  av-styling-    avia-builder-el-1  avia-builder-el-no-sibling  avia-align-center '  itemprop=\"image\" itemscope=\"itemscope\" itemtype=\"https:\/\/schema.org\/ImageObject\"  ><div class='avia-image-container-inner'><div class='avia-image-overlay-wrap'><img decoding=\"async\" class='wp-image-42517 avia-img-lazy-loading-not-42517 avia_image' src=\"https:\/\/radiorevelacionfm.cl\/wp-content\/uploads\/2024\/05\/foto-autoridades-empresas-dirigentes-y-familias-en-terreno-chacra-g-de-ciyhaque-1_optimized.jpg\" alt='' title='foto-autoridades,-empresas,-dirigentes-y-familias-en-terreno-chacra-g-de-ciyhaque-(1)_optimized' height=\"600\" width=\"800\"  itemprop=\"thumbnailUrl\" srcset=\"https:\/\/radiorevelacionfm.cl\/wp-content\/uploads\/2024\/05\/foto-autoridades-empresas-dirigentes-y-familias-en-terreno-chacra-g-de-ciyhaque-1_optimized.jpg 800w, https:\/\/radiorevelacionfm.cl\/wp-content\/uploads\/2024\/05\/foto-autoridades-empresas-dirigentes-y-familias-en-terreno-chacra-g-de-ciyhaque-1_optimized-300x225.jpg 300w, https:\/\/radiorevelacionfm.cl\/wp-content\/uploads\/2024\/05\/foto-autoridades-empresas-dirigentes-y-familias-en-terreno-chacra-g-de-ciyhaque-1_optimized-768x576.jpg 768w, https:\/\/radiorevelacionfm.cl\/wp-content\/uploads\/2024\/05\/foto-autoridades-empresas-dirigentes-y-familias-en-terreno-chacra-g-de-ciyhaque-1_optimized-705x529.jpg 705w, https:\/\/radiorevelacionfm.cl\/wp-content\/uploads\/2024\/05\/foto-autoridades-empresas-dirigentes-y-familias-en-terreno-chacra-g-de-ciyhaque-1_optimized-450x338.jpg 450w, https:\/\/radiorevelacionfm.cl\/wp-content\/uploads\/2024\/05\/foto-autoridades-empresas-dirigentes-y-familias-en-terreno-chacra-g-de-ciyhaque-1_optimized-600x450.jpg 600w\" sizes=\"(max-width: 800px) 100vw, 800px\" \/><\/div><\/div><\/div><\/div><div class=\"flex_column av_one_full  flex_column_div av-zero-column-padding first  avia-builder-el-2  el_after_av_one_full  el_before_av_one_full  column-top-margin\" style='border-radius:0px; '><section class=\"av_textblock_section \"  itemscope=\"itemscope\" itemtype=\"https:\/\/schema.org\/BlogPosting\" itemprop=\"blogPost\" ><div class='avia_textblock  '   itemprop=\"text\" ><p style=\"text-align: center;\"><span style=\"font-size: 18pt;\"><strong>Despu\u00e9s de 15 a\u00f1os de espera autoridades y familias de Coyhaique celebran inicio de obras preliminares en terrenos de la Chacra G<\/strong><\/span><\/p>\n<div id=\"gtx-trans\" style=\"position: absolute; left: -50px; top: 4.31534px;\">\n<div class=\"gtx-trans-icon\"><\/div>\n<\/div>\n<\/div><\/section><\/div><div class=\"flex_column av_one_full  flex_column_div av-zero-column-padding first  avia-builder-el-4  el_after_av_one_full  el_before_av_hr  column-top-margin\" style='border-radius:0px; '><section class=\"av_textblock_section \"  itemscope=\"itemscope\" itemtype=\"https:\/\/schema.org\/BlogPosting\" itemprop=\"blogPost\" ><div class='avia_textblock  '   itemprop=\"text\" ><p style=\"text-align: justify;\">Ni las bajas temperaturas de los \u00faltimos d\u00edas pudieron opacar el ambiente de alegr\u00eda y satisfacci\u00f3n que se vivi\u00f3 el pasado viernes en los terrenos de la denominada \u201cChacra G\u201d de Coyhaique, donde autoridades, dirigentes y vecinos celebraron el hist\u00f3rico inicio de obras preliminares del proyecto habitacional m\u00e1s grande en la historia de la regi\u00f3n de Ays\u00e9n. Era un momento esperado con ansias por m\u00e1s de mil 200 familias de Coyhaique, muchas de la cuales vienen trabajando desde hace m\u00e1s de 15 a\u00f1os para concretar la construcci\u00f3n de sus casas y departamentos en este amplio sector ubicado en el l\u00edmite este de la ciudad, a unos dos kil\u00f3metros por el camino hacia el sector Cerro Negro.<\/p>\n<p style=\"text-align: justify;\">Cabe precisar que estas primeras intervenciones, centradas principalmente en el cierre perimetral y la instalaci\u00f3n de faenas, buscan generar las condiciones para que m\u00e1s adelante el Serviu pueda hacer entrega oficial de terreno a las empresas Xinta y Entre R\u00edos limitada, para partir con la esperada ejecuci\u00f3n de los proyectos de macro infraestructura y en paralelo, el de construcci\u00f3n de las primeras 237 viviendas para los cuatro primeros comit\u00e9s del mega proyecto: Caminando por Coyhaique, Ventisqueros, Adonay y Chicos de la Patagonia.<\/p>\n<p style=\"text-align: justify;\">Acompa\u00f1ada de dirigentes, autoridades y familias, la Seremi de Vivienda, Paulina Ruz, expres\u00f3 su satisfacci\u00f3n de vivir este momento tan especial y tan esperado por la comunidad. \u201cPara nosotros este es un d\u00eda hist\u00f3rico en la regi\u00f3n de Ays\u00e9n. El proyecto Chacra G es el m\u00e1s ambicioso que tenemos como Ministerio de Vivienda y Urbanismo, data de muchos a\u00f1os y hoy podemos decir que despu\u00e9s de un mes desde que entregamos 237 certificados de subsidio, vamos a comenzar con las obras preliminares, que radica en la instalaci\u00f3n de faenas, para que por fin podamos dar cuerpo a lo que va a ser m\u00e1s adelante la construcci\u00f3n de las viviendas para m\u00e1s de mil 200 familias de la ciudad de Coyhaique\u201d, precis\u00f3.<\/p>\n<p style=\"text-align: justify;\">Similares palabras expres\u00f3 el Delegado Presidencial Regional, Rodrigo Araya, indicando que para el Gobierno es un hito tremendamente relevante. \u201cNos sumamos a la alegr\u00eda de las familias que est\u00e1n aqu\u00ed, que est\u00e1n acompa\u00f1ando este hito, porque pudimos hacer una serie de tr\u00e1mites, de gestiones, para llegar a este punto. Pudimos adelantar procesos, pudimos llegar a acuerdos, pudimos lograr el financiamiento del Ministerio de Vivienda. Aqu\u00ed recuerden que hay un compromiso financiero tanto del sector como del Gobierno Regional, donde se da tambi\u00e9n un hito que es \u00fanico en la historia, que combinar\u00e1 la habilitaci\u00f3n de la macroinfraestructura con la construcci\u00f3n de viviendas, algo que sin duda permitir\u00e1 adelantar los procesos\u201d, manifest\u00f3.<\/p>\n<p style=\"text-align: justify;\">En ese contexto, explic\u00f3 el Director del Serviu, V\u00edctor Contreras, que las obras de macro urbanizaci\u00f3n contemplan la construcci\u00f3n de las v\u00edas principales del lote G1, como tambi\u00e9n las matrices de agua potable, colectores de alcantarillado, electrificaci\u00f3n y alumbrado p\u00fablico, pavimentaci\u00f3n y habilitaci\u00f3n de terrenos para conformar las macro manzanas donde se emplazar\u00e1n los loteos de los comit\u00e9s de vivienda. \u201cSi bien las obras preliminares permiten tener las condiciones para que las personas puedan trabajar ac\u00e1, eso ya da un puntapi\u00e9 inicial que queremos marque un hito para adelante. Hemos tenido colaboraci\u00f3n no solo del municipio, sino que de todos los entes que participan en ello. Aprovecho de agradecer a las empresas que est\u00e1n aqu\u00ed, que hacen posible este hito, pero que tambi\u00e9n est\u00e1n comprometidas en avanzar en el otro sector, lo que permitir\u00e1 habilitar varias v\u00edas que se conecten hacia calle Campos de Hielo, para dar la conectividad a las familias que van a vivir aqu\u00ed\u201d, indic\u00f3.<\/p>\n<p style=\"text-align: justify;\">Sin duda las m\u00e1s felices eran las dirigentas de los primeros comit\u00e9s que ya en los pr\u00f3ximos meses podr\u00e1n ver en proceso de construcci\u00f3n sus a\u00f1oradas casas. \u201cYo solamente quiero decir que estamos muy, muy agradecidos por lo que est\u00e1 pasando ahora, porque son a\u00f1os de espera y bueno, estamos representando a muchas personas ac\u00e1 y lo bueno es que estamos dando pie para que vengan los otros comit\u00e9s, que de hecho yo creo que van a salir m\u00e1s r\u00e1pido que este. Aparte sabemos que igual ac\u00e1 vamos a tener todo en bloque, consultorio, todo cerca, supermercado. Es como otro Coyhaique nuevo que se est\u00e1 formando, entonces estoy muy contenta y s\u00e9 que mi comit\u00e9 igual, Los Chilcos tambi\u00e9n, as\u00ed que agradecida de todo\u201d, afirm\u00f3 Regina Pe\u00f1a, dirigente del Comit\u00e9 Adonay.<\/p>\n<p style=\"text-align: justify;\">Similares palabras tuvo Roxana Vargas, otra de las dirigentas que no deja de destacar lo importante que es este momento para las familias. \u201cNo solo es una felicidad m\u00eda, yo creo que de todos los comit\u00e9s que est\u00e1n aqu\u00ed y de todas las personas que van a tener una casa, porque es algo muy importante para nosotros. Esperamos a\u00f1os, a\u00f1os esperando este hito tan importante y estamos felices. Yo creo que represento a todas las chicas de todo el comit\u00e9, a las abuelitas que tenemos, a las personas que se han ido esperando su casa y nada, estoy feliz\u201d, manifest\u00f3.<\/p>\n<p style=\"text-align: justify;\">Las primeras 237 viviendas del lote G1 son financiadas por el MINVU a trav\u00e9s del Plan de Emergencia Habitacional del Gobierno, con una inversi\u00f3n total de 32 mil millones de pesos, aproximadamente, a los que se suma el ahorro de las familias. Las obras de macro infraestructura, en tanto, empiezan con una inversi\u00f3n que supera los 19 mil millones de pesos, 17 mil millones aportados por el Minvu y otros 2 mil provenientes del Gobierno Regional de Ays\u00e9n.<\/p>\n<p style=\"text-align: justify;\">Finalmente, todos los actores presentes coincidieron en valorar el inicio de obras preliminares en la Chacra G, ya que adem\u00e1s de generar puestos de trabajo e incentivo a la econom\u00eda local, generar\u00e1 las condiciones t\u00e9cnicas para dar continuidad a un segundo gran proyecto, el de la Chacra G 2, que pretende albergar la soluci\u00f3n habitacional para otras mil familias m\u00e1s en los pr\u00f3ximos a\u00f1os.<\/p>\n<\/div><\/section><\/div><div  style='height:50px' class='hr hr-invisible   avia-builder-el-6  el_after_av_one_full  el_before_av_social_share '><span class='hr-inner ' ><span class='hr-inner-style'><\/span><\/span><\/div><\/p>\n<div  class='av-social-sharing-box  avia-builder-el-7  el_after_av_hr  el_before_av_hr  '><div class='av-share-box'><h5 class='av-share-link-description av-no-toc '>Compartir esta noticia<\/h5><ul class='av-share-box-list noLightbox'><li class='av-share-link av-social-link-facebook' ><a target=\"_blank\" aria-label=\"Compartir en Facebook\" href='https:\/\/www.facebook.com\/sharer.php?u=https:\/\/radiorevelacionfm.cl\/?p=42516&#038;t=Despu%C3%A9s%20de%2015%20a%C3%B1os%20de%20espera%20autoridades%20y%20familias%20de%20Coyhaique%20celebran%20inicio%20de%20obras%20preliminares%20en%20terrenos%20de%20la%20Chacra%20G' aria-hidden='false' data-av_icon='\ue8f3' data-av_iconfont='entypo-fontello' title='' data-avia-related-tooltip='Compartir en Facebook' rel=\"noopener\"><span class='avia_hidden_link_text'>Compartir en Facebook<\/span><\/a><\/li><li class='av-share-link av-social-link-twitter' ><a target=\"_blank\" aria-label=\"Compartir en Twitter\" href='https:\/\/twitter.com\/share?text=Despu%C3%A9s%20de%2015%20a%C3%B1os%20de%20espera%20autoridades%20y%20familias%20de%20Coyhaique%20celebran%20inicio%20de%20obras%20preliminares%20en%20terrenos%20de%20la%20Chacra%20G&#038;url=https:\/\/radiorevelacionfm.cl\/?p=42516' aria-hidden='false' data-av_icon='\ue8f1' data-av_iconfont='entypo-fontello' title='' data-avia-related-tooltip='Compartir en Twitter' rel=\"noopener\"><span class='avia_hidden_link_text'>Compartir en Twitter<\/span><\/a><\/li><li class='av-share-link av-social-link-whatsapp' ><a target=\"_blank\" aria-label=\"Compartir en Whatsapp\" href='https:\/\/api.whatsapp.com\/send?text=https:\/\/radiorevelacionfm.cl\/?p=42516' aria-hidden='false' data-av_icon='\uf232' data-av_iconfont='entypo-fontello' title='' data-avia-related-tooltip='Compartir en Whatsapp' rel=\"noopener\"><span class='avia_hidden_link_text'>Compartir en Whatsapp<\/span><\/a><\/li><li class='av-share-link av-social-link-linkedin' ><a target=\"_blank\" aria-label=\"Compartir en LinkedIn\" href='https:\/\/linkedin.com\/shareArticle?mini=true&#038;title=Despu%C3%A9s%20de%2015%20a%C3%B1os%20de%20espera%20autoridades%20y%20familias%20de%20Coyhaique%20celebran%20inicio%20de%20obras%20preliminares%20en%20terrenos%20de%20la%20Chacra%20G&#038;url=https:\/\/radiorevelacionfm.cl\/?p=42516' aria-hidden='false' data-av_icon='\ue8fc' data-av_iconfont='entypo-fontello' title='' data-avia-related-tooltip='Compartir en LinkedIn' rel=\"noopener\"><span class='avia_hidden_link_text'>Compartir en LinkedIn<\/span><\/a><\/li><li class='av-share-link av-social-link-mail' ><a  aria-label=\"Compartir por correo\" href='mailto:?subject=Despu%C3%A9s%20de%2015%20a%C3%B1os%20de%20espera%20autoridades%20y%20familias%20de%20Coyhaique%20celebran%20inicio%20de%20obras%20preliminares%20en%20terrenos%20de%20la%20Chacra%20G&#038;body=https:\/\/radiorevelacionfm.cl\/?p=42516' aria-hidden='false' data-av_icon='\ue805' data-av_iconfont='entypo-fontello' title='' data-avia-related-tooltip='Compartir por correo'><span class='avia_hidden_link_text'>Compartir por correo<\/span><\/a><\/li><\/ul><\/div><\/div>\n<div  style='height:50px' class='hr hr-invisible   avia-builder-el-8  el_after_av_social_share  el_before_av_comments_list '><span class='hr-inner ' ><span class='hr-inner-style'><\/span><\/span><\/div>\n<div  class='av-buildercomment  av-blog-meta-html-info-disabled av-blog-meta-tag-disabled  '><\/div>\n","protected":false},"excerpt":{"rendered":"","protected":false},"author":1,"featured_media":42517,"comment_status":"open","ping_status":"open","sticky":false,"template":"","format":"standard","meta":{"footnotes":""},"categories":[57],"tags":[],"class_list":["post-42516","post","type-post","status-publish","format-standard","has-post-thumbnail","hentry","category-vivienda"],"jetpack_featured_media_url":"https:\/\/radiorevelacionfm.cl\/wp-content\/uploads\/2024\/05\/foto-autoridades-empresas-dirigentes-y-familias-en-terreno-chacra-g-de-ciyhaque-1_optimized.jpg","_links":{"self":[{"href":"https:\/\/radiorevelacionfm.cl\/index.php?rest_route=\/wp\/v2\/posts\/42516","targetHints":{"allow":["GET"]}}],"collection":[{"href":"https:\/\/radiorevelacionfm.cl\/index.php?rest_route=\/wp\/v2\/posts"}],"about":[{"href":"https:\/\/radiorevelacionfm.cl\/index.php?rest_route=\/wp\/v2\/types\/post"}],"author":[{"embeddable":true,"href":"https:\/\/radiorevelacionfm.cl\/index.php?rest_route=\/wp\/v2\/users\/1"}],"replies":[{"embeddable":true,"href":"https:\/\/radiorevelacionfm.cl\/index.php?rest_route=%2Fwp%2Fv2%2Fcomments&post=42516"}],"version-history":[{"count":1,"href":"https:\/\/radiorevelacionfm.cl\/index.php?rest_route=\/wp\/v2\/posts\/42516\/revisions"}],"predecessor-version":[{"id":42518,"href":"https:\/\/radiorevelacionfm.cl\/index.php?rest_route=\/wp\/v2\/posts\/42516\/revisions\/42518"}],"wp:featuredmedia":[{"embeddable":true,"href":"https:\/\/radiorevelacionfm.cl\/index.php?rest_route=\/wp\/v2\/media\/42517"}],"wp:attachment":[{"href":"https:\/\/radiorevelacionfm.cl\/index.php?rest_route=%2Fwp%2Fv2%2Fmedia&parent=42516"}],"wp:term":[{"taxonomy":"category","embeddable":true,"href":"https:\/\/radiorevelacionfm.cl\/index.php?rest_route=%2Fwp%2Fv2%2Fcategories&post=42516"},{"taxonomy":"post_tag","embeddable":true,"href":"https:\/\/radiorevelacionfm.cl\/index.php?rest_route=%2Fwp%2Fv2%2Ftags&post=42516"}],"curies":[{"name":"wp","href":"https:\/\/api.w.org\/{rel}","templated":true}]}}